{"id":1324,"date":"2020-07-22T02:49:32","date_gmt":"2020-07-22T00:49:32","guid":{"rendered":"https:\/\/kidshouse.cz\/?p=1324"},"modified":"2020-07-22T02:49:33","modified_gmt":"2020-07-22T00:49:33","slug":"kam-s-detmi-o-prazdninach-v-praze-na-strechu-libenske-galerie-harfa","status":"publish","type":"post","link":"https:\/\/kidshouse.cz\/index.php\/2020\/07\/22\/kam-s-detmi-o-prazdninach-v-praze-na-strechu-libenske-galerie-harfa\/","title":{"rendered":"Kam s d\u011btmi o pr\u00e1zdnin\u00e1ch v Praze? Na st\u0159echu libe\u0148sk\u00e9 Galerie Harfa!"},"content":{"rendered":"\n<p><strong>Ka\u017edoro\u010dn\u00ed probl\u00e9m, jak b\u011bhem pr\u00e1zdnin zabavit d\u011bti v metropoli, letos \u0159e\u0161\u00ed L\u00e9to na st\u0159e\u0161e. Do nov\u00e9ho multifunk\u010dn\u00edho prostoru na st\u0159e\u0161e Galerie Harfa v\u00a0Praze \u2013 Libni toti\u017e v\u00a0\u010dervenci a srpnu m\u00ed\u0159\u00ed Michal Nesvadba, Majda z Kouzeln\u00e9 \u0161kolky, Maxim Turbulenc a dal\u0161\u00ed obl\u00edbenci d\u011bt\u00ed. Terasy Harfa jsou m\u00edstem zasl\u00edben\u00fdm z\u00e1bav\u011b pro v\u0161echny generace, v\u00fdte\u010dn\u00e9mu j\u00eddlu a pit\u00ed, jeho\u017e n\u00e1v\u0161t\u011bvu nav\u00edc m\u016f\u017eete spojit s\u00a0n\u00e1kupy a dal\u0161\u00edmi praktick\u00fdmi z\u00e1le\u017eitostmi.<\/strong><\/p>\n\n\n\n<figure class=\"wp-block-image size-large\"><img loading=\"lazy\" decoding=\"async\" width=\"1000\" height=\"666\" src=\"https:\/\/kidshouse.cz\/wp-content\/uploads\/2020\/07\/Terasy-Harfa_d\u011bti.jpg\" alt=\"\" class=\"wp-image-1328\" srcset=\"https:\/\/kidshouse.cz\/wp-content\/uploads\/2020\/07\/Terasy-Harfa_d\u011bti.jpg 1000w, https:\/\/kidshouse.cz\/wp-content\/uploads\/2020\/07\/Terasy-Harfa_d\u011bti-300x200.jpg 300w, https:\/\/kidshouse.cz\/wp-content\/uploads\/2020\/07\/Terasy-Harfa_d\u011bti-768x511.jpg 768w\" sizes=\"(max-width: 1000px) 100vw, 1000px\" \/><\/figure>\n\n\n\n<p>Pr\u00e1zdninov\u00fd program <strong>L\u00e9to na st\u0159e\u0161e <\/strong>je v\u00a0pln\u00e9m proudu. V\u00fater\u00fd <strong>21. \u010dervence<\/strong> Michal Nesvadba d\u011btem naserv\u00edruje legra\u010dn\u00ed pokrmy \u2013 z\u00e1bavn\u00e9 a z\u00e1rove\u0148 pou\u010dn\u00e9 p\u0159edstaven\u00ed <strong>Michal k sn\u00eddani<\/strong> za\u010dne v 17 hodin. Obl\u00edben\u00e1 dvojka <strong>My\u0161 &amp; Ma\u0161<\/strong> s\u00a0p\u00edsni\u010dkami, tancov\u00e1n\u00edm, zp\u00edv\u00e1n\u00edm a sout\u011b\u017eemi to na st\u0159e\u0161e Harfy rozjede <strong>26. \u010dervence<\/strong> od 16 hodin. Hned n\u00e1sleduj\u00edc\u00ed den <strong>27. \u010dervence<\/strong> je vyst\u0159\u00edd\u00e1 Jen\u00ed\u010dek, Ma\u0159enka a dal\u0161\u00ed hrdinov\u00e9 <strong>Pern\u00edkov\u00e9 chaloupky<\/strong> v\u00a0loutkov\u00e9 poh\u00e1dce divadla Zuzany Fricov\u00e9. Dan\u00edk, Ajfel a Timi \u2013 v\u0161ichni t\u0159i \u010dlenov\u00e9 skupiny <strong>Maxim Turbulenc<\/strong> p\u0159ijdou v ned\u011bli <strong>2. srpna<\/strong> od 16 hodin zahr\u00e1t a zazp\u00edvat Jede jede ma\u0161inka, Pol\u00e1mal se mravene\u010dek, Slun\u00ed\u010dko a dal\u0161\u00ed hity v diskot\u00e9kov\u00fdch aran\u017e\u00edch. Here\u010dku, zp\u011bva\u010dku a moder\u00e1torku Magdalenu Reifovou d\u011bti dob\u0159e znaj\u00ed z po\u0159adu \u010cesk\u00e9 televize Kouzeln\u00e1 \u0161kolka, osobn\u011b se s\u00a0n\u00ed mohou setkat v ned\u011bli <strong>9. srpna<\/strong> od 16 hodin v\u00a0r\u00e1mci <strong>Odpoledne s\u00a0Majdou<\/strong>. Parta \u201eusmrk\u00e1nk\u016f\u201c z Divadla rozmanitost\u00ed v Most\u011b zahraje pro v\u0161echny mal\u00e9 i velk\u00e9 \u201esmrk\u00e1\u010de\u201c na koncert\u011b <strong>Nedloubej se v\u00a0nose<\/strong> v ned\u011bli <strong>23. srpna<\/strong> od 16 hodin. Konec pr\u00e1zdnin d\u011btem v ned\u011bli <strong>30. srpna<\/strong> od 16 hodin zp\u0159\u00edjemn\u00ed d\u00edv\u010d\u00ed skupina <strong>Lollipopz<\/strong>, kter\u00e1 m\u00e1 sv\u016fj vlastn\u00ed po\u0159ad na Youtube s n\u00e1zvem Lollym\u00e1nie.<\/p>\n\n\n\n<figure class=\"wp-block-image size-large\"><img loading=\"lazy\" decoding=\"async\" width=\"1000\" height=\"666\" src=\"https:\/\/kidshouse.cz\/wp-content\/uploads\/2020\/07\/Terasy-Harfa_d\u011bti-1.jpg\" alt=\"\" class=\"wp-image-1327\" srcset=\"https:\/\/kidshouse.cz\/wp-content\/uploads\/2020\/07\/Terasy-Harfa_d\u011bti-1.jpg 1000w, https:\/\/kidshouse.cz\/wp-content\/uploads\/2020\/07\/Terasy-Harfa_d\u011bti-1-300x200.jpg 300w, https:\/\/kidshouse.cz\/wp-content\/uploads\/2020\/07\/Terasy-Harfa_d\u011bti-1-768x511.jpg 768w\" sizes=\"(max-width: 1000px) 100vw, 1000px\" \/><\/figure>\n\n\n\n<p>A rodi\u010de? Tak\u00e9 na n\u011b \u010dek\u00e1 na <strong>Teras\u00e1ch Harfa<\/strong> atraktivn\u00ed sestava host\u016f <strong>L\u00e9ta na st\u0159e\u0161e<\/strong>: rockov\u00e1 legenda <strong>Kamil St\u0159ihavka<\/strong> s kapelou The Leaders (20. 7., 19.30), p\u00edsni\u010dk\u00e1\u0159 <strong>Franti\u0161ek Nedv\u011bd<\/strong> (22. 7., 19.00),skupina <strong>Pangea \u2013 The Beatles Revival Band<\/strong> (23. 7., 19.00),m\u00f3dn\u00ed n\u00e1vrh\u00e1\u0159ka <strong>Josefina Bako\u0161ov\u00e1<\/strong> s here\u010dkou <strong>Ester Geislerovou<\/strong> (28. 7., 19.00), skupiny <strong>ABBA CZ<\/strong> (29. 7., 19.00) a <strong>Yo Yo Band<\/strong> (30. 7., 19.00).<\/p>\n\n\n\n<figure class=\"wp-block-image size-large\"><img loading=\"lazy\" decoding=\"async\" width=\"1000\" height=\"666\" src=\"https:\/\/kidshouse.cz\/wp-content\/uploads\/2020\/07\/Terasy-Harfa_d\u011btsk\u00e9-h\u0159i\u0161t\u011b.jpg\" alt=\"\" class=\"wp-image-1329\" srcset=\"https:\/\/kidshouse.cz\/wp-content\/uploads\/2020\/07\/Terasy-Harfa_d\u011btsk\u00e9-h\u0159i\u0161t\u011b.jpg 1000w, https:\/\/kidshouse.cz\/wp-content\/uploads\/2020\/07\/Terasy-Harfa_d\u011btsk\u00e9-h\u0159i\u0161t\u011b-300x200.jpg 300w, https:\/\/kidshouse.cz\/wp-content\/uploads\/2020\/07\/Terasy-Harfa_d\u011btsk\u00e9-h\u0159i\u0161t\u011b-768x511.jpg 768w\" sizes=\"(max-width: 1000px) 100vw, 1000px\" \/><\/figure>\n\n\n\n<p>Na <strong>Teras\u00e1ch Harfa <\/strong>si pod otev\u0159en\u00fdm nebem spole\u010dn\u011b s\u00a0d\u011btmi vychutn\u00e1te nejen kulturn\u00ed z\u00e1\u017eitky, ale tak\u00e9 speciality z cel\u00e9ho sv\u011bta. Sou\u010d\u00e1st\u00ed <strong>nov\u00e9ho street food konceptu<\/strong> jsou renomovan\u00e9 restaurace a pop-ups: <strong>Funny Fries<\/strong> s holandsk\u00fdmi hranolkami v\u00a0kombinaci s \u010derstv\u00fdmi dom\u00e1c\u00edmi om\u00e1\u010dkami. Vyhl\u00e1\u0161en\u00fd koktejlov\u00fd bar <strong>Le Valmont<\/strong>. <strong>Soup2go<\/strong> se zdrav\u00fdmi vegetari\u00e1nsk\u00fdmi pol\u00e9vkami v jedl\u00e9m chlebov\u00e9m kel\u00edmku. <strong>Regal Burger<\/strong> s\u00a0delik\u00e1tn\u00edmi burgery, hot dogy a p\u00e1rky v\u00a0rohl\u00edku v\u00fdhradn\u011b z\u00a0\u010derstv\u00fdch surovin. <strong>La Patrona <\/strong>reprezentuje 100% autentickou mexickou kuchyni v jednoduch\u00e9m street-food stylu. <strong>K8 Coffee<\/strong> s\u00a0tou nejlep\u0161\u00ed k\u00e1vou a zmrzlinou a tak\u00e9 s\u00a0unik\u00e1tn\u00ed k\u00e1vou v kornoutku neboli \u201ccoffee in a cone\u201d. <strong>GRILL GRILL<\/strong> l\u00e1k\u00e1 na letn\u00ed st\u0159edozemn\u00ed chut\u011b \u2013 od tradi\u010dn\u00ed pljeskavice p\u0159es pov\u011bstn\u00e9 balk\u00e1nsk\u00e9 sal\u00e1ty a\u017e po m\u00e9n\u011b zn\u00e1m\u00e9 italsk\u00e9 Arrosticini.<\/p>\n\n\n\n<figure class=\"wp-block-image size-large\"><img loading=\"lazy\" decoding=\"async\" width=\"1000\" height=\"666\" src=\"https:\/\/kidshouse.cz\/wp-content\/uploads\/2020\/07\/Terasy-Harfa_streetfood-corner.jpg\" alt=\"\" class=\"wp-image-1330\" srcset=\"https:\/\/kidshouse.cz\/wp-content\/uploads\/2020\/07\/Terasy-Harfa_streetfood-corner.jpg 1000w, https:\/\/kidshouse.cz\/wp-content\/uploads\/2020\/07\/Terasy-Harfa_streetfood-corner-300x200.jpg 300w, https:\/\/kidshouse.cz\/wp-content\/uploads\/2020\/07\/Terasy-Harfa_streetfood-corner-768x511.jpg 768w\" sizes=\"(max-width: 1000px) 100vw, 1000px\" \/><\/figure>\n\n\n\n<p>V\u00a0obchodn\u00edm centru <strong>Galerie Harfa<\/strong> jsou k\u00a0dispozici prodejny mnoha zna\u010dek, tak\u017ee na jednom m\u00edst\u011b m\u016f\u017eete rovnou po\u0159\u00eddit tak\u00e9 pot\u0159ebn\u00e9 vybaven\u00ed pro d\u011bti, a\u0165 u\u017e na pr\u00e1zdniny nebo na nov\u00fd \u0161koln\u00ed rok. T\u0159eba kvalitn\u00ed d\u011btsk\u00e9 boty nab\u00edz\u00ed DEICHMAN, CCC, BA\u0164A, Solo Mio, odoln\u00e9 oble\u010den\u00ed pro mal\u00e9 sportovce najdete v Intersportu, Alpin Pro \u010di A3 sportu.<\/p>\n\n\n\n<div style=\"height:20px\" aria-hidden=\"true\" class=\"wp-block-spacer\"><\/div>\n\n\n\n<figure class=\"wp-block-gallery columns-2 is-cropped wp-block-gallery-1 is-layout-flex wp-block-gallery-is-layout-flex\"><ul class=\"blocks-gallery-grid\"><li class=\"blocks-gallery-item\"><figure><img loading=\"lazy\" decoding=\"async\" width=\"1000\" height=\"666\" src=\"https:\/\/kidshouse.cz\/wp-content\/uploads\/2020\/07\/Terasy-Harfa_d\u011bti-1.jpg\" alt=\"\" data-id=\"1327\" data-full-url=\"https:\/\/kidshouse.cz\/wp-content\/uploads\/2020\/07\/Terasy-Harfa_d\u011bti-1.jpg\" data-link=\"https:\/\/kidshouse.cz\/?attachment_id=1327\" class=\"wp-image-1327\" srcset=\"https:\/\/kidshouse.cz\/wp-content\/uploads\/2020\/07\/Terasy-Harfa_d\u011bti-1.jpg 1000w, https:\/\/kidshouse.cz\/wp-content\/uploads\/2020\/07\/Terasy-Harfa_d\u011bti-1-300x200.jpg 300w, https:\/\/kidshouse.cz\/wp-content\/uploads\/2020\/07\/Terasy-Harfa_d\u011bti-1-768x511.jpg 768w\" sizes=\"(max-width: 1000px) 100vw, 1000px\" \/><\/figure><\/li><li class=\"blocks-gallery-item\"><figure><img loading=\"lazy\" decoding=\"async\" width=\"1000\" height=\"666\" src=\"https:\/\/kidshouse.cz\/wp-content\/uploads\/2020\/07\/Terasy-Harfa_d\u011bti.jpg\" alt=\"\" data-id=\"1328\" data-full-url=\"https:\/\/kidshouse.cz\/wp-content\/uploads\/2020\/07\/Terasy-Harfa_d\u011bti.jpg\" data-link=\"https:\/\/kidshouse.cz\/?attachment_id=1328\" class=\"wp-image-1328\" srcset=\"https:\/\/kidshouse.cz\/wp-content\/uploads\/2020\/07\/Terasy-Harfa_d\u011bti.jpg 1000w, https:\/\/kidshouse.cz\/wp-content\/uploads\/2020\/07\/Terasy-Harfa_d\u011bti-300x200.jpg 300w, https:\/\/kidshouse.cz\/wp-content\/uploads\/2020\/07\/Terasy-Harfa_d\u011bti-768x511.jpg 768w\" sizes=\"(max-width: 1000px) 100vw, 1000px\" \/><\/figure><\/li><li class=\"blocks-gallery-item\"><figure><img loading=\"lazy\" decoding=\"async\" width=\"1000\" height=\"666\" src=\"https:\/\/kidshouse.cz\/wp-content\/uploads\/2020\/07\/Terasy-Harfa_d\u011btsk\u00e9-h\u0159i\u0161t\u011b.jpg\" alt=\"\" data-id=\"1329\" data-full-url=\"https:\/\/kidshouse.cz\/wp-content\/uploads\/2020\/07\/Terasy-Harfa_d\u011btsk\u00e9-h\u0159i\u0161t\u011b.jpg\" data-link=\"https:\/\/kidshouse.cz\/?attachment_id=1329\" class=\"wp-image-1329\" srcset=\"https:\/\/kidshouse.cz\/wp-content\/uploads\/2020\/07\/Terasy-Harfa_d\u011btsk\u00e9-h\u0159i\u0161t\u011b.jpg 1000w, https:\/\/kidshouse.cz\/wp-content\/uploads\/2020\/07\/Terasy-Harfa_d\u011btsk\u00e9-h\u0159i\u0161t\u011b-300x200.jpg 300w, https:\/\/kidshouse.cz\/wp-content\/uploads\/2020\/07\/Terasy-Harfa_d\u011btsk\u00e9-h\u0159i\u0161t\u011b-768x511.jpg 768w\" sizes=\"(max-width: 1000px) 100vw, 1000px\" \/><\/figure><\/li><li class=\"blocks-gallery-item\"><figure><img loading=\"lazy\" decoding=\"async\" width=\"1000\" height=\"666\" src=\"https:\/\/kidshouse.cz\/wp-content\/uploads\/2020\/07\/Terasy-Harfa-1.jpg\" alt=\"\" data-id=\"1325\" data-full-url=\"https:\/\/kidshouse.cz\/wp-content\/uploads\/2020\/07\/Terasy-Harfa-1.jpg\" data-link=\"https:\/\/kidshouse.cz\/?attachment_id=1325\" class=\"wp-image-1325\" srcset=\"https:\/\/kidshouse.cz\/wp-content\/uploads\/2020\/07\/Terasy-Harfa-1.jpg 1000w, https:\/\/kidshouse.cz\/wp-content\/uploads\/2020\/07\/Terasy-Harfa-1-300x200.jpg 300w, https:\/\/kidshouse.cz\/wp-content\/uploads\/2020\/07\/Terasy-Harfa-1-768x511.jpg 768w\" sizes=\"(max-width: 1000px) 100vw, 1000px\" \/><\/figure><\/li><li class=\"blocks-gallery-item\"><figure><img loading=\"lazy\" decoding=\"async\" width=\"1000\" height=\"666\" src=\"https:\/\/kidshouse.cz\/wp-content\/uploads\/2020\/07\/Terasy-Harfa_streetfood-corner.jpg\" alt=\"\" data-id=\"1330\" data-full-url=\"https:\/\/kidshouse.cz\/wp-content\/uploads\/2020\/07\/Terasy-Harfa_streetfood-corner.jpg\" data-link=\"https:\/\/kidshouse.cz\/?attachment_id=1330\" class=\"wp-image-1330\" srcset=\"https:\/\/kidshouse.cz\/wp-content\/uploads\/2020\/07\/Terasy-Harfa_streetfood-corner.jpg 1000w, https:\/\/kidshouse.cz\/wp-content\/uploads\/2020\/07\/Terasy-Harfa_streetfood-corner-300x200.jpg 300w, https:\/\/kidshouse.cz\/wp-content\/uploads\/2020\/07\/Terasy-Harfa_streetfood-corner-768x511.jpg 768w\" sizes=\"(max-width: 1000px) 100vw, 1000px\" \/><\/figure><\/li><li class=\"blocks-gallery-item\"><figure><img loading=\"lazy\" decoding=\"async\" width=\"1000\" height=\"666\" src=\"https:\/\/kidshouse.cz\/wp-content\/uploads\/2020\/07\/Terasy-Harfa.jpg\" alt=\"\" data-id=\"1326\" data-full-url=\"https:\/\/kidshouse.cz\/wp-content\/uploads\/2020\/07\/Terasy-Harfa.jpg\" data-link=\"https:\/\/kidshouse.cz\/?attachment_id=1326\" class=\"wp-image-1326\" srcset=\"https:\/\/kidshouse.cz\/wp-content\/uploads\/2020\/07\/Terasy-Harfa.jpg 1000w, https:\/\/kidshouse.cz\/wp-content\/uploads\/2020\/07\/Terasy-Harfa-300x200.jpg 300w, https:\/\/kidshouse.cz\/wp-content\/uploads\/2020\/07\/Terasy-Harfa-768x511.jpg 768w\" sizes=\"(max-width: 1000px) 100vw, 1000px\" \/><\/figure><\/li><\/ul><\/figure>\n\n\n\n<div style=\"height:20px\" aria-hidden=\"true\" class=\"wp-block-spacer\"><\/div>\n","protected":false},"excerpt":{"rendered":"<p>Ka\u017edoro\u010dn\u00ed probl\u00e9m, jak b\u011bhem pr\u00e1zdnin zabavit d\u011bti v metropoli, letos \u0159e\u0161\u00ed L\u00e9to na st\u0159e\u0161e. Do nov\u00e9ho multifunk\u010dn\u00edho prostoru na st\u0159e\u0161e Galerie Harfa v\u00a0Praze \u2013 Libni toti\u017e v\u00a0\u010dervenci a srpnu m\u00ed\u0159\u00ed Michal Nesvadba, Majda z&#46;&#46;&#46;<\/p>\n","protected":false},"author":4,"featured_media":1328,"comment_status":"closed","ping_status":"closed","sticky":false,"template":"","format":"standard","meta":{"_monsterinsights_skip_tracking":false,"_monsterinsights_sitenote_active":false,"_monsterinsights_sitenote_note":"","_monsterinsights_sitenote_category":0,"footnotes":""},"categories":[17,2,9],"tags":[],"yoast_head":"<!-- This site is optimized with the Yoast SEO plugin v21.5 - https:\/\/yoast.com\/wordpress\/plugins\/seo\/ -->\n<title>Kam s d\u011btmi o pr\u00e1zdnin\u00e1ch v Praze? Na st\u0159echu libe\u0148sk\u00e9 Galerie Harfa! - KIDSHOUSE.cz<\/title>\n<meta name=\"robots\" content=\"index, follow, max-snippet:-1, max-image-preview:large, max-video-preview:-1\" \/>\n<link rel=\"canonical\" href=\"https:\/\/kidshouse.cz\/index.php\/2020\/07\/22\/kam-s-detmi-o-prazdninach-v-praze-na-strechu-libenske-galerie-harfa\/\" \/>\n<meta property=\"og:locale\" content=\"cs_CZ\" \/>\n<meta property=\"og:type\" content=\"article\" \/>\n<meta property=\"og:title\" content=\"Kam s d\u011btmi o pr\u00e1zdnin\u00e1ch v Praze? Na st\u0159echu libe\u0148sk\u00e9 Galerie Harfa! - KIDSHOUSE.cz\" \/>\n<meta property=\"og:description\" content=\"Ka\u017edoro\u010dn\u00ed probl\u00e9m, jak b\u011bhem pr\u00e1zdnin zabavit d\u011bti v metropoli, letos \u0159e\u0161\u00ed L\u00e9to na st\u0159e\u0161e. Do nov\u00e9ho multifunk\u010dn\u00edho prostoru na st\u0159e\u0161e Galerie Harfa v\u00a0Praze \u2013 Libni toti\u017e v\u00a0\u010dervenci a srpnu m\u00ed\u0159\u00ed Michal Nesvadba, Majda z&#046;&#046;&#046;\" \/>\n<meta property=\"og:url\" content=\"https:\/\/kidshouse.cz\/index.php\/2020\/07\/22\/kam-s-detmi-o-prazdninach-v-praze-na-strechu-libenske-galerie-harfa\/\" \/>\n<meta property=\"og:site_name\" content=\"KIDSHOUSE.cz\" \/>\n<meta property=\"article:published_time\" content=\"2020-07-22T00:49:32+00:00\" \/>\n<meta property=\"article:modified_time\" content=\"2020-07-22T00:49:33+00:00\" \/>\n<meta property=\"og:image\" content=\"https:\/\/kidshouse.cz\/wp-content\/uploads\/2020\/07\/Terasy-Harfa_d\u011bti.jpg\" \/>\n\t<meta property=\"og:image:width\" content=\"1000\" \/>\n\t<meta property=\"og:image:height\" content=\"666\" \/>\n\t<meta property=\"og:image:type\" content=\"image\/jpeg\" \/>\n<meta name=\"author\" content=\"Miroslav Van\u011bk\" \/>\n<meta name=\"twitter:card\" content=\"summary_large_image\" \/>\n<meta name=\"twitter:label1\" content=\"Napsal(a)\" \/>\n\t<meta name=\"twitter:data1\" content=\"Miroslav Van\u011bk\" \/>\n\t<meta name=\"twitter:label2\" content=\"Odhadovan\u00e1 doba \u010dten\u00ed\" \/>\n\t<meta name=\"twitter:data2\" content=\"3 minuty\" \/>\n<script type=\"application\/ld+json\" class=\"yoast-schema-graph\">{\"@context\":\"https:\/\/schema.org\",\"@graph\":[{\"@type\":\"Article\",\"@id\":\"https:\/\/kidshouse.cz\/index.php\/2020\/07\/22\/kam-s-detmi-o-prazdninach-v-praze-na-strechu-libenske-galerie-harfa\/#article\",\"isPartOf\":{\"@id\":\"https:\/\/kidshouse.cz\/index.php\/2020\/07\/22\/kam-s-detmi-o-prazdninach-v-praze-na-strechu-libenske-galerie-harfa\/\"},\"author\":{\"name\":\"Miroslav Van\u011bk\",\"@id\":\"https:\/\/kidshouse.cz\/#\/schema\/person\/daaa50008d3a1f439c626dc9e1242ef2\"},\"headline\":\"Kam s d\u011btmi o pr\u00e1zdnin\u00e1ch v Praze? Na st\u0159echu libe\u0148sk\u00e9 Galerie Harfa!\",\"datePublished\":\"2020-07-22T00:49:32+00:00\",\"dateModified\":\"2020-07-22T00:49:33+00:00\",\"mainEntityOfPage\":{\"@id\":\"https:\/\/kidshouse.cz\/index.php\/2020\/07\/22\/kam-s-detmi-o-prazdninach-v-praze-na-strechu-libenske-galerie-harfa\/\"},\"wordCount\":659,\"publisher\":{\"@id\":\"https:\/\/kidshouse.cz\/#organization\"},\"articleSection\":[\"AKCE\",\"NEWS\",\"TIPY\"],\"inLanguage\":\"cs\"},{\"@type\":\"WebPage\",\"@id\":\"https:\/\/kidshouse.cz\/index.php\/2020\/07\/22\/kam-s-detmi-o-prazdninach-v-praze-na-strechu-libenske-galerie-harfa\/\",\"url\":\"https:\/\/kidshouse.cz\/index.php\/2020\/07\/22\/kam-s-detmi-o-prazdninach-v-praze-na-strechu-libenske-galerie-harfa\/\",\"name\":\"Kam s d\u011btmi o pr\u00e1zdnin\u00e1ch v Praze? Na st\u0159echu libe\u0148sk\u00e9 Galerie Harfa! - KIDSHOUSE.cz\",\"isPartOf\":{\"@id\":\"https:\/\/kidshouse.cz\/#website\"},\"datePublished\":\"2020-07-22T00:49:32+00:00\",\"dateModified\":\"2020-07-22T00:49:33+00:00\",\"breadcrumb\":{\"@id\":\"https:\/\/kidshouse.cz\/index.php\/2020\/07\/22\/kam-s-detmi-o-prazdninach-v-praze-na-strechu-libenske-galerie-harfa\/#breadcrumb\"},\"inLanguage\":\"cs\",\"potentialAction\":[{\"@type\":\"ReadAction\",\"target\":[\"https:\/\/kidshouse.cz\/index.php\/2020\/07\/22\/kam-s-detmi-o-prazdninach-v-praze-na-strechu-libenske-galerie-harfa\/\"]}]},{\"@type\":\"BreadcrumbList\",\"@id\":\"https:\/\/kidshouse.cz\/index.php\/2020\/07\/22\/kam-s-detmi-o-prazdninach-v-praze-na-strechu-libenske-galerie-harfa\/#breadcrumb\",\"itemListElement\":[{\"@type\":\"ListItem\",\"position\":1,\"name\":\"Dom\u016f\",\"item\":\"https:\/\/kidshouse.cz\/\"},{\"@type\":\"ListItem\",\"position\":2,\"name\":\"Kam s d\u011btmi o pr\u00e1zdnin\u00e1ch v Praze? Na st\u0159echu libe\u0148sk\u00e9 Galerie Harfa!\"}]},{\"@type\":\"WebSite\",\"@id\":\"https:\/\/kidshouse.cz\/#website\",\"url\":\"https:\/\/kidshouse.cz\/\",\"name\":\"KIDSHOUSE.cz\",\"description\":\"Port\u00e1l pro d\u011bti a jejich rodi\u010de...\",\"publisher\":{\"@id\":\"https:\/\/kidshouse.cz\/#organization\"},\"potentialAction\":[{\"@type\":\"SearchAction\",\"target\":{\"@type\":\"EntryPoint\",\"urlTemplate\":\"https:\/\/kidshouse.cz\/?s={search_term_string}\"},\"query-input\":\"required name=search_term_string\"}],\"inLanguage\":\"cs\"},{\"@type\":\"Organization\",\"@id\":\"https:\/\/kidshouse.cz\/#organization\",\"name\":\"KIDSHOUSE.cz\",\"url\":\"https:\/\/kidshouse.cz\/\",\"logo\":{\"@type\":\"ImageObject\",\"inLanguage\":\"cs\",\"@id\":\"https:\/\/kidshouse.cz\/#\/schema\/logo\/image\/\",\"url\":\"https:\/\/kidshouse.cz\/wp-content\/uploads\/2020\/06\/Logo_KIDSHOUSE_2.jpg\",\"contentUrl\":\"https:\/\/kidshouse.cz\/wp-content\/uploads\/2020\/06\/Logo_KIDSHOUSE_2.jpg\",\"width\":996,\"height\":357,\"caption\":\"KIDSHOUSE.cz\"},\"image\":{\"@id\":\"https:\/\/kidshouse.cz\/#\/schema\/logo\/image\/\"}},{\"@type\":\"Person\",\"@id\":\"https:\/\/kidshouse.cz\/#\/schema\/person\/daaa50008d3a1f439c626dc9e1242ef2\",\"name\":\"Miroslav Van\u011bk\",\"image\":{\"@type\":\"ImageObject\",\"inLanguage\":\"cs\",\"@id\":\"https:\/\/kidshouse.cz\/#\/schema\/person\/image\/\",\"url\":\"https:\/\/secure.gravatar.com\/avatar\/cc93dbecbfc820d69a964ea4a1c72377?s=96&d=mm&r=g\",\"contentUrl\":\"https:\/\/secure.gravatar.com\/avatar\/cc93dbecbfc820d69a964ea4a1c72377?s=96&d=mm&r=g\",\"caption\":\"Miroslav Van\u011bk\"},\"sameAs\":[\"http:\/\/www.kidshouse.cz\"],\"url\":\"https:\/\/kidshouse.cz\/index.php\/author\/mirvan\/\"}]}<\/script>\n<!-- \/ Yoast SEO plugin. -->","yoast_head_json":{"title":"Kam s d\u011btmi o pr\u00e1zdnin\u00e1ch v Praze? Na st\u0159echu libe\u0148sk\u00e9 Galerie Harfa! - KIDSHOUSE.cz","robots":{"index":"index","follow":"follow","max-snippet":"max-snippet:-1","max-image-preview":"max-image-preview:large","max-video-preview":"max-video-preview:-1"},"canonical":"https:\/\/kidshouse.cz\/index.php\/2020\/07\/22\/kam-s-detmi-o-prazdninach-v-praze-na-strechu-libenske-galerie-harfa\/","og_locale":"cs_CZ","og_type":"article","og_title":"Kam s d\u011btmi o pr\u00e1zdnin\u00e1ch v Praze? Na st\u0159echu libe\u0148sk\u00e9 Galerie Harfa! - KIDSHOUSE.cz","og_description":"Ka\u017edoro\u010dn\u00ed probl\u00e9m, jak b\u011bhem pr\u00e1zdnin zabavit d\u011bti v metropoli, letos \u0159e\u0161\u00ed L\u00e9to na st\u0159e\u0161e. Do nov\u00e9ho multifunk\u010dn\u00edho prostoru na st\u0159e\u0161e Galerie Harfa v\u00a0Praze \u2013 Libni toti\u017e v\u00a0\u010dervenci a srpnu m\u00ed\u0159\u00ed Michal Nesvadba, Majda z&#46;&#46;&#46;","og_url":"https:\/\/kidshouse.cz\/index.php\/2020\/07\/22\/kam-s-detmi-o-prazdninach-v-praze-na-strechu-libenske-galerie-harfa\/","og_site_name":"KIDSHOUSE.cz","article_published_time":"2020-07-22T00:49:32+00:00","article_modified_time":"2020-07-22T00:49:33+00:00","og_image":[{"width":1000,"height":666,"url":"https:\/\/kidshouse.cz\/wp-content\/uploads\/2020\/07\/Terasy-Harfa_d\u011bti.jpg","type":"image\/jpeg"}],"author":"Miroslav Van\u011bk","twitter_card":"summary_large_image","twitter_misc":{"Napsal(a)":"Miroslav Van\u011bk","Odhadovan\u00e1 doba \u010dten\u00ed":"3 minuty"},"schema":{"@context":"https:\/\/schema.org","@graph":[{"@type":"Article","@id":"https:\/\/kidshouse.cz\/index.php\/2020\/07\/22\/kam-s-detmi-o-prazdninach-v-praze-na-strechu-libenske-galerie-harfa\/#article","isPartOf":{"@id":"https:\/\/kidshouse.cz\/index.php\/2020\/07\/22\/kam-s-detmi-o-prazdninach-v-praze-na-strechu-libenske-galerie-harfa\/"},"author":{"name":"Miroslav Van\u011bk","@id":"https:\/\/kidshouse.cz\/#\/schema\/person\/daaa50008d3a1f439c626dc9e1242ef2"},"headline":"Kam s d\u011btmi o pr\u00e1zdnin\u00e1ch v Praze? Na st\u0159echu libe\u0148sk\u00e9 Galerie Harfa!","datePublished":"2020-07-22T00:49:32+00:00","dateModified":"2020-07-22T00:49:33+00:00","mainEntityOfPage":{"@id":"https:\/\/kidshouse.cz\/index.php\/2020\/07\/22\/kam-s-detmi-o-prazdninach-v-praze-na-strechu-libenske-galerie-harfa\/"},"wordCount":659,"publisher":{"@id":"https:\/\/kidshouse.cz\/#organization"},"articleSection":["AKCE","NEWS","TIPY"],"inLanguage":"cs"},{"@type":"WebPage","@id":"https:\/\/kidshouse.cz\/index.php\/2020\/07\/22\/kam-s-detmi-o-prazdninach-v-praze-na-strechu-libenske-galerie-harfa\/","url":"https:\/\/kidshouse.cz\/index.php\/2020\/07\/22\/kam-s-detmi-o-prazdninach-v-praze-na-strechu-libenske-galerie-harfa\/","name":"Kam s d\u011btmi o pr\u00e1zdnin\u00e1ch v Praze? Na st\u0159echu libe\u0148sk\u00e9 Galerie Harfa! - KIDSHOUSE.cz","isPartOf":{"@id":"https:\/\/kidshouse.cz\/#website"},"datePublished":"2020-07-22T00:49:32+00:00","dateModified":"2020-07-22T00:49:33+00:00","breadcrumb":{"@id":"https:\/\/kidshouse.cz\/index.php\/2020\/07\/22\/kam-s-detmi-o-prazdninach-v-praze-na-strechu-libenske-galerie-harfa\/#breadcrumb"},"inLanguage":"cs","potentialAction":[{"@type":"ReadAction","target":["https:\/\/kidshouse.cz\/index.php\/2020\/07\/22\/kam-s-detmi-o-prazdninach-v-praze-na-strechu-libenske-galerie-harfa\/"]}]},{"@type":"BreadcrumbList","@id":"https:\/\/kidshouse.cz\/index.php\/2020\/07\/22\/kam-s-detmi-o-prazdninach-v-praze-na-strechu-libenske-galerie-harfa\/#breadcrumb","itemListElement":[{"@type":"ListItem","position":1,"name":"Dom\u016f","item":"https:\/\/kidshouse.cz\/"},{"@type":"ListItem","position":2,"name":"Kam s d\u011btmi o pr\u00e1zdnin\u00e1ch v Praze? Na st\u0159echu libe\u0148sk\u00e9 Galerie Harfa!"}]},{"@type":"WebSite","@id":"https:\/\/kidshouse.cz\/#website","url":"https:\/\/kidshouse.cz\/","name":"KIDSHOUSE.cz","description":"Port\u00e1l pro d\u011bti a jejich rodi\u010de...","publisher":{"@id":"https:\/\/kidshouse.cz\/#organization"},"potentialAction":[{"@type":"SearchAction","target":{"@type":"EntryPoint","urlTemplate":"https:\/\/kidshouse.cz\/?s={search_term_string}"},"query-input":"required name=search_term_string"}],"inLanguage":"cs"},{"@type":"Organization","@id":"https:\/\/kidshouse.cz\/#organization","name":"KIDSHOUSE.cz","url":"https:\/\/kidshouse.cz\/","logo":{"@type":"ImageObject","inLanguage":"cs","@id":"https:\/\/kidshouse.cz\/#\/schema\/logo\/image\/","url":"https:\/\/kidshouse.cz\/wp-content\/uploads\/2020\/06\/Logo_KIDSHOUSE_2.jpg","contentUrl":"https:\/\/kidshouse.cz\/wp-content\/uploads\/2020\/06\/Logo_KIDSHOUSE_2.jpg","width":996,"height":357,"caption":"KIDSHOUSE.cz"},"image":{"@id":"https:\/\/kidshouse.cz\/#\/schema\/logo\/image\/"}},{"@type":"Person","@id":"https:\/\/kidshouse.cz\/#\/schema\/person\/daaa50008d3a1f439c626dc9e1242ef2","name":"Miroslav Van\u011bk","image":{"@type":"ImageObject","inLanguage":"cs","@id":"https:\/\/kidshouse.cz\/#\/schema\/person\/image\/","url":"https:\/\/secure.gravatar.com\/avatar\/cc93dbecbfc820d69a964ea4a1c72377?s=96&d=mm&r=g","contentUrl":"https:\/\/secure.gravatar.com\/avatar\/cc93dbecbfc820d69a964ea4a1c72377?s=96&d=mm&r=g","caption":"Miroslav Van\u011bk"},"sameAs":["http:\/\/www.kidshouse.cz"],"url":"https:\/\/kidshouse.cz\/index.php\/author\/mirvan\/"}]}},"_links":{"self":[{"href":"https:\/\/kidshouse.cz\/index.php\/wp-json\/wp\/v2\/posts\/1324"}],"collection":[{"href":"https:\/\/kidshouse.cz\/index.php\/wp-json\/wp\/v2\/posts"}],"about":[{"href":"https:\/\/kidshouse.cz\/index.php\/wp-json\/wp\/v2\/types\/post"}],"author":[{"embeddable":true,"href":"https:\/\/kidshouse.cz\/index.php\/wp-json\/wp\/v2\/users\/4"}],"replies":[{"embeddable":true,"href":"https:\/\/kidshouse.cz\/index.php\/wp-json\/wp\/v2\/comments?post=1324"}],"version-history":[{"count":1,"href":"https:\/\/kidshouse.cz\/index.php\/wp-json\/wp\/v2\/posts\/1324\/revisions"}],"predecessor-version":[{"id":1331,"href":"https:\/\/kidshouse.cz\/index.php\/wp-json\/wp\/v2\/posts\/1324\/revisions\/1331"}],"wp:featuredmedia":[{"embeddable":true,"href":"https:\/\/kidshouse.cz\/index.php\/wp-json\/wp\/v2\/media\/1328"}],"wp:attachment":[{"href":"https:\/\/kidshouse.cz\/index.php\/wp-json\/wp\/v2\/media?parent=1324"}],"wp:term":[{"taxonomy":"category","embeddable":true,"href":"https:\/\/kidshouse.cz\/index.php\/wp-json\/wp\/v2\/categories?post=1324"},{"taxonomy":"post_tag","embeddable":true,"href":"https:\/\/kidshouse.cz\/index.php\/wp-json\/wp\/v2\/tags?post=1324"}],"curies":[{"name":"wp","href":"https:\/\/api.w.org\/{rel}","templated":true}]}}