{"id":1931,"date":"2021-07-15T13:45:57","date_gmt":"2021-07-15T11:45:57","guid":{"rendered":"https:\/\/kidshouse.cz\/?p=1931"},"modified":"2021-07-15T13:45:58","modified_gmt":"2021-07-15T11:45:58","slug":"i-medvedi-maji-sve-dny-oslavte-15-cervence-mezinarodni-den-gumovych-medvidku","status":"publish","type":"post","link":"https:\/\/kidshouse.cz\/index.php\/2021\/07\/15\/i-medvedi-maji-sve-dny-oslavte-15-cervence-mezinarodni-den-gumovych-medvidku\/","title":{"rendered":"I medv\u011bdi maj\u00ed sv\u00e9 dny. Oslavte 15. \u010dervence mezin\u00e1rodn\u00ed den gumov\u00fdch medv\u00eddk\u016f"},"content":{"rendered":"\n<p><strong>Kdo by nem\u011bl r\u00e1d gumov\u00e9 medv\u00eddky. Tu zn\u00e1mou chu\u0165 poznal v&nbsp;d\u011btstv\u00ed snad ka\u017ed\u00fd z&nbsp;n\u00e1s a na \u017eelatinov\u00fdch cukrovink\u00e1ch si p\u0159\u00edle\u017eitostn\u011b pochutn\u00e1v\u00e1me dodnes i v&nbsp;dosp\u011blosti. K p\u0159\u00edle\u017eitosti mezin\u00e1rodn\u00edho dne gumov\u00fdch medv\u00eddk\u016f, kter\u00fd ka\u017edoro\u010dn\u011b p\u0159ipad\u00e1 na 15. \u010dervence jsme o nich p\u0159ipravili p\u00e1r zaj\u00edmavost\u00ed. V\u011bd\u011bli jste, \u017ee spole\u010dnost Haribo, nejv\u011bt\u0161\u00ed v\u00fdrobce v&nbsp;tomto segmentu, p\u0159in\u00e1\u0161\u00ed radost generac\u00edm ji\u017e cel\u00e9 stolet\u00ed? Stejn\u00e9 jubileum bude p\u0159\u00ed\u0161t\u00ed rok slavit i obl\u00edben\u00fd medv\u00eddek. A to u\u017e je p\u00e1dn\u00fd d\u016fvod k&nbsp;oslav\u00e1m.<\/strong><\/p>\n\n\n\n<figure class=\"wp-block-image size-large\"><img loading=\"lazy\" decoding=\"async\" width=\"1024\" height=\"682\" src=\"https:\/\/kidshouse.cz\/wp-content\/uploads\/2021\/07\/184302685_48255818337_o-1024x682.jpg\" alt=\"\" class=\"wp-image-1933\" srcset=\"https:\/\/kidshouse.cz\/wp-content\/uploads\/2021\/07\/184302685_48255818337_o-1024x682.jpg 1024w, https:\/\/kidshouse.cz\/wp-content\/uploads\/2021\/07\/184302685_48255818337_o-300x200.jpg 300w, https:\/\/kidshouse.cz\/wp-content\/uploads\/2021\/07\/184302685_48255818337_o-768x512.jpg 768w, https:\/\/kidshouse.cz\/wp-content\/uploads\/2021\/07\/184302685_48255818337_o.jpg 1250w\" sizes=\"(max-width: 1024px) 100vw, 1024px\" \/><\/figure>\n\n\n\n<h2 class=\"wp-block-heading\"><strong>Pytel cukru jako po\u010d\u00e1te\u010dn\u00ed kapit\u00e1l<\/strong><\/h2>\n\n\n\n<p>Gumov\u00ed medv\u00eddci spat\u0159ily poprv\u00e9 sv\u011btlo sv\u011bta v&nbsp;N\u011bmecku pod rukama cukr\u00e1\u0159e Hanse Riegela, kter\u00fd je dnes zn\u00e1m\u00fd hlavn\u011b jako zakladatel sv\u011btozn\u00e1m\u00e9 spole\u010dnosti Haribo, je\u017e krom\u011b medv\u00eddk\u016f vyr\u00e1b\u00ed i dal\u0161\u00ed cukrovinky, nap\u0159. i l\u00e9ko\u0159icov\u00e9 pendreky. Hans\u016fv po\u010d\u00e1te\u010dn\u00ed kapit\u00e1l tehdy obn\u00e1\u0161el pytel cukru, mramorovou desku, stoli\u010dku, kamna, m\u011bd\u011bn\u00fd kotl\u00edk a jeden v\u00e1le\u010dek. Velkou p\u00edl\u00ed a s oporou v&nbsp;podob\u011b man\u017eelky Gertrud zvl\u00e1dl spole\u010dnost dopracovat k&nbsp;tomu, aby denn\u011b vyprodukovala i 100 kg bonbon\u016f. Dnes se jich za stejn\u00fd \u010das vyrob\u00ed po cel\u00e9m sv\u011bt\u011b 160 milion\u016f kus\u016f.<\/p>\n\n\n\n<h2 class=\"wp-block-heading\"><strong>Od tan\u010d\u00edc\u00edch figurek ke \u0161t\u00edhl\u00e9mu \u017eel\u00e9<\/strong><\/h2>\n\n\n\n<p>Ze za\u010d\u00e1tku se medv\u00eddk\u016fm p\u0159ezd\u00edvalo tan\u010d\u00edc\u00ed, jeliko\u017e v\u00a019. stolet\u00ed byli cvi\u010den\u00ed medv\u011bdi, vystupuj\u00edc\u00ed na r\u016fzn\u00fdch jarmarc\u00edch, obl\u00edbenou atrakc\u00ed. N\u00e1zev gumov\u00ed dostali a\u017e pozd\u011bji, kdy se do jejich slo\u017een\u00ed za\u010dala p\u0159id\u00e1vat arabsk\u00e1 guma, kter\u00e1 se vlastn\u011b stala p\u0159edch\u016fdcem dne\u0161n\u00edho \u017eel\u00e9, ze kter\u00e9ho jsou medv\u00eddci vyr\u00e1b\u011bni. Prav\u00ed gumov\u00ed medv\u00eddci m\u011b\u0159\u00ed sice 2 cm, ale daj\u00ed se rozt\u00e1hnout a\u017e na 7 cm. K\u00a0sehn\u00e1n\u00ed jsou dokonce i v maxi verz\u00edch, \u017eelatinov\u00fd gigant je 1\u00a0400x v\u011bt\u0161\u00ed ne\u017e klasick\u00fd medv\u00eddek a v\u00e1\u017e\u00ed 2,3 kg. Je to vlastn\u011b ide\u00e1ln\u00ed d\u00e1rek pro v\u0161echny milovn\u00edky gum\u00eddk\u016f. Ten \u00fapln\u011b nejv\u011bt\u0161\u00ed, kter\u00fd je dostupn\u00fd na americk\u00e9m trhu, v\u00e1\u017e\u00ed 13 kilo.<\/p>\n\n\n\n<figure class=\"wp-block-image size-large\"><img loading=\"lazy\" decoding=\"async\" width=\"1024\" height=\"678\" src=\"https:\/\/kidshouse.cz\/wp-content\/uploads\/2021\/07\/komplet_02_48255750451_o-1024x678.jpg\" alt=\"\" class=\"wp-image-1935\" srcset=\"https:\/\/kidshouse.cz\/wp-content\/uploads\/2021\/07\/komplet_02_48255750451_o-1024x678.jpg 1024w, https:\/\/kidshouse.cz\/wp-content\/uploads\/2021\/07\/komplet_02_48255750451_o-300x199.jpg 300w, https:\/\/kidshouse.cz\/wp-content\/uploads\/2021\/07\/komplet_02_48255750451_o-768x509.jpg 768w, https:\/\/kidshouse.cz\/wp-content\/uploads\/2021\/07\/komplet_02_48255750451_o.jpg 1250w\" sizes=\"(max-width: 1024px) 100vw, 1024px\" \/><\/figure>\n\n\n\n<h2 class=\"wp-block-heading\"><strong>Medv\u011bd jako ingredience<\/strong><\/h2>\n\n\n\n<p>Gumov\u00ed medv\u00eddci u\u017e se d\u00e1vno nemus\u00ed mlsat jen ze s\u00e1\u010dku. Na oblib\u011b z\u00edskalo i jejich pou\u017eit\u00ed k&nbsp;dochucen\u00ed a dozdoben\u00ed nejr\u016fzn\u011bj\u0161\u00edch recept\u016f, nap\u0159. zmrzlinov\u00fdch nanuk\u016f, cupcak\u016f, su\u0161enek, dort\u016f, ale tak\u00e9 n\u00e1poj\u016f. Zaj\u00edmavost\u00ed je, \u017ee ka\u017ed\u00fd \u010cech sn\u00ed za jeden rok pr\u016fm\u011brn\u011b 1,5 kilogram\u016f medv\u00eddk\u016f. Navzdory tomu, \u017ee se v&nbsp;dne\u0161n\u00ed dob\u011b d\u011blaj\u00ed r\u016fzn\u00e9 kombinace a chu\u0165ov\u00e9 obm\u011bny, obl\u00edbenou st\u00e1lic\u00ed z\u016fst\u00e1vaj\u00ed nad\u00e1le \u010derven\u00ed medv\u00eddci s&nbsp;jahodovou p\u0159\u00edchut\u00ed.<\/p>\n\n\n\n<h2 class=\"wp-block-heading\"><strong>Oslavujte s&nbsp;medv\u00eddkem a jeho par\u0165\u00e1ky<\/strong><\/h2>\n\n\n\n<p>Zvol\u00edte k&nbsp;oslav\u00e1m l\u00e9ty prov\u011b\u0159enou klasiku nebo vyzkou\u0161\u00edte nov\u00e9 balen\u00ed Favourites Mix, v&nbsp;kter\u00e9m najdete nejen kultovn\u00edho medv\u00eddka, ale tak\u00e9 lahvi\u010dku Happy Cola, t\u0159e\u0161e\u0148 Happy Cherries, srd\u00ed\u010dko Love Hearts, anebo \u017eabky Quaxi? A\u0165 u\u017e mezi va\u0161eho favorita pat\u0159\u00ed kter\u00fdkoliv z nich, na nov\u00e9m s\u00e1\u010dku si pochutn\u00e1te s&nbsp;celou rodinou. M\u00e1te u\u017e jasno v&nbsp;tom, komu pat\u0159\u00ed v\u00e1\u0161 hlas? Zapojte se do sout\u011b\u017ee \u201eHlasuj pro sv\u00e9ho favorita\u201c na str\u00e1nce <a href=\"http:\/\/www.haribomix.cz\/\">www.haribomix.cz<\/a> a vyhrajte z\u00e1sobu bonbon\u016f na cel\u00fd rok.<\/p>\n\n\n\n<div class=\"wp-block-image\"><figure class=\"aligncenter size-large is-resized\"><img loading=\"lazy\" decoding=\"async\" src=\"https:\/\/kidshouse.cz\/wp-content\/uploads\/2021\/07\/hari_baer_48255818227_o-689x1024.jpg\" alt=\"\" class=\"wp-image-1934\" width=\"406\" height=\"604\" srcset=\"https:\/\/kidshouse.cz\/wp-content\/uploads\/2021\/07\/hari_baer_48255818227_o-689x1024.jpg 689w, https:\/\/kidshouse.cz\/wp-content\/uploads\/2021\/07\/hari_baer_48255818227_o-202x300.jpg 202w, https:\/\/kidshouse.cz\/wp-content\/uploads\/2021\/07\/hari_baer_48255818227_o.jpg 706w\" sizes=\"(max-width: 406px) 100vw, 406px\" \/><\/figure><\/div>\n\n\n\n<p class=\"has-text-align-center\"><strong>Tu\u0161ili jste, \u017ee p\u0159\u00ed\u0161t\u00ed rok oslav\u00ed Haribo medv\u00eddek 100 let?<\/strong><\/p>\n\n\n\n<div style=\"height:100px\" aria-hidden=\"true\" class=\"wp-block-spacer\"><\/div>\n\n\n\n<figure class=\"wp-block-gallery columns-3 is-cropped wp-block-gallery-1 is-layout-flex wp-block-gallery-is-layout-flex\"><ul class=\"blocks-gallery-grid\"><li class=\"blocks-gallery-item\"><figure><img loading=\"lazy\" decoding=\"async\" width=\"679\" height=\"1024\" src=\"https:\/\/kidshouse.cz\/wp-content\/uploads\/2021\/07\/153986161_48255818297_o-679x1024.jpg\" alt=\"\" data-id=\"1932\" data-full-url=\"https:\/\/kidshouse.cz\/wp-content\/uploads\/2021\/07\/153986161_48255818297_o.jpg\" data-link=\"https:\/\/kidshouse.cz\/?attachment_id=1932\" class=\"wp-image-1932\" srcset=\"https:\/\/kidshouse.cz\/wp-content\/uploads\/2021\/07\/153986161_48255818297_o-679x1024.jpg 679w, https:\/\/kidshouse.cz\/wp-content\/uploads\/2021\/07\/153986161_48255818297_o-199x300.jpg 199w, https:\/\/kidshouse.cz\/wp-content\/uploads\/2021\/07\/153986161_48255818297_o.jpg 696w\" sizes=\"(max-width: 679px) 100vw, 679px\" \/><\/figure><\/li><li class=\"blocks-gallery-item\"><figure><img loading=\"lazy\" decoding=\"async\" width=\"689\" height=\"1024\" src=\"https:\/\/kidshouse.cz\/wp-content\/uploads\/2021\/07\/hari_baer_48255818227_o-689x1024.jpg\" alt=\"\" data-id=\"1934\" data-full-url=\"https:\/\/kidshouse.cz\/wp-content\/uploads\/2021\/07\/hari_baer_48255818227_o.jpg\" data-link=\"https:\/\/kidshouse.cz\/?attachment_id=1934\" class=\"wp-image-1934\" srcset=\"https:\/\/kidshouse.cz\/wp-content\/uploads\/2021\/07\/hari_baer_48255818227_o-689x1024.jpg 689w, https:\/\/kidshouse.cz\/wp-content\/uploads\/2021\/07\/hari_baer_48255818227_o-202x300.jpg 202w, https:\/\/kidshouse.cz\/wp-content\/uploads\/2021\/07\/hari_baer_48255818227_o.jpg 706w\" sizes=\"(max-width: 689px) 100vw, 689px\" \/><\/figure><\/li><li class=\"blocks-gallery-item\"><figure><img loading=\"lazy\" decoding=\"async\" width=\"1024\" height=\"682\" src=\"https:\/\/kidshouse.cz\/wp-content\/uploads\/2021\/07\/184302685_48255818337_o-1024x682.jpg\" alt=\"\" data-id=\"1933\" data-full-url=\"https:\/\/kidshouse.cz\/wp-content\/uploads\/2021\/07\/184302685_48255818337_o.jpg\" data-link=\"https:\/\/kidshouse.cz\/?attachment_id=1933\" class=\"wp-image-1933\" srcset=\"https:\/\/kidshouse.cz\/wp-content\/uploads\/2021\/07\/184302685_48255818337_o-1024x682.jpg 1024w, https:\/\/kidshouse.cz\/wp-content\/uploads\/2021\/07\/184302685_48255818337_o-300x200.jpg 300w, https:\/\/kidshouse.cz\/wp-content\/uploads\/2021\/07\/184302685_48255818337_o-768x512.jpg 768w, https:\/\/kidshouse.cz\/wp-content\/uploads\/2021\/07\/184302685_48255818337_o.jpg 1250w\" sizes=\"(max-width: 1024px) 100vw, 1024px\" \/><\/figure><\/li><li class=\"blocks-gallery-item\"><figure><img loading=\"lazy\" decoding=\"async\" width=\"1024\" height=\"678\" src=\"https:\/\/kidshouse.cz\/wp-content\/uploads\/2021\/07\/komplet_02_48255750451_o-1024x678.jpg\" alt=\"\" data-id=\"1935\" data-full-url=\"https:\/\/kidshouse.cz\/wp-content\/uploads\/2021\/07\/komplet_02_48255750451_o.jpg\" data-link=\"https:\/\/kidshouse.cz\/?attachment_id=1935\" class=\"wp-image-1935\" srcset=\"https:\/\/kidshouse.cz\/wp-content\/uploads\/2021\/07\/komplet_02_48255750451_o-1024x678.jpg 1024w, https:\/\/kidshouse.cz\/wp-content\/uploads\/2021\/07\/komplet_02_48255750451_o-300x199.jpg 300w, https:\/\/kidshouse.cz\/wp-content\/uploads\/2021\/07\/komplet_02_48255750451_o-768x509.jpg 768w, https:\/\/kidshouse.cz\/wp-content\/uploads\/2021\/07\/komplet_02_48255750451_o.jpg 1250w\" sizes=\"(max-width: 1024px) 100vw, 1024px\" \/><\/figure><\/li><\/ul><\/figure>\n\n\n\n<div style=\"height:100px\" aria-hidden=\"true\" class=\"wp-block-spacer\"><\/div>\n","protected":false},"excerpt":{"rendered":"<p>Kdo by nem\u011bl r\u00e1d gumov\u00e9 medv\u00eddky. Tu zn\u00e1mou chu\u0165 poznal v&nbsp;d\u011btstv\u00ed snad ka\u017ed\u00fd z&nbsp;n\u00e1s a na \u017eelatinov\u00fdch cukrovink\u00e1ch si p\u0159\u00edle\u017eitostn\u011b pochutn\u00e1v\u00e1me dodnes i v&nbsp;dosp\u011blosti. K p\u0159\u00edle\u017eitosti mezin\u00e1rodn\u00edho dne gumov\u00fdch medv\u00eddk\u016f, kter\u00fd ka\u017edoro\u010dn\u011b p\u0159ipad\u00e1 na&#46;&#46;&#46;<\/p>\n","protected":false},"author":3,"featured_media":1933,"comment_status":"closed","ping_status":"closed","sticky":false,"template":"","format":"standard","meta":{"_monsterinsights_skip_tracking":false,"_monsterinsights_sitenote_active":false,"_monsterinsights_sitenote_note":"","_monsterinsights_sitenote_category":0,"footnotes":""},"categories":[2,13,9],"tags":[],"yoast_head":"<!-- This site is optimized with the Yoast SEO plugin v21.5 - https:\/\/yoast.com\/wordpress\/plugins\/seo\/ -->\n<title>I medv\u011bdi maj\u00ed sv\u00e9 dny. Oslavte 15. \u010dervence mezin\u00e1rodn\u00ed den gumov\u00fdch medv\u00eddk\u016f - KIDSHOUSE.cz<\/title>\n<meta name=\"robots\" content=\"index, follow, max-snippet:-1, max-image-preview:large, max-video-preview:-1\" \/>\n<link rel=\"canonical\" href=\"https:\/\/kidshouse.cz\/index.php\/2021\/07\/15\/i-medvedi-maji-sve-dny-oslavte-15-cervence-mezinarodni-den-gumovych-medvidku\/\" \/>\n<meta property=\"og:locale\" content=\"cs_CZ\" \/>\n<meta property=\"og:type\" content=\"article\" \/>\n<meta property=\"og:title\" content=\"I medv\u011bdi maj\u00ed sv\u00e9 dny. Oslavte 15. \u010dervence mezin\u00e1rodn\u00ed den gumov\u00fdch medv\u00eddk\u016f - KIDSHOUSE.cz\" \/>\n<meta property=\"og:description\" content=\"Kdo by nem\u011bl r\u00e1d gumov\u00e9 medv\u00eddky. Tu zn\u00e1mou chu\u0165 poznal v&nbsp;d\u011btstv\u00ed snad ka\u017ed\u00fd z&nbsp;n\u00e1s a na \u017eelatinov\u00fdch cukrovink\u00e1ch si p\u0159\u00edle\u017eitostn\u011b pochutn\u00e1v\u00e1me dodnes i v&nbsp;dosp\u011blosti. K p\u0159\u00edle\u017eitosti mezin\u00e1rodn\u00edho dne gumov\u00fdch medv\u00eddk\u016f, kter\u00fd ka\u017edoro\u010dn\u011b p\u0159ipad\u00e1 na&#046;&#046;&#046;\" \/>\n<meta property=\"og:url\" content=\"https:\/\/kidshouse.cz\/index.php\/2021\/07\/15\/i-medvedi-maji-sve-dny-oslavte-15-cervence-mezinarodni-den-gumovych-medvidku\/\" \/>\n<meta property=\"og:site_name\" content=\"KIDSHOUSE.cz\" \/>\n<meta property=\"article:published_time\" content=\"2021-07-15T11:45:57+00:00\" \/>\n<meta property=\"article:modified_time\" content=\"2021-07-15T11:45:58+00:00\" \/>\n<meta property=\"og:image\" content=\"https:\/\/kidshouse.cz\/wp-content\/uploads\/2021\/07\/184302685_48255818337_o.jpg\" \/>\n\t<meta property=\"og:image:width\" content=\"1250\" \/>\n\t<meta property=\"og:image:height\" content=\"833\" \/>\n\t<meta property=\"og:image:type\" content=\"image\/jpeg\" \/>\n<meta name=\"author\" content=\"Jolana Hol\u00e1\u0148ov\u00e1\" \/>\n<meta name=\"twitter:card\" content=\"summary_large_image\" \/>\n<meta name=\"twitter:label1\" content=\"Napsal(a)\" \/>\n\t<meta name=\"twitter:data1\" content=\"Jolana Hol\u00e1\u0148ov\u00e1\" \/>\n\t<meta name=\"twitter:label2\" content=\"Odhadovan\u00e1 doba \u010dten\u00ed\" \/>\n\t<meta name=\"twitter:data2\" content=\"3 minuty\" \/>\n<script type=\"application\/ld+json\" class=\"yoast-schema-graph\">{\"@context\":\"https:\/\/schema.org\",\"@graph\":[{\"@type\":\"Article\",\"@id\":\"https:\/\/kidshouse.cz\/index.php\/2021\/07\/15\/i-medvedi-maji-sve-dny-oslavte-15-cervence-mezinarodni-den-gumovych-medvidku\/#article\",\"isPartOf\":{\"@id\":\"https:\/\/kidshouse.cz\/index.php\/2021\/07\/15\/i-medvedi-maji-sve-dny-oslavte-15-cervence-mezinarodni-den-gumovych-medvidku\/\"},\"author\":{\"name\":\"Jolana Hol\u00e1\u0148ov\u00e1\",\"@id\":\"https:\/\/kidshouse.cz\/#\/schema\/person\/a5afba4610b78f4b36768d101e412526\"},\"headline\":\"I medv\u011bdi maj\u00ed sv\u00e9 dny. Oslavte 15. \u010dervence mezin\u00e1rodn\u00ed den gumov\u00fdch medv\u00eddk\u016f\",\"datePublished\":\"2021-07-15T11:45:57+00:00\",\"dateModified\":\"2021-07-15T11:45:58+00:00\",\"mainEntityOfPage\":{\"@id\":\"https:\/\/kidshouse.cz\/index.php\/2021\/07\/15\/i-medvedi-maji-sve-dny-oslavte-15-cervence-mezinarodni-den-gumovych-medvidku\/\"},\"wordCount\":631,\"publisher\":{\"@id\":\"https:\/\/kidshouse.cz\/#organization\"},\"articleSection\":[\"NEWS\",\"PRO NEJMEN\u0160\u00cd\",\"TIPY\"],\"inLanguage\":\"cs\"},{\"@type\":\"WebPage\",\"@id\":\"https:\/\/kidshouse.cz\/index.php\/2021\/07\/15\/i-medvedi-maji-sve-dny-oslavte-15-cervence-mezinarodni-den-gumovych-medvidku\/\",\"url\":\"https:\/\/kidshouse.cz\/index.php\/2021\/07\/15\/i-medvedi-maji-sve-dny-oslavte-15-cervence-mezinarodni-den-gumovych-medvidku\/\",\"name\":\"I medv\u011bdi maj\u00ed sv\u00e9 dny. Oslavte 15. \u010dervence mezin\u00e1rodn\u00ed den gumov\u00fdch medv\u00eddk\u016f - KIDSHOUSE.cz\",\"isPartOf\":{\"@id\":\"https:\/\/kidshouse.cz\/#website\"},\"datePublished\":\"2021-07-15T11:45:57+00:00\",\"dateModified\":\"2021-07-15T11:45:58+00:00\",\"breadcrumb\":{\"@id\":\"https:\/\/kidshouse.cz\/index.php\/2021\/07\/15\/i-medvedi-maji-sve-dny-oslavte-15-cervence-mezinarodni-den-gumovych-medvidku\/#breadcrumb\"},\"inLanguage\":\"cs\",\"potentialAction\":[{\"@type\":\"ReadAction\",\"target\":[\"https:\/\/kidshouse.cz\/index.php\/2021\/07\/15\/i-medvedi-maji-sve-dny-oslavte-15-cervence-mezinarodni-den-gumovych-medvidku\/\"]}]},{\"@type\":\"BreadcrumbList\",\"@id\":\"https:\/\/kidshouse.cz\/index.php\/2021\/07\/15\/i-medvedi-maji-sve-dny-oslavte-15-cervence-mezinarodni-den-gumovych-medvidku\/#breadcrumb\",\"itemListElement\":[{\"@type\":\"ListItem\",\"position\":1,\"name\":\"Dom\u016f\",\"item\":\"https:\/\/kidshouse.cz\/\"},{\"@type\":\"ListItem\",\"position\":2,\"name\":\"I medv\u011bdi maj\u00ed sv\u00e9 dny. Oslavte 15. \u010dervence mezin\u00e1rodn\u00ed den gumov\u00fdch medv\u00eddk\u016f\"}]},{\"@type\":\"WebSite\",\"@id\":\"https:\/\/kidshouse.cz\/#website\",\"url\":\"https:\/\/kidshouse.cz\/\",\"name\":\"KIDSHOUSE.cz\",\"description\":\"Port\u00e1l pro d\u011bti a jejich rodi\u010de...\",\"publisher\":{\"@id\":\"https:\/\/kidshouse.cz\/#organization\"},\"potentialAction\":[{\"@type\":\"SearchAction\",\"target\":{\"@type\":\"EntryPoint\",\"urlTemplate\":\"https:\/\/kidshouse.cz\/?s={search_term_string}\"},\"query-input\":\"required name=search_term_string\"}],\"inLanguage\":\"cs\"},{\"@type\":\"Organization\",\"@id\":\"https:\/\/kidshouse.cz\/#organization\",\"name\":\"KIDSHOUSE.cz\",\"url\":\"https:\/\/kidshouse.cz\/\",\"logo\":{\"@type\":\"ImageObject\",\"inLanguage\":\"cs\",\"@id\":\"https:\/\/kidshouse.cz\/#\/schema\/logo\/image\/\",\"url\":\"https:\/\/kidshouse.cz\/wp-content\/uploads\/2020\/06\/Logo_KIDSHOUSE_2.jpg\",\"contentUrl\":\"https:\/\/kidshouse.cz\/wp-content\/uploads\/2020\/06\/Logo_KIDSHOUSE_2.jpg\",\"width\":996,\"height\":357,\"caption\":\"KIDSHOUSE.cz\"},\"image\":{\"@id\":\"https:\/\/kidshouse.cz\/#\/schema\/logo\/image\/\"}},{\"@type\":\"Person\",\"@id\":\"https:\/\/kidshouse.cz\/#\/schema\/person\/a5afba4610b78f4b36768d101e412526\",\"name\":\"Jolana Hol\u00e1\u0148ov\u00e1\",\"image\":{\"@type\":\"ImageObject\",\"inLanguage\":\"cs\",\"@id\":\"https:\/\/kidshouse.cz\/#\/schema\/person\/image\/\",\"url\":\"https:\/\/secure.gravatar.com\/avatar\/5863c504ed89cd419ff3a5e812c722ff?s=96&d=mm&r=g\",\"contentUrl\":\"https:\/\/secure.gravatar.com\/avatar\/5863c504ed89cd419ff3a5e812c722ff?s=96&d=mm&r=g\",\"caption\":\"Jolana Hol\u00e1\u0148ov\u00e1\"},\"sameAs\":[\"http:\/\/www.kidshouse.cz\"],\"url\":\"https:\/\/kidshouse.cz\/index.php\/author\/jolhol\/\"}]}<\/script>\n<!-- \/ Yoast SEO plugin. -->","yoast_head_json":{"title":"I medv\u011bdi maj\u00ed sv\u00e9 dny. Oslavte 15. \u010dervence mezin\u00e1rodn\u00ed den gumov\u00fdch medv\u00eddk\u016f - KIDSHOUSE.cz","robots":{"index":"index","follow":"follow","max-snippet":"max-snippet:-1","max-image-preview":"max-image-preview:large","max-video-preview":"max-video-preview:-1"},"canonical":"https:\/\/kidshouse.cz\/index.php\/2021\/07\/15\/i-medvedi-maji-sve-dny-oslavte-15-cervence-mezinarodni-den-gumovych-medvidku\/","og_locale":"cs_CZ","og_type":"article","og_title":"I medv\u011bdi maj\u00ed sv\u00e9 dny. Oslavte 15. \u010dervence mezin\u00e1rodn\u00ed den gumov\u00fdch medv\u00eddk\u016f - KIDSHOUSE.cz","og_description":"Kdo by nem\u011bl r\u00e1d gumov\u00e9 medv\u00eddky. Tu zn\u00e1mou chu\u0165 poznal v&nbsp;d\u011btstv\u00ed snad ka\u017ed\u00fd z&nbsp;n\u00e1s a na \u017eelatinov\u00fdch cukrovink\u00e1ch si p\u0159\u00edle\u017eitostn\u011b pochutn\u00e1v\u00e1me dodnes i v&nbsp;dosp\u011blosti. K p\u0159\u00edle\u017eitosti mezin\u00e1rodn\u00edho dne gumov\u00fdch medv\u00eddk\u016f, kter\u00fd ka\u017edoro\u010dn\u011b p\u0159ipad\u00e1 na&#46;&#46;&#46;","og_url":"https:\/\/kidshouse.cz\/index.php\/2021\/07\/15\/i-medvedi-maji-sve-dny-oslavte-15-cervence-mezinarodni-den-gumovych-medvidku\/","og_site_name":"KIDSHOUSE.cz","article_published_time":"2021-07-15T11:45:57+00:00","article_modified_time":"2021-07-15T11:45:58+00:00","og_image":[{"width":1250,"height":833,"url":"https:\/\/kidshouse.cz\/wp-content\/uploads\/2021\/07\/184302685_48255818337_o.jpg","type":"image\/jpeg"}],"author":"Jolana Hol\u00e1\u0148ov\u00e1","twitter_card":"summary_large_image","twitter_misc":{"Napsal(a)":"Jolana Hol\u00e1\u0148ov\u00e1","Odhadovan\u00e1 doba \u010dten\u00ed":"3 minuty"},"schema":{"@context":"https:\/\/schema.org","@graph":[{"@type":"Article","@id":"https:\/\/kidshouse.cz\/index.php\/2021\/07\/15\/i-medvedi-maji-sve-dny-oslavte-15-cervence-mezinarodni-den-gumovych-medvidku\/#article","isPartOf":{"@id":"https:\/\/kidshouse.cz\/index.php\/2021\/07\/15\/i-medvedi-maji-sve-dny-oslavte-15-cervence-mezinarodni-den-gumovych-medvidku\/"},"author":{"name":"Jolana Hol\u00e1\u0148ov\u00e1","@id":"https:\/\/kidshouse.cz\/#\/schema\/person\/a5afba4610b78f4b36768d101e412526"},"headline":"I medv\u011bdi maj\u00ed sv\u00e9 dny. Oslavte 15. \u010dervence mezin\u00e1rodn\u00ed den gumov\u00fdch medv\u00eddk\u016f","datePublished":"2021-07-15T11:45:57+00:00","dateModified":"2021-07-15T11:45:58+00:00","mainEntityOfPage":{"@id":"https:\/\/kidshouse.cz\/index.php\/2021\/07\/15\/i-medvedi-maji-sve-dny-oslavte-15-cervence-mezinarodni-den-gumovych-medvidku\/"},"wordCount":631,"publisher":{"@id":"https:\/\/kidshouse.cz\/#organization"},"articleSection":["NEWS","PRO NEJMEN\u0160\u00cd","TIPY"],"inLanguage":"cs"},{"@type":"WebPage","@id":"https:\/\/kidshouse.cz\/index.php\/2021\/07\/15\/i-medvedi-maji-sve-dny-oslavte-15-cervence-mezinarodni-den-gumovych-medvidku\/","url":"https:\/\/kidshouse.cz\/index.php\/2021\/07\/15\/i-medvedi-maji-sve-dny-oslavte-15-cervence-mezinarodni-den-gumovych-medvidku\/","name":"I medv\u011bdi maj\u00ed sv\u00e9 dny. Oslavte 15. \u010dervence mezin\u00e1rodn\u00ed den gumov\u00fdch medv\u00eddk\u016f - KIDSHOUSE.cz","isPartOf":{"@id":"https:\/\/kidshouse.cz\/#website"},"datePublished":"2021-07-15T11:45:57+00:00","dateModified":"2021-07-15T11:45:58+00:00","breadcrumb":{"@id":"https:\/\/kidshouse.cz\/index.php\/2021\/07\/15\/i-medvedi-maji-sve-dny-oslavte-15-cervence-mezinarodni-den-gumovych-medvidku\/#breadcrumb"},"inLanguage":"cs","potentialAction":[{"@type":"ReadAction","target":["https:\/\/kidshouse.cz\/index.php\/2021\/07\/15\/i-medvedi-maji-sve-dny-oslavte-15-cervence-mezinarodni-den-gumovych-medvidku\/"]}]},{"@type":"BreadcrumbList","@id":"https:\/\/kidshouse.cz\/index.php\/2021\/07\/15\/i-medvedi-maji-sve-dny-oslavte-15-cervence-mezinarodni-den-gumovych-medvidku\/#breadcrumb","itemListElement":[{"@type":"ListItem","position":1,"name":"Dom\u016f","item":"https:\/\/kidshouse.cz\/"},{"@type":"ListItem","position":2,"name":"I medv\u011bdi maj\u00ed sv\u00e9 dny. Oslavte 15. \u010dervence mezin\u00e1rodn\u00ed den gumov\u00fdch medv\u00eddk\u016f"}]},{"@type":"WebSite","@id":"https:\/\/kidshouse.cz\/#website","url":"https:\/\/kidshouse.cz\/","name":"KIDSHOUSE.cz","description":"Port\u00e1l pro d\u011bti a jejich rodi\u010de...","publisher":{"@id":"https:\/\/kidshouse.cz\/#organization"},"potentialAction":[{"@type":"SearchAction","target":{"@type":"EntryPoint","urlTemplate":"https:\/\/kidshouse.cz\/?s={search_term_string}"},"query-input":"required name=search_term_string"}],"inLanguage":"cs"},{"@type":"Organization","@id":"https:\/\/kidshouse.cz\/#organization","name":"KIDSHOUSE.cz","url":"https:\/\/kidshouse.cz\/","logo":{"@type":"ImageObject","inLanguage":"cs","@id":"https:\/\/kidshouse.cz\/#\/schema\/logo\/image\/","url":"https:\/\/kidshouse.cz\/wp-content\/uploads\/2020\/06\/Logo_KIDSHOUSE_2.jpg","contentUrl":"https:\/\/kidshouse.cz\/wp-content\/uploads\/2020\/06\/Logo_KIDSHOUSE_2.jpg","width":996,"height":357,"caption":"KIDSHOUSE.cz"},"image":{"@id":"https:\/\/kidshouse.cz\/#\/schema\/logo\/image\/"}},{"@type":"Person","@id":"https:\/\/kidshouse.cz\/#\/schema\/person\/a5afba4610b78f4b36768d101e412526","name":"Jolana Hol\u00e1\u0148ov\u00e1","image":{"@type":"ImageObject","inLanguage":"cs","@id":"https:\/\/kidshouse.cz\/#\/schema\/person\/image\/","url":"https:\/\/secure.gravatar.com\/avatar\/5863c504ed89cd419ff3a5e812c722ff?s=96&d=mm&r=g","contentUrl":"https:\/\/secure.gravatar.com\/avatar\/5863c504ed89cd419ff3a5e812c722ff?s=96&d=mm&r=g","caption":"Jolana Hol\u00e1\u0148ov\u00e1"},"sameAs":["http:\/\/www.kidshouse.cz"],"url":"https:\/\/kidshouse.cz\/index.php\/author\/jolhol\/"}]}},"_links":{"self":[{"href":"https:\/\/kidshouse.cz\/index.php\/wp-json\/wp\/v2\/posts\/1931"}],"collection":[{"href":"https:\/\/kidshouse.cz\/index.php\/wp-json\/wp\/v2\/posts"}],"about":[{"href":"https:\/\/kidshouse.cz\/index.php\/wp-json\/wp\/v2\/types\/post"}],"author":[{"embeddable":true,"href":"https:\/\/kidshouse.cz\/index.php\/wp-json\/wp\/v2\/users\/3"}],"replies":[{"embeddable":true,"href":"https:\/\/kidshouse.cz\/index.php\/wp-json\/wp\/v2\/comments?post=1931"}],"version-history":[{"count":1,"href":"https:\/\/kidshouse.cz\/index.php\/wp-json\/wp\/v2\/posts\/1931\/revisions"}],"predecessor-version":[{"id":1936,"href":"https:\/\/kidshouse.cz\/index.php\/wp-json\/wp\/v2\/posts\/1931\/revisions\/1936"}],"wp:featuredmedia":[{"embeddable":true,"href":"https:\/\/kidshouse.cz\/index.php\/wp-json\/wp\/v2\/media\/1933"}],"wp:attachment":[{"href":"https:\/\/kidshouse.cz\/index.php\/wp-json\/wp\/v2\/media?parent=1931"}],"wp:term":[{"taxonomy":"category","embeddable":true,"href":"https:\/\/kidshouse.cz\/index.php\/wp-json\/wp\/v2\/categories?post=1931"},{"taxonomy":"post_tag","embeddable":true,"href":"https:\/\/kidshouse.cz\/index.php\/wp-json\/wp\/v2\/tags?post=1931"}],"curies":[{"name":"wp","href":"https:\/\/api.w.org\/{rel}","templated":true}]}}