{"id":2052,"date":"2021-10-12T14:00:32","date_gmt":"2021-10-12T12:00:32","guid":{"rendered":"https:\/\/kidshouse.cz\/?p=2052"},"modified":"2021-10-12T14:00:33","modified_gmt":"2021-10-12T12:00:33","slug":"uz-28-rijna-bude-mit-premieru-addamsova-rodina-2-podivejte-se-na-trailer","status":"publish","type":"post","link":"https:\/\/kidshouse.cz\/index.php\/2021\/10\/12\/uz-28-rijna-bude-mit-premieru-addamsova-rodina-2-podivejte-se-na-trailer\/","title":{"rendered":"U\u017e 28. \u0159\u00edjna bude m\u00edt premi\u00e9ru Addamsova rodina 2. Pod\u00edvejte se na trailer!"},"content":{"rendered":"\n<p><strong>Pokra\u010dov\u00e1n\u00ed Addamsovi rodiny? Ano pros\u00edm! P\u0159in\u00e1\u0161\u00edme v\u00e1m trailer\u2026<\/strong><\/p>\n\n\n\n<figure class=\"wp-block-image\"><img decoding=\"async\" src=\"https:\/\/cinemahouse.cz\/wp-content\/uploads\/2021\/10\/0-1.jpg\" alt=\"\" class=\"wp-image-2516\"\/><\/figure>\n\n\n\n<p><strong>Vyrazte na letn\u00ed dovolenou s Addamsovou rodinou, kte\u0159\u00ed sv\u00fdm nev\u0161edn\u00edm a podivn\u00fdm chov\u00e1n\u00edm terorizuj\u00ed nov\u00e9 kraje<\/strong><\/p>\n\n\n\n<figure class=\"wp-block-embed-youtube aligncenter wp-block-embed is-type-rich is-provider-embed-handler wp-embed-aspect-16-9 wp-has-aspect-ratio\"><div class=\"wp-block-embed__wrapper\">\n<div class=\"video-container\"><iframe loading=\"lazy\" title=\"THE ADDAMS FAMILY 2 | Official Trailer | MGM\" width=\"500\" height=\"281\" src=\"https:\/\/www.youtube.com\/embed\/Kd82bSBDE84?feature=oembed&#038;wmode=opaque\" frameborder=\"0\" allow=\"accelerometer; autoplay; clipboard-write; encrypted-media; gyroscope; picture-in-picture\" allowfullscreen><\/iframe><\/div>\n<\/div><\/figure>\n\n\n\n<p><strong>Addamsova rodina 2 op\u011bt v kinech u\u017e 28. \u0159\u00edjna.<\/strong><\/p>\n\n\n\n<div class=\"wp-block-image\"><figure class=\"aligncenter\"><img decoding=\"async\" src=\"https:\/\/cinemahouse.cz\/wp-content\/uploads\/2021\/10\/A1_ADDAMS2_CZ-728x1024.jpg\" alt=\"\" class=\"wp-image-2518\"\/><\/figure><\/div>\n\n\n\n<p class=\"has-text-align-center\"><strong>V\u00edce informac\u00ed o pokra\u010dov\u00e1n\u00ed Addamsovi rodiny\u00a0<a href=\"http:\/\/www.forumfilm.cz\/pripravujeme\/movie\/show\/addamsova-rodina-2\/\">naleznete ZDE.<\/a><\/strong><\/p>\n\n\n\n<div style=\"height:100px\" aria-hidden=\"true\" class=\"wp-block-spacer\"><\/div>\n\n\n\n<p><\/p>\n","protected":false},"excerpt":{"rendered":"<p>Pokra\u010dov\u00e1n\u00ed Addamsovi rodiny? Ano pros\u00edm! P\u0159in\u00e1\u0161\u00edme v\u00e1m trailer\u2026 Vyrazte na letn\u00ed dovolenou s Addamsovou rodinou, kte\u0159\u00ed sv\u00fdm nev\u0161edn\u00edm a podivn\u00fdm chov\u00e1n\u00edm terorizuj\u00ed nov\u00e9 kraje Addamsova rodina 2 op\u011bt v kinech u\u017e 28. \u0159\u00edjna. V\u00edce&#46;&#46;&#46;<\/p>\n","protected":false},"author":3,"featured_media":2054,"comment_status":"closed","ping_status":"closed","sticky":false,"template":"","format":"standard","meta":{"_monsterinsights_skip_tracking":false,"_monsterinsights_sitenote_active":false,"_monsterinsights_sitenote_note":"","_monsterinsights_sitenote_category":0,"footnotes":""},"categories":[16,2,9],"tags":[],"yoast_head":"<!-- This site is optimized with the Yoast SEO plugin v21.5 - https:\/\/yoast.com\/wordpress\/plugins\/seo\/ -->\n<title>U\u017e 28. \u0159\u00edjna bude m\u00edt premi\u00e9ru Addamsova rodina 2. Pod\u00edvejte se na trailer! - KIDSHOUSE.cz<\/title>\n<meta name=\"robots\" content=\"index, follow, max-snippet:-1, max-image-preview:large, max-video-preview:-1\" \/>\n<link rel=\"canonical\" href=\"https:\/\/kidshouse.cz\/index.php\/2021\/10\/12\/uz-28-rijna-bude-mit-premieru-addamsova-rodina-2-podivejte-se-na-trailer\/\" \/>\n<meta property=\"og:locale\" content=\"cs_CZ\" \/>\n<meta property=\"og:type\" content=\"article\" \/>\n<meta property=\"og:title\" content=\"U\u017e 28. \u0159\u00edjna bude m\u00edt premi\u00e9ru Addamsova rodina 2. Pod\u00edvejte se na trailer! - KIDSHOUSE.cz\" \/>\n<meta property=\"og:description\" content=\"Pokra\u010dov\u00e1n\u00ed Addamsovi rodiny? Ano pros\u00edm! P\u0159in\u00e1\u0161\u00edme v\u00e1m trailer\u2026 Vyrazte na letn\u00ed dovolenou s Addamsovou rodinou, kte\u0159\u00ed sv\u00fdm nev\u0161edn\u00edm a podivn\u00fdm chov\u00e1n\u00edm terorizuj\u00ed nov\u00e9 kraje Addamsova rodina 2 op\u011bt v kinech u\u017e 28. \u0159\u00edjna. V\u00edce&#046;&#046;&#046;\" \/>\n<meta property=\"og:url\" content=\"https:\/\/kidshouse.cz\/index.php\/2021\/10\/12\/uz-28-rijna-bude-mit-premieru-addamsova-rodina-2-podivejte-se-na-trailer\/\" \/>\n<meta property=\"og:site_name\" content=\"KIDSHOUSE.cz\" \/>\n<meta property=\"article:published_time\" content=\"2021-10-12T12:00:32+00:00\" \/>\n<meta property=\"article:modified_time\" content=\"2021-10-12T12:00:33+00:00\" \/>\n<meta property=\"og:image\" content=\"https:\/\/kidshouse.cz\/wp-content\/uploads\/2021\/10\/0.jpg\" \/>\n\t<meta property=\"og:image:width\" content=\"950\" \/>\n\t<meta property=\"og:image:height\" content=\"526\" \/>\n\t<meta property=\"og:image:type\" content=\"image\/jpeg\" \/>\n<meta name=\"author\" content=\"Jolana Hol\u00e1\u0148ov\u00e1\" \/>\n<meta name=\"twitter:card\" content=\"summary_large_image\" \/>\n<meta name=\"twitter:label1\" content=\"Napsal(a)\" \/>\n\t<meta name=\"twitter:data1\" content=\"Jolana Hol\u00e1\u0148ov\u00e1\" \/>\n<script type=\"application\/ld+json\" class=\"yoast-schema-graph\">{\"@context\":\"https:\/\/schema.org\",\"@graph\":[{\"@type\":\"Article\",\"@id\":\"https:\/\/kidshouse.cz\/index.php\/2021\/10\/12\/uz-28-rijna-bude-mit-premieru-addamsova-rodina-2-podivejte-se-na-trailer\/#article\",\"isPartOf\":{\"@id\":\"https:\/\/kidshouse.cz\/index.php\/2021\/10\/12\/uz-28-rijna-bude-mit-premieru-addamsova-rodina-2-podivejte-se-na-trailer\/\"},\"author\":{\"name\":\"Jolana Hol\u00e1\u0148ov\u00e1\",\"@id\":\"https:\/\/kidshouse.cz\/#\/schema\/person\/a5afba4610b78f4b36768d101e412526\"},\"headline\":\"U\u017e 28. \u0159\u00edjna bude m\u00edt premi\u00e9ru Addamsova rodina 2. Pod\u00edvejte se na trailer!\",\"datePublished\":\"2021-10-12T12:00:32+00:00\",\"dateModified\":\"2021-10-12T12:00:33+00:00\",\"mainEntityOfPage\":{\"@id\":\"https:\/\/kidshouse.cz\/index.php\/2021\/10\/12\/uz-28-rijna-bude-mit-premieru-addamsova-rodina-2-podivejte-se-na-trailer\/\"},\"wordCount\":76,\"publisher\":{\"@id\":\"https:\/\/kidshouse.cz\/#organization\"},\"articleSection\":[\"FILMY a KINO\",\"NEWS\",\"TIPY\"],\"inLanguage\":\"cs\"},{\"@type\":\"WebPage\",\"@id\":\"https:\/\/kidshouse.cz\/index.php\/2021\/10\/12\/uz-28-rijna-bude-mit-premieru-addamsova-rodina-2-podivejte-se-na-trailer\/\",\"url\":\"https:\/\/kidshouse.cz\/index.php\/2021\/10\/12\/uz-28-rijna-bude-mit-premieru-addamsova-rodina-2-podivejte-se-na-trailer\/\",\"name\":\"U\u017e 28. \u0159\u00edjna bude m\u00edt premi\u00e9ru Addamsova rodina 2. Pod\u00edvejte se na trailer! - KIDSHOUSE.cz\",\"isPartOf\":{\"@id\":\"https:\/\/kidshouse.cz\/#website\"},\"datePublished\":\"2021-10-12T12:00:32+00:00\",\"dateModified\":\"2021-10-12T12:00:33+00:00\",\"breadcrumb\":{\"@id\":\"https:\/\/kidshouse.cz\/index.php\/2021\/10\/12\/uz-28-rijna-bude-mit-premieru-addamsova-rodina-2-podivejte-se-na-trailer\/#breadcrumb\"},\"inLanguage\":\"cs\",\"potentialAction\":[{\"@type\":\"ReadAction\",\"target\":[\"https:\/\/kidshouse.cz\/index.php\/2021\/10\/12\/uz-28-rijna-bude-mit-premieru-addamsova-rodina-2-podivejte-se-na-trailer\/\"]}]},{\"@type\":\"BreadcrumbList\",\"@id\":\"https:\/\/kidshouse.cz\/index.php\/2021\/10\/12\/uz-28-rijna-bude-mit-premieru-addamsova-rodina-2-podivejte-se-na-trailer\/#breadcrumb\",\"itemListElement\":[{\"@type\":\"ListItem\",\"position\":1,\"name\":\"Dom\u016f\",\"item\":\"https:\/\/kidshouse.cz\/\"},{\"@type\":\"ListItem\",\"position\":2,\"name\":\"U\u017e 28. \u0159\u00edjna bude m\u00edt premi\u00e9ru Addamsova rodina 2. Pod\u00edvejte se na trailer!\"}]},{\"@type\":\"WebSite\",\"@id\":\"https:\/\/kidshouse.cz\/#website\",\"url\":\"https:\/\/kidshouse.cz\/\",\"name\":\"KIDSHOUSE.cz\",\"description\":\"Port\u00e1l pro d\u011bti a jejich rodi\u010de...\",\"publisher\":{\"@id\":\"https:\/\/kidshouse.cz\/#organization\"},\"potentialAction\":[{\"@type\":\"SearchAction\",\"target\":{\"@type\":\"EntryPoint\",\"urlTemplate\":\"https:\/\/kidshouse.cz\/?s={search_term_string}\"},\"query-input\":\"required name=search_term_string\"}],\"inLanguage\":\"cs\"},{\"@type\":\"Organization\",\"@id\":\"https:\/\/kidshouse.cz\/#organization\",\"name\":\"KIDSHOUSE.cz\",\"url\":\"https:\/\/kidshouse.cz\/\",\"logo\":{\"@type\":\"ImageObject\",\"inLanguage\":\"cs\",\"@id\":\"https:\/\/kidshouse.cz\/#\/schema\/logo\/image\/\",\"url\":\"https:\/\/kidshouse.cz\/wp-content\/uploads\/2020\/06\/Logo_KIDSHOUSE_2.jpg\",\"contentUrl\":\"https:\/\/kidshouse.cz\/wp-content\/uploads\/2020\/06\/Logo_KIDSHOUSE_2.jpg\",\"width\":996,\"height\":357,\"caption\":\"KIDSHOUSE.cz\"},\"image\":{\"@id\":\"https:\/\/kidshouse.cz\/#\/schema\/logo\/image\/\"}},{\"@type\":\"Person\",\"@id\":\"https:\/\/kidshouse.cz\/#\/schema\/person\/a5afba4610b78f4b36768d101e412526\",\"name\":\"Jolana Hol\u00e1\u0148ov\u00e1\",\"image\":{\"@type\":\"ImageObject\",\"inLanguage\":\"cs\",\"@id\":\"https:\/\/kidshouse.cz\/#\/schema\/person\/image\/\",\"url\":\"https:\/\/secure.gravatar.com\/avatar\/5863c504ed89cd419ff3a5e812c722ff?s=96&d=mm&r=g\",\"contentUrl\":\"https:\/\/secure.gravatar.com\/avatar\/5863c504ed89cd419ff3a5e812c722ff?s=96&d=mm&r=g\",\"caption\":\"Jolana Hol\u00e1\u0148ov\u00e1\"},\"sameAs\":[\"http:\/\/www.kidshouse.cz\"],\"url\":\"https:\/\/kidshouse.cz\/index.php\/author\/jolhol\/\"}]}<\/script>\n<!-- \/ Yoast SEO plugin. -->","yoast_head_json":{"title":"U\u017e 28. \u0159\u00edjna bude m\u00edt premi\u00e9ru Addamsova rodina 2. Pod\u00edvejte se na trailer! - KIDSHOUSE.cz","robots":{"index":"index","follow":"follow","max-snippet":"max-snippet:-1","max-image-preview":"max-image-preview:large","max-video-preview":"max-video-preview:-1"},"canonical":"https:\/\/kidshouse.cz\/index.php\/2021\/10\/12\/uz-28-rijna-bude-mit-premieru-addamsova-rodina-2-podivejte-se-na-trailer\/","og_locale":"cs_CZ","og_type":"article","og_title":"U\u017e 28. \u0159\u00edjna bude m\u00edt premi\u00e9ru Addamsova rodina 2. Pod\u00edvejte se na trailer! - KIDSHOUSE.cz","og_description":"Pokra\u010dov\u00e1n\u00ed Addamsovi rodiny? Ano pros\u00edm! P\u0159in\u00e1\u0161\u00edme v\u00e1m trailer\u2026 Vyrazte na letn\u00ed dovolenou s Addamsovou rodinou, kte\u0159\u00ed sv\u00fdm nev\u0161edn\u00edm a podivn\u00fdm chov\u00e1n\u00edm terorizuj\u00ed nov\u00e9 kraje Addamsova rodina 2 op\u011bt v kinech u\u017e 28. \u0159\u00edjna. V\u00edce&#46;&#46;&#46;","og_url":"https:\/\/kidshouse.cz\/index.php\/2021\/10\/12\/uz-28-rijna-bude-mit-premieru-addamsova-rodina-2-podivejte-se-na-trailer\/","og_site_name":"KIDSHOUSE.cz","article_published_time":"2021-10-12T12:00:32+00:00","article_modified_time":"2021-10-12T12:00:33+00:00","og_image":[{"width":950,"height":526,"url":"https:\/\/kidshouse.cz\/wp-content\/uploads\/2021\/10\/0.jpg","type":"image\/jpeg"}],"author":"Jolana Hol\u00e1\u0148ov\u00e1","twitter_card":"summary_large_image","twitter_misc":{"Napsal(a)":"Jolana Hol\u00e1\u0148ov\u00e1"},"schema":{"@context":"https:\/\/schema.org","@graph":[{"@type":"Article","@id":"https:\/\/kidshouse.cz\/index.php\/2021\/10\/12\/uz-28-rijna-bude-mit-premieru-addamsova-rodina-2-podivejte-se-na-trailer\/#article","isPartOf":{"@id":"https:\/\/kidshouse.cz\/index.php\/2021\/10\/12\/uz-28-rijna-bude-mit-premieru-addamsova-rodina-2-podivejte-se-na-trailer\/"},"author":{"name":"Jolana Hol\u00e1\u0148ov\u00e1","@id":"https:\/\/kidshouse.cz\/#\/schema\/person\/a5afba4610b78f4b36768d101e412526"},"headline":"U\u017e 28. \u0159\u00edjna bude m\u00edt premi\u00e9ru Addamsova rodina 2. Pod\u00edvejte se na trailer!","datePublished":"2021-10-12T12:00:32+00:00","dateModified":"2021-10-12T12:00:33+00:00","mainEntityOfPage":{"@id":"https:\/\/kidshouse.cz\/index.php\/2021\/10\/12\/uz-28-rijna-bude-mit-premieru-addamsova-rodina-2-podivejte-se-na-trailer\/"},"wordCount":76,"publisher":{"@id":"https:\/\/kidshouse.cz\/#organization"},"articleSection":["FILMY a KINO","NEWS","TIPY"],"inLanguage":"cs"},{"@type":"WebPage","@id":"https:\/\/kidshouse.cz\/index.php\/2021\/10\/12\/uz-28-rijna-bude-mit-premieru-addamsova-rodina-2-podivejte-se-na-trailer\/","url":"https:\/\/kidshouse.cz\/index.php\/2021\/10\/12\/uz-28-rijna-bude-mit-premieru-addamsova-rodina-2-podivejte-se-na-trailer\/","name":"U\u017e 28. \u0159\u00edjna bude m\u00edt premi\u00e9ru Addamsova rodina 2. Pod\u00edvejte se na trailer! - KIDSHOUSE.cz","isPartOf":{"@id":"https:\/\/kidshouse.cz\/#website"},"datePublished":"2021-10-12T12:00:32+00:00","dateModified":"2021-10-12T12:00:33+00:00","breadcrumb":{"@id":"https:\/\/kidshouse.cz\/index.php\/2021\/10\/12\/uz-28-rijna-bude-mit-premieru-addamsova-rodina-2-podivejte-se-na-trailer\/#breadcrumb"},"inLanguage":"cs","potentialAction":[{"@type":"ReadAction","target":["https:\/\/kidshouse.cz\/index.php\/2021\/10\/12\/uz-28-rijna-bude-mit-premieru-addamsova-rodina-2-podivejte-se-na-trailer\/"]}]},{"@type":"BreadcrumbList","@id":"https:\/\/kidshouse.cz\/index.php\/2021\/10\/12\/uz-28-rijna-bude-mit-premieru-addamsova-rodina-2-podivejte-se-na-trailer\/#breadcrumb","itemListElement":[{"@type":"ListItem","position":1,"name":"Dom\u016f","item":"https:\/\/kidshouse.cz\/"},{"@type":"ListItem","position":2,"name":"U\u017e 28. \u0159\u00edjna bude m\u00edt premi\u00e9ru Addamsova rodina 2. Pod\u00edvejte se na trailer!"}]},{"@type":"WebSite","@id":"https:\/\/kidshouse.cz\/#website","url":"https:\/\/kidshouse.cz\/","name":"KIDSHOUSE.cz","description":"Port\u00e1l pro d\u011bti a jejich rodi\u010de...","publisher":{"@id":"https:\/\/kidshouse.cz\/#organization"},"potentialAction":[{"@type":"SearchAction","target":{"@type":"EntryPoint","urlTemplate":"https:\/\/kidshouse.cz\/?s={search_term_string}"},"query-input":"required name=search_term_string"}],"inLanguage":"cs"},{"@type":"Organization","@id":"https:\/\/kidshouse.cz\/#organization","name":"KIDSHOUSE.cz","url":"https:\/\/kidshouse.cz\/","logo":{"@type":"ImageObject","inLanguage":"cs","@id":"https:\/\/kidshouse.cz\/#\/schema\/logo\/image\/","url":"https:\/\/kidshouse.cz\/wp-content\/uploads\/2020\/06\/Logo_KIDSHOUSE_2.jpg","contentUrl":"https:\/\/kidshouse.cz\/wp-content\/uploads\/2020\/06\/Logo_KIDSHOUSE_2.jpg","width":996,"height":357,"caption":"KIDSHOUSE.cz"},"image":{"@id":"https:\/\/kidshouse.cz\/#\/schema\/logo\/image\/"}},{"@type":"Person","@id":"https:\/\/kidshouse.cz\/#\/schema\/person\/a5afba4610b78f4b36768d101e412526","name":"Jolana Hol\u00e1\u0148ov\u00e1","image":{"@type":"ImageObject","inLanguage":"cs","@id":"https:\/\/kidshouse.cz\/#\/schema\/person\/image\/","url":"https:\/\/secure.gravatar.com\/avatar\/5863c504ed89cd419ff3a5e812c722ff?s=96&d=mm&r=g","contentUrl":"https:\/\/secure.gravatar.com\/avatar\/5863c504ed89cd419ff3a5e812c722ff?s=96&d=mm&r=g","caption":"Jolana Hol\u00e1\u0148ov\u00e1"},"sameAs":["http:\/\/www.kidshouse.cz"],"url":"https:\/\/kidshouse.cz\/index.php\/author\/jolhol\/"}]}},"_links":{"self":[{"href":"https:\/\/kidshouse.cz\/index.php\/wp-json\/wp\/v2\/posts\/2052"}],"collection":[{"href":"https:\/\/kidshouse.cz\/index.php\/wp-json\/wp\/v2\/posts"}],"about":[{"href":"https:\/\/kidshouse.cz\/index.php\/wp-json\/wp\/v2\/types\/post"}],"author":[{"embeddable":true,"href":"https:\/\/kidshouse.cz\/index.php\/wp-json\/wp\/v2\/users\/3"}],"replies":[{"embeddable":true,"href":"https:\/\/kidshouse.cz\/index.php\/wp-json\/wp\/v2\/comments?post=2052"}],"version-history":[{"count":1,"href":"https:\/\/kidshouse.cz\/index.php\/wp-json\/wp\/v2\/posts\/2052\/revisions"}],"predecessor-version":[{"id":2055,"href":"https:\/\/kidshouse.cz\/index.php\/wp-json\/wp\/v2\/posts\/2052\/revisions\/2055"}],"wp:featuredmedia":[{"embeddable":true,"href":"https:\/\/kidshouse.cz\/index.php\/wp-json\/wp\/v2\/media\/2054"}],"wp:attachment":[{"href":"https:\/\/kidshouse.cz\/index.php\/wp-json\/wp\/v2\/media?parent=2052"}],"wp:term":[{"taxonomy":"category","embeddable":true,"href":"https:\/\/kidshouse.cz\/index.php\/wp-json\/wp\/v2\/categories?post=2052"},{"taxonomy":"post_tag","embeddable":true,"href":"https:\/\/kidshouse.cz\/index.php\/wp-json\/wp\/v2\/tags?post=2052"}],"curies":[{"name":"wp","href":"https:\/\/api.w.org\/{rel}","templated":true}]}}