{"id":2711,"date":"2022-08-04T00:01:00","date_gmt":"2022-08-03T22:01:00","guid":{"rendered":"https:\/\/kidshouse.cz\/?p=2711"},"modified":"2022-08-05T12:04:38","modified_gmt":"2022-08-05T10:04:38","slug":"letni-babyboom-v-zoo-praha","status":"publish","type":"post","link":"https:\/\/kidshouse.cz\/index.php\/2022\/08\/04\/letni-babyboom-v-zoo-praha\/","title":{"rendered":"Letn\u00ed babyboom v Zoo Praha"},"content":{"rendered":"\n<div style=\"height:33px\" aria-hidden=\"true\" class=\"wp-block-spacer\"><\/div>\n\n\n\n<p><strong>Nejen na ja\u0159e, ale i v\u00a0polovin\u011b l\u00e9ta je Zoo Praha pln\u00e1 ml\u00e1\u010fat. Dov\u00e1d\u011bn\u00ed troj\u010dat huti\u00ed bav\u00ed n\u00e1v\u0161t\u011bvn\u00edky ka\u017ed\u00e9ho v\u011bku a sotva vyl\u00edhl\u00ed plame\u0148\u00e1ci se u\u017e nemotorn\u00fdmi kroky p\u0159ibli\u017euj\u00ed k\u00a0vod\u011b. Chovatelsky cenn\u00e9 jsou p\u0159\u00edr\u016fstky z\u00e1stupc\u016f v\u00fdchodoasijsk\u00e9 fauny \u2013 b\u00e1jn\u011b zn\u011bj\u00edc\u00edch goral\u016f \u010di satyr\u016f.<\/strong><\/p>\n\n\n\n<figure class=\"wp-block-image size-large\"><img loading=\"lazy\" decoding=\"async\" width=\"1024\" height=\"682\" src=\"https:\/\/kidshouse.cz\/wp-content\/uploads\/2022\/08\/Foto-2_Z09_2510_export-1024x682.jpg\" alt=\"\" class=\"wp-image-2713\" srcset=\"https:\/\/kidshouse.cz\/wp-content\/uploads\/2022\/08\/Foto-2_Z09_2510_export-1024x682.jpg 1024w, https:\/\/kidshouse.cz\/wp-content\/uploads\/2022\/08\/Foto-2_Z09_2510_export-300x200.jpg 300w, https:\/\/kidshouse.cz\/wp-content\/uploads\/2022\/08\/Foto-2_Z09_2510_export-768x512.jpg 768w, https:\/\/kidshouse.cz\/wp-content\/uploads\/2022\/08\/Foto-2_Z09_2510_export.jpg 1250w\" sizes=\"(max-width: 1024px) 100vw, 1024px\" \/><figcaption>Hutie kub\u00e1nsk\u00e1 s ml\u00e1\u010faty<\/figcaption><\/figure>\n\n\n\n<p>V\u00a0expozici mal\u00fdch americk\u00fdch savc\u016f mohou lid\u00e9 pozorovat dvout\u00fddenn\u00ed ml\u00e1\u010fata huti\u00ed\u00a0\u2013 kub\u00e1nsk\u00fdch endemick\u00fdch hlodavc\u016f, kter\u00fdm se n\u011bkdy \u0159\u00edk\u00e1 \u201estromov\u00e9 nutrie\u201c. <em>\u201eNa prvn\u00ed pohled p\u016fsob\u00ed pon\u011bkud neohraban\u011b<\/em>, <em>av\u0161ak jsou to skv\u011bl\u00ed lezci. I to se v\u0161ak ml\u00e1\u010fata musej\u00ed nau\u010dit. O to z\u00e1bavn\u011bj\u0161\u00ed je mal\u00e9 hutie sledovat, jak se seznamuj\u00ed se sv\u011btem,\u201c <\/em><strong>popisuje skota\u010div\u00e1 troj\u010data vrchn\u00ed chovatelka mal\u00fdch savc\u016f Denisa Zb\u011bhl\u00edkov\u00e1<\/strong>.<\/p>\n\n\n\n<figure class=\"wp-block-image size-large\"><img loading=\"lazy\" decoding=\"async\" width=\"1024\" height=\"683\" src=\"https:\/\/kidshouse.cz\/wp-content\/uploads\/2022\/08\/Foto-3_Z09_1647_export-1024x683.jpg\" alt=\"\" class=\"wp-image-2714\" srcset=\"https:\/\/kidshouse.cz\/wp-content\/uploads\/2022\/08\/Foto-3_Z09_1647_export-1024x683.jpg 1024w, https:\/\/kidshouse.cz\/wp-content\/uploads\/2022\/08\/Foto-3_Z09_1647_export-300x200.jpg 300w, https:\/\/kidshouse.cz\/wp-content\/uploads\/2022\/08\/Foto-3_Z09_1647_export-768x512.jpg 768w, https:\/\/kidshouse.cz\/wp-content\/uploads\/2022\/08\/Foto-3_Z09_1647_export.jpg 1250w\" sizes=\"(max-width: 1024px) 100vw, 1024px\" \/><figcaption>Ml\u00e1d\u011b plame\u0148\u00e1ka chilsk\u00e9ho<\/figcaption><\/figure>\n\n\n\n<p>Ru\u0161no v\u0161ak nen\u00ed jen u savc\u016f. Vysok\u00e1 j\u00edlovit\u00e1 hn\u00edzda v\u00a0t\u011bchto dnech opou\u0161t\u011bj\u00ed ml\u00e1\u010fata hned dvou druh\u016f plame\u0148\u00e1k\u016f \u2013 r\u016f\u017eov\u00fdch i chilsk\u00fdch. Na rozd\u00edl od huti\u00ed v\u0161ak nejde o\u00a0mal\u00e9 kopie sv\u00fdch rodi\u010d\u016f. <em>\u201ePo vyl\u00edhnut\u00ed str\u00e1v\u00ed mal\u00fd, \u0161ed\u011b ochm\u00fd\u0159en\u00fd plame\u0148\u00e1k v\u00a0hn\u00edzd\u011b asi t\u0159i dny. Pot\u00e9 sesko\u010d\u00ed a spolu s\u00a0dal\u0161\u00edmi pt\u00e1\u010daty utvo\u0159\u00ed jak\u00e9si \u0161kolky. V\u00a0t\u011bch se pak sdru\u017euj\u00ed, ne\u017e asi za \u010dty\u0159i a\u017e p\u011bt m\u011bs\u00edc\u016f dorostou do podoby dosp\u011blce,\u201c <\/em><strong>vysv\u011btluje proces dosp\u00edv\u00e1n\u00ed plame\u0148\u00e1k\u016f kur\u00e1tor pt\u00e1k\u016f Anton\u00edn Vaidl<\/strong>.<\/p>\n\n\n\n<figure class=\"wp-block-image size-large\"><img loading=\"lazy\" decoding=\"async\" width=\"1024\" height=\"683\" src=\"https:\/\/kidshouse.cz\/wp-content\/uploads\/2022\/08\/Foto-4_Z09_1732_export-1024x683.jpg\" alt=\"\" class=\"wp-image-2715\" srcset=\"https:\/\/kidshouse.cz\/wp-content\/uploads\/2022\/08\/Foto-4_Z09_1732_export-1024x683.jpg 1024w, https:\/\/kidshouse.cz\/wp-content\/uploads\/2022\/08\/Foto-4_Z09_1732_export-300x200.jpg 300w, https:\/\/kidshouse.cz\/wp-content\/uploads\/2022\/08\/Foto-4_Z09_1732_export-768x512.jpg 768w, https:\/\/kidshouse.cz\/wp-content\/uploads\/2022\/08\/Foto-4_Z09_1732_export.jpg 1250w\" sizes=\"(max-width: 1024px) 100vw, 1024px\" \/><figcaption>Ml\u00e1d\u011b satyra Cabotova<\/figcaption><\/figure>\n\n\n\n<p>P\u0159\u00edr\u016fstk\u016f mezi ope\u0159enci m\u016f\u017eou n\u00e1v\u0161t\u011bvn\u00edci sledovat des\u00edtky po cel\u00e9m are\u00e1lu zoo. Velmi cenn\u00e9 je vyl\u00edhnut\u00ed satyr\u016f Cabotov\u00fdch. Ba\u017eantovit\u00fd pt\u00e1k, jeho\u017e samec p\u0159i toku p\u0159ipom\u00edn\u00e1 stejnojmenn\u00e9ho b\u00e1jn\u00e9ho tvora z\u00a0\u0159eck\u00e9 mytologie d\u00edky \u201er\u016f\u017ek\u016fm\u201c z\u00a0pe\u0159\u00ed na hlav\u011b, je za\u0159azen na \u010cerven\u00fd seznam IUCN \u2013 na v\u00fdchod\u011b \u010c\u00edny u\u017e zb\u00fdv\u00e1 jen n\u011bkolik tis\u00edc jedinc\u016f. Zoo Praha vede jeho Evropskou plemennou knihu. <em>\u201e<\/em><strong><em>Na\u0161e t\u0159i ku\u0159ata jsou letos jedin\u00fdmi p\u0159\u00edr\u016fstky v\u00a0zoo cel\u00e9 kontinent\u00e1ln\u00ed Evropy,\u201c <\/em>p\u0159ipom\u00edn\u00e1 n\u00e1ro\u010dnost chovu satyr\u016f Vaidl<\/strong>.<\/p>\n\n\n\n<figure class=\"wp-block-image size-large\"><img loading=\"lazy\" decoding=\"async\" width=\"1024\" height=\"682\" src=\"https:\/\/kidshouse.cz\/wp-content\/uploads\/2022\/08\/Foto-5_Z09_0328_export-1024x682.jpg\" alt=\"\" class=\"wp-image-2717\" srcset=\"https:\/\/kidshouse.cz\/wp-content\/uploads\/2022\/08\/Foto-5_Z09_0328_export-1024x682.jpg 1024w, https:\/\/kidshouse.cz\/wp-content\/uploads\/2022\/08\/Foto-5_Z09_0328_export-300x200.jpg 300w, https:\/\/kidshouse.cz\/wp-content\/uploads\/2022\/08\/Foto-5_Z09_0328_export-768x512.jpg 768w, https:\/\/kidshouse.cz\/wp-content\/uploads\/2022\/08\/Foto-5_Z09_0328_export.jpg 1250w\" sizes=\"(max-width: 1024px) 100vw, 1024px\" \/><figcaption>Ml\u00e1d\u011b se narodilo 15. 7. 2022<\/figcaption><\/figure>\n\n\n\n<p>Nem\u00e9n\u011b cenn\u00fd je mlad\u00fd same\u010dek gorala se\u010du\u00e1nsk\u00e9ho. Stejn\u011b jako satyr je i tento sudokopytn\u00edk z\u00e1stupcem v\u00fdchodoasijsk\u00e9 p\u0159\u00edrody a v\u00a0jeho p\u0159\u00edpad\u011b jde o v\u016fbec jedin\u00fd leto\u0161n\u00ed p\u0159\u00edr\u016fstek tohoto druhu v\u00a0Evrop\u011b. <em>\u201eNarodil se 15. \u010dervence a o 10 dn\u00ed pozd\u011bji u\u017e se s\u00a0matkou odv\u00e1\u017eil poprv\u00e9 do venkovn\u00edho v\u00fdb\u011bhu. Lid\u00e9 tak u\u017e nyn\u00ed mohou rodinnou skupinku v\u010detn\u011b leto\u0161n\u00edho benjam\u00ednka pozorovat v\u00a0horn\u00ed \u010d\u00e1sti zoo \u2013 nejaktivn\u011bj\u0161\u00ed b\u00fdvaj\u00ed mezi 10.30 a 11.30 dopoledne,\u201c<\/em><strong> l\u00e1k\u00e1 kur\u00e1torka kopytn\u00edk\u016f Barbora Dobi\u00e1\u0161ov\u00e1<\/strong>.<\/p>\n\n\n\n<figure class=\"wp-block-image size-large\"><img loading=\"lazy\" decoding=\"async\" width=\"1024\" height=\"682\" src=\"https:\/\/kidshouse.cz\/wp-content\/uploads\/2022\/08\/Foto-1_Z09_1828_export-1024x682.jpg\" alt=\"\" class=\"wp-image-2712\" srcset=\"https:\/\/kidshouse.cz\/wp-content\/uploads\/2022\/08\/Foto-1_Z09_1828_export-1024x682.jpg 1024w, https:\/\/kidshouse.cz\/wp-content\/uploads\/2022\/08\/Foto-1_Z09_1828_export-300x200.jpg 300w, https:\/\/kidshouse.cz\/wp-content\/uploads\/2022\/08\/Foto-1_Z09_1828_export-768x512.jpg 768w, https:\/\/kidshouse.cz\/wp-content\/uploads\/2022\/08\/Foto-1_Z09_1828_export.jpg 1250w\" sizes=\"(max-width: 1024px) 100vw, 1024px\" \/><figcaption>Ml\u00e1d\u011b hutie kub\u00e1nsk\u00e9<\/figcaption><\/figure>\n\n\n\n<p><strong>V\u00a0Zoo Praha se letos narodilo u\u017e bezm\u00e1la 700 ml\u00e1\u010fat ve 155 druz\u00edch: z\u00a0toho 188 savc\u016f, 341 pt\u00e1k\u016f, 147 plaz\u016f a 14 oboj\u017eiveln\u00edk\u016f. N\u00e1v\u0161t\u011bvn\u00edci mohou v\u00a0are\u00e1lu d\u00e1le pozorovat i\u00a0jarn\u00ed, u\u017e odrostlej\u0161\u00ed ml\u00e1\u010fata nap\u0159\u00edklad tu\u010d\u0148\u00e1k\u016f Humboldtov\u00fdch, vlk\u016f h\u0159ivnat\u00fdch, velbloud\u016f dvouhrb\u00fdch \u010di lemur\u016f kata.<\/strong><\/p>\n\n\n\n<div style=\"height:100px\" aria-hidden=\"true\" class=\"wp-block-spacer\"><\/div>\n\n\n\n<figure class=\"wp-block-gallery columns-2 is-cropped wp-block-gallery-1 is-layout-flex wp-block-gallery-is-layout-flex\"><ul class=\"blocks-gallery-grid\"><li class=\"blocks-gallery-item\"><figure><img loading=\"lazy\" decoding=\"async\" width=\"1024\" height=\"682\" src=\"https:\/\/kidshouse.cz\/wp-content\/uploads\/2022\/08\/Foto-5_Z09_0328_export-1024x682.jpg\" alt=\"\" data-id=\"2717\" data-full-url=\"https:\/\/kidshouse.cz\/wp-content\/uploads\/2022\/08\/Foto-5_Z09_0328_export.jpg\" data-link=\"https:\/\/kidshouse.cz\/?attachment_id=2717\" class=\"wp-image-2717\" srcset=\"https:\/\/kidshouse.cz\/wp-content\/uploads\/2022\/08\/Foto-5_Z09_0328_export-1024x682.jpg 1024w, https:\/\/kidshouse.cz\/wp-content\/uploads\/2022\/08\/Foto-5_Z09_0328_export-300x200.jpg 300w, https:\/\/kidshouse.cz\/wp-content\/uploads\/2022\/08\/Foto-5_Z09_0328_export-768x512.jpg 768w, https:\/\/kidshouse.cz\/wp-content\/uploads\/2022\/08\/Foto-5_Z09_0328_export.jpg 1250w\" sizes=\"(max-width: 1024px) 100vw, 1024px\" \/><figcaption class=\"blocks-gallery-item__caption\">Ml\u00e1d\u011b se narodilo 15. 7. 2022<\/figcaption><\/figure><\/li><li class=\"blocks-gallery-item\"><figure><img loading=\"lazy\" decoding=\"async\" width=\"1024\" height=\"683\" src=\"https:\/\/kidshouse.cz\/wp-content\/uploads\/2022\/08\/Foto-4_Z09_1732_export-1024x683.jpg\" alt=\"\" data-id=\"2715\" data-full-url=\"https:\/\/kidshouse.cz\/wp-content\/uploads\/2022\/08\/Foto-4_Z09_1732_export.jpg\" data-link=\"https:\/\/kidshouse.cz\/?attachment_id=2715\" class=\"wp-image-2715\" srcset=\"https:\/\/kidshouse.cz\/wp-content\/uploads\/2022\/08\/Foto-4_Z09_1732_export-1024x683.jpg 1024w, https:\/\/kidshouse.cz\/wp-content\/uploads\/2022\/08\/Foto-4_Z09_1732_export-300x200.jpg 300w, https:\/\/kidshouse.cz\/wp-content\/uploads\/2022\/08\/Foto-4_Z09_1732_export-768x512.jpg 768w, https:\/\/kidshouse.cz\/wp-content\/uploads\/2022\/08\/Foto-4_Z09_1732_export.jpg 1250w\" sizes=\"(max-width: 1024px) 100vw, 1024px\" \/><figcaption class=\"blocks-gallery-item__caption\">Ml\u00e1d\u011b satyra Cabotova<\/figcaption><\/figure><\/li><li class=\"blocks-gallery-item\"><figure><img loading=\"lazy\" decoding=\"async\" width=\"1024\" height=\"683\" src=\"https:\/\/kidshouse.cz\/wp-content\/uploads\/2022\/08\/Foto-3_Z09_1647_export-1024x683.jpg\" alt=\"\" data-id=\"2714\" data-full-url=\"https:\/\/kidshouse.cz\/wp-content\/uploads\/2022\/08\/Foto-3_Z09_1647_export.jpg\" data-link=\"https:\/\/kidshouse.cz\/?attachment_id=2714\" class=\"wp-image-2714\" srcset=\"https:\/\/kidshouse.cz\/wp-content\/uploads\/2022\/08\/Foto-3_Z09_1647_export-1024x683.jpg 1024w, https:\/\/kidshouse.cz\/wp-content\/uploads\/2022\/08\/Foto-3_Z09_1647_export-300x200.jpg 300w, https:\/\/kidshouse.cz\/wp-content\/uploads\/2022\/08\/Foto-3_Z09_1647_export-768x512.jpg 768w, https:\/\/kidshouse.cz\/wp-content\/uploads\/2022\/08\/Foto-3_Z09_1647_export.jpg 1250w\" sizes=\"(max-width: 1024px) 100vw, 1024px\" \/><figcaption class=\"blocks-gallery-item__caption\">Ml\u00e1d\u011b plame\u0148\u00e1ka chilsk\u00e9ho<\/figcaption><\/figure><\/li><li class=\"blocks-gallery-item\"><figure><img loading=\"lazy\" decoding=\"async\" width=\"1024\" height=\"682\" src=\"https:\/\/kidshouse.cz\/wp-content\/uploads\/2022\/08\/Foto-2_Z09_2510_export-1024x682.jpg\" alt=\"\" data-id=\"2713\" data-full-url=\"https:\/\/kidshouse.cz\/wp-content\/uploads\/2022\/08\/Foto-2_Z09_2510_export.jpg\" data-link=\"https:\/\/kidshouse.cz\/?attachment_id=2713\" class=\"wp-image-2713\" srcset=\"https:\/\/kidshouse.cz\/wp-content\/uploads\/2022\/08\/Foto-2_Z09_2510_export-1024x682.jpg 1024w, https:\/\/kidshouse.cz\/wp-content\/uploads\/2022\/08\/Foto-2_Z09_2510_export-300x200.jpg 300w, https:\/\/kidshouse.cz\/wp-content\/uploads\/2022\/08\/Foto-2_Z09_2510_export-768x512.jpg 768w, https:\/\/kidshouse.cz\/wp-content\/uploads\/2022\/08\/Foto-2_Z09_2510_export.jpg 1250w\" sizes=\"(max-width: 1024px) 100vw, 1024px\" \/><figcaption class=\"blocks-gallery-item__caption\">Hutie kub\u00e1nsk\u00e1 s ml\u00e1\u010faty<\/figcaption><\/figure><\/li><li class=\"blocks-gallery-item\"><figure><img loading=\"lazy\" decoding=\"async\" width=\"1024\" height=\"682\" src=\"https:\/\/kidshouse.cz\/wp-content\/uploads\/2022\/08\/Foto-1_Z09_1828_export-1024x682.jpg\" alt=\"\" data-id=\"2712\" data-full-url=\"https:\/\/kidshouse.cz\/wp-content\/uploads\/2022\/08\/Foto-1_Z09_1828_export.jpg\" data-link=\"https:\/\/kidshouse.cz\/?attachment_id=2712\" class=\"wp-image-2712\" srcset=\"https:\/\/kidshouse.cz\/wp-content\/uploads\/2022\/08\/Foto-1_Z09_1828_export-1024x682.jpg 1024w, https:\/\/kidshouse.cz\/wp-content\/uploads\/2022\/08\/Foto-1_Z09_1828_export-300x200.jpg 300w, https:\/\/kidshouse.cz\/wp-content\/uploads\/2022\/08\/Foto-1_Z09_1828_export-768x512.jpg 768w, https:\/\/kidshouse.cz\/wp-content\/uploads\/2022\/08\/Foto-1_Z09_1828_export.jpg 1250w\" sizes=\"(max-width: 1024px) 100vw, 1024px\" \/><figcaption class=\"blocks-gallery-item__caption\">Ml\u00e1d\u011b hutie kub\u00e1nsk\u00e9<\/figcaption><\/figure><\/li><\/ul><\/figure>\n\n\n\n<p><strong>Zdroj foto:<\/strong> ZOO PRAHA<\/p>\n\n\n\n<div style=\"height:49px\" aria-hidden=\"true\" class=\"wp-block-spacer\"><\/div>\n","protected":false},"excerpt":{"rendered":"<p>Nejen na ja\u0159e, ale i v\u00a0polovin\u011b l\u00e9ta je Zoo Praha pln\u00e1 ml\u00e1\u010fat. Dov\u00e1d\u011bn\u00ed troj\u010dat huti\u00ed bav\u00ed n\u00e1v\u0161t\u011bvn\u00edky ka\u017ed\u00e9ho v\u011bku a sotva vyl\u00edhl\u00ed plame\u0148\u00e1ci se u\u017e nemotorn\u00fdmi kroky p\u0159ibli\u017euj\u00ed k\u00a0vod\u011b. Chovatelsky cenn\u00e9 jsou p\u0159\u00edr\u016fstky z\u00e1stupc\u016f&#46;&#46;&#46;<\/p>\n","protected":false},"author":5,"featured_media":2713,"comment_status":"closed","ping_status":"closed","sticky":false,"template":"","format":"standard","meta":{"_monsterinsights_skip_tracking":false,"_monsterinsights_sitenote_active":false,"_monsterinsights_sitenote_note":"","_monsterinsights_sitenote_category":0,"footnotes":""},"categories":[2,13,9],"tags":[],"yoast_head":"<!-- This site is optimized with the Yoast SEO plugin v21.5 - https:\/\/yoast.com\/wordpress\/plugins\/seo\/ -->\n<title>Letn\u00ed babyboom v Zoo Praha - KIDSHOUSE.cz<\/title>\n<meta name=\"robots\" content=\"index, follow, max-snippet:-1, max-image-preview:large, max-video-preview:-1\" \/>\n<link rel=\"canonical\" href=\"https:\/\/kidshouse.cz\/index.php\/2022\/08\/04\/letni-babyboom-v-zoo-praha\/\" \/>\n<meta property=\"og:locale\" content=\"cs_CZ\" \/>\n<meta property=\"og:type\" content=\"article\" \/>\n<meta property=\"og:title\" content=\"Letn\u00ed babyboom v Zoo Praha - KIDSHOUSE.cz\" \/>\n<meta property=\"og:description\" content=\"Nejen na ja\u0159e, ale i v\u00a0polovin\u011b l\u00e9ta je Zoo Praha pln\u00e1 ml\u00e1\u010fat. Dov\u00e1d\u011bn\u00ed troj\u010dat huti\u00ed bav\u00ed n\u00e1v\u0161t\u011bvn\u00edky ka\u017ed\u00e9ho v\u011bku a sotva vyl\u00edhl\u00ed plame\u0148\u00e1ci se u\u017e nemotorn\u00fdmi kroky p\u0159ibli\u017euj\u00ed k\u00a0vod\u011b. Chovatelsky cenn\u00e9 jsou p\u0159\u00edr\u016fstky z\u00e1stupc\u016f&#046;&#046;&#046;\" \/>\n<meta property=\"og:url\" content=\"https:\/\/kidshouse.cz\/index.php\/2022\/08\/04\/letni-babyboom-v-zoo-praha\/\" \/>\n<meta property=\"og:site_name\" content=\"KIDSHOUSE.cz\" \/>\n<meta property=\"article:published_time\" content=\"2022-08-03T22:01:00+00:00\" \/>\n<meta property=\"article:modified_time\" content=\"2022-08-05T10:04:38+00:00\" \/>\n<meta property=\"og:image\" content=\"https:\/\/kidshouse.cz\/wp-content\/uploads\/2022\/08\/Foto-2_Z09_2510_export.jpg\" \/>\n\t<meta property=\"og:image:width\" content=\"1250\" \/>\n\t<meta property=\"og:image:height\" content=\"833\" \/>\n\t<meta property=\"og:image:type\" content=\"image\/jpeg\" \/>\n<meta name=\"author\" content=\"Petra Kub\u00edkov\u00e1\" \/>\n<meta name=\"twitter:card\" content=\"summary_large_image\" \/>\n<meta name=\"twitter:label1\" content=\"Napsal(a)\" \/>\n\t<meta name=\"twitter:data1\" content=\"Petra Kub\u00edkov\u00e1\" \/>\n\t<meta name=\"twitter:label2\" content=\"Odhadovan\u00e1 doba \u010dten\u00ed\" \/>\n\t<meta name=\"twitter:data2\" content=\"3 minuty\" \/>\n<script type=\"application\/ld+json\" class=\"yoast-schema-graph\">{\"@context\":\"https:\/\/schema.org\",\"@graph\":[{\"@type\":\"Article\",\"@id\":\"https:\/\/kidshouse.cz\/index.php\/2022\/08\/04\/letni-babyboom-v-zoo-praha\/#article\",\"isPartOf\":{\"@id\":\"https:\/\/kidshouse.cz\/index.php\/2022\/08\/04\/letni-babyboom-v-zoo-praha\/\"},\"author\":{\"name\":\"Petra Kub\u00edkov\u00e1\",\"@id\":\"https:\/\/kidshouse.cz\/#\/schema\/person\/24273273874f58817160abccc31716fd\"},\"headline\":\"Letn\u00ed babyboom v Zoo Praha\",\"datePublished\":\"2022-08-03T22:01:00+00:00\",\"dateModified\":\"2022-08-05T10:04:38+00:00\",\"mainEntityOfPage\":{\"@id\":\"https:\/\/kidshouse.cz\/index.php\/2022\/08\/04\/letni-babyboom-v-zoo-praha\/\"},\"wordCount\":601,\"publisher\":{\"@id\":\"https:\/\/kidshouse.cz\/#organization\"},\"articleSection\":[\"NEWS\",\"PRO NEJMEN\u0160\u00cd\",\"TIPY\"],\"inLanguage\":\"cs\"},{\"@type\":\"WebPage\",\"@id\":\"https:\/\/kidshouse.cz\/index.php\/2022\/08\/04\/letni-babyboom-v-zoo-praha\/\",\"url\":\"https:\/\/kidshouse.cz\/index.php\/2022\/08\/04\/letni-babyboom-v-zoo-praha\/\",\"name\":\"Letn\u00ed babyboom v Zoo Praha - KIDSHOUSE.cz\",\"isPartOf\":{\"@id\":\"https:\/\/kidshouse.cz\/#website\"},\"datePublished\":\"2022-08-03T22:01:00+00:00\",\"dateModified\":\"2022-08-05T10:04:38+00:00\",\"breadcrumb\":{\"@id\":\"https:\/\/kidshouse.cz\/index.php\/2022\/08\/04\/letni-babyboom-v-zoo-praha\/#breadcrumb\"},\"inLanguage\":\"cs\",\"potentialAction\":[{\"@type\":\"ReadAction\",\"target\":[\"https:\/\/kidshouse.cz\/index.php\/2022\/08\/04\/letni-babyboom-v-zoo-praha\/\"]}]},{\"@type\":\"BreadcrumbList\",\"@id\":\"https:\/\/kidshouse.cz\/index.php\/2022\/08\/04\/letni-babyboom-v-zoo-praha\/#breadcrumb\",\"itemListElement\":[{\"@type\":\"ListItem\",\"position\":1,\"name\":\"Dom\u016f\",\"item\":\"https:\/\/kidshouse.cz\/\"},{\"@type\":\"ListItem\",\"position\":2,\"name\":\"Letn\u00ed babyboom v Zoo Praha\"}]},{\"@type\":\"WebSite\",\"@id\":\"https:\/\/kidshouse.cz\/#website\",\"url\":\"https:\/\/kidshouse.cz\/\",\"name\":\"KIDSHOUSE.cz\",\"description\":\"Port\u00e1l pro d\u011bti a jejich rodi\u010de...\",\"publisher\":{\"@id\":\"https:\/\/kidshouse.cz\/#organization\"},\"potentialAction\":[{\"@type\":\"SearchAction\",\"target\":{\"@type\":\"EntryPoint\",\"urlTemplate\":\"https:\/\/kidshouse.cz\/?s={search_term_string}\"},\"query-input\":\"required name=search_term_string\"}],\"inLanguage\":\"cs\"},{\"@type\":\"Organization\",\"@id\":\"https:\/\/kidshouse.cz\/#organization\",\"name\":\"KIDSHOUSE.cz\",\"url\":\"https:\/\/kidshouse.cz\/\",\"logo\":{\"@type\":\"ImageObject\",\"inLanguage\":\"cs\",\"@id\":\"https:\/\/kidshouse.cz\/#\/schema\/logo\/image\/\",\"url\":\"https:\/\/kidshouse.cz\/wp-content\/uploads\/2020\/06\/Logo_KIDSHOUSE_2.jpg\",\"contentUrl\":\"https:\/\/kidshouse.cz\/wp-content\/uploads\/2020\/06\/Logo_KIDSHOUSE_2.jpg\",\"width\":996,\"height\":357,\"caption\":\"KIDSHOUSE.cz\"},\"image\":{\"@id\":\"https:\/\/kidshouse.cz\/#\/schema\/logo\/image\/\"}},{\"@type\":\"Person\",\"@id\":\"https:\/\/kidshouse.cz\/#\/schema\/person\/24273273874f58817160abccc31716fd\",\"name\":\"Petra Kub\u00edkov\u00e1\",\"image\":{\"@type\":\"ImageObject\",\"inLanguage\":\"cs\",\"@id\":\"https:\/\/kidshouse.cz\/#\/schema\/person\/image\/\",\"url\":\"https:\/\/secure.gravatar.com\/avatar\/b73acd1265062ae3b93da9908474de40?s=96&d=mm&r=g\",\"contentUrl\":\"https:\/\/secure.gravatar.com\/avatar\/b73acd1265062ae3b93da9908474de40?s=96&d=mm&r=g\",\"caption\":\"Petra Kub\u00edkov\u00e1\"},\"sameAs\":[\"http:\/\/KIDSHOUSE.cz\"],\"url\":\"https:\/\/kidshouse.cz\/index.php\/author\/kubip\/\"}]}<\/script>\n<!-- \/ Yoast SEO plugin. -->","yoast_head_json":{"title":"Letn\u00ed babyboom v Zoo Praha - KIDSHOUSE.cz","robots":{"index":"index","follow":"follow","max-snippet":"max-snippet:-1","max-image-preview":"max-image-preview:large","max-video-preview":"max-video-preview:-1"},"canonical":"https:\/\/kidshouse.cz\/index.php\/2022\/08\/04\/letni-babyboom-v-zoo-praha\/","og_locale":"cs_CZ","og_type":"article","og_title":"Letn\u00ed babyboom v Zoo Praha - KIDSHOUSE.cz","og_description":"Nejen na ja\u0159e, ale i v\u00a0polovin\u011b l\u00e9ta je Zoo Praha pln\u00e1 ml\u00e1\u010fat. Dov\u00e1d\u011bn\u00ed troj\u010dat huti\u00ed bav\u00ed n\u00e1v\u0161t\u011bvn\u00edky ka\u017ed\u00e9ho v\u011bku a sotva vyl\u00edhl\u00ed plame\u0148\u00e1ci se u\u017e nemotorn\u00fdmi kroky p\u0159ibli\u017euj\u00ed k\u00a0vod\u011b. Chovatelsky cenn\u00e9 jsou p\u0159\u00edr\u016fstky z\u00e1stupc\u016f&#46;&#46;&#46;","og_url":"https:\/\/kidshouse.cz\/index.php\/2022\/08\/04\/letni-babyboom-v-zoo-praha\/","og_site_name":"KIDSHOUSE.cz","article_published_time":"2022-08-03T22:01:00+00:00","article_modified_time":"2022-08-05T10:04:38+00:00","og_image":[{"width":1250,"height":833,"url":"https:\/\/kidshouse.cz\/wp-content\/uploads\/2022\/08\/Foto-2_Z09_2510_export.jpg","type":"image\/jpeg"}],"author":"Petra Kub\u00edkov\u00e1","twitter_card":"summary_large_image","twitter_misc":{"Napsal(a)":"Petra Kub\u00edkov\u00e1","Odhadovan\u00e1 doba \u010dten\u00ed":"3 minuty"},"schema":{"@context":"https:\/\/schema.org","@graph":[{"@type":"Article","@id":"https:\/\/kidshouse.cz\/index.php\/2022\/08\/04\/letni-babyboom-v-zoo-praha\/#article","isPartOf":{"@id":"https:\/\/kidshouse.cz\/index.php\/2022\/08\/04\/letni-babyboom-v-zoo-praha\/"},"author":{"name":"Petra Kub\u00edkov\u00e1","@id":"https:\/\/kidshouse.cz\/#\/schema\/person\/24273273874f58817160abccc31716fd"},"headline":"Letn\u00ed babyboom v Zoo Praha","datePublished":"2022-08-03T22:01:00+00:00","dateModified":"2022-08-05T10:04:38+00:00","mainEntityOfPage":{"@id":"https:\/\/kidshouse.cz\/index.php\/2022\/08\/04\/letni-babyboom-v-zoo-praha\/"},"wordCount":601,"publisher":{"@id":"https:\/\/kidshouse.cz\/#organization"},"articleSection":["NEWS","PRO NEJMEN\u0160\u00cd","TIPY"],"inLanguage":"cs"},{"@type":"WebPage","@id":"https:\/\/kidshouse.cz\/index.php\/2022\/08\/04\/letni-babyboom-v-zoo-praha\/","url":"https:\/\/kidshouse.cz\/index.php\/2022\/08\/04\/letni-babyboom-v-zoo-praha\/","name":"Letn\u00ed babyboom v Zoo Praha - KIDSHOUSE.cz","isPartOf":{"@id":"https:\/\/kidshouse.cz\/#website"},"datePublished":"2022-08-03T22:01:00+00:00","dateModified":"2022-08-05T10:04:38+00:00","breadcrumb":{"@id":"https:\/\/kidshouse.cz\/index.php\/2022\/08\/04\/letni-babyboom-v-zoo-praha\/#breadcrumb"},"inLanguage":"cs","potentialAction":[{"@type":"ReadAction","target":["https:\/\/kidshouse.cz\/index.php\/2022\/08\/04\/letni-babyboom-v-zoo-praha\/"]}]},{"@type":"BreadcrumbList","@id":"https:\/\/kidshouse.cz\/index.php\/2022\/08\/04\/letni-babyboom-v-zoo-praha\/#breadcrumb","itemListElement":[{"@type":"ListItem","position":1,"name":"Dom\u016f","item":"https:\/\/kidshouse.cz\/"},{"@type":"ListItem","position":2,"name":"Letn\u00ed babyboom v Zoo Praha"}]},{"@type":"WebSite","@id":"https:\/\/kidshouse.cz\/#website","url":"https:\/\/kidshouse.cz\/","name":"KIDSHOUSE.cz","description":"Port\u00e1l pro d\u011bti a jejich rodi\u010de...","publisher":{"@id":"https:\/\/kidshouse.cz\/#organization"},"potentialAction":[{"@type":"SearchAction","target":{"@type":"EntryPoint","urlTemplate":"https:\/\/kidshouse.cz\/?s={search_term_string}"},"query-input":"required name=search_term_string"}],"inLanguage":"cs"},{"@type":"Organization","@id":"https:\/\/kidshouse.cz\/#organization","name":"KIDSHOUSE.cz","url":"https:\/\/kidshouse.cz\/","logo":{"@type":"ImageObject","inLanguage":"cs","@id":"https:\/\/kidshouse.cz\/#\/schema\/logo\/image\/","url":"https:\/\/kidshouse.cz\/wp-content\/uploads\/2020\/06\/Logo_KIDSHOUSE_2.jpg","contentUrl":"https:\/\/kidshouse.cz\/wp-content\/uploads\/2020\/06\/Logo_KIDSHOUSE_2.jpg","width":996,"height":357,"caption":"KIDSHOUSE.cz"},"image":{"@id":"https:\/\/kidshouse.cz\/#\/schema\/logo\/image\/"}},{"@type":"Person","@id":"https:\/\/kidshouse.cz\/#\/schema\/person\/24273273874f58817160abccc31716fd","name":"Petra Kub\u00edkov\u00e1","image":{"@type":"ImageObject","inLanguage":"cs","@id":"https:\/\/kidshouse.cz\/#\/schema\/person\/image\/","url":"https:\/\/secure.gravatar.com\/avatar\/b73acd1265062ae3b93da9908474de40?s=96&d=mm&r=g","contentUrl":"https:\/\/secure.gravatar.com\/avatar\/b73acd1265062ae3b93da9908474de40?s=96&d=mm&r=g","caption":"Petra Kub\u00edkov\u00e1"},"sameAs":["http:\/\/KIDSHOUSE.cz"],"url":"https:\/\/kidshouse.cz\/index.php\/author\/kubip\/"}]}},"_links":{"self":[{"href":"https:\/\/kidshouse.cz\/index.php\/wp-json\/wp\/v2\/posts\/2711"}],"collection":[{"href":"https:\/\/kidshouse.cz\/index.php\/wp-json\/wp\/v2\/posts"}],"about":[{"href":"https:\/\/kidshouse.cz\/index.php\/wp-json\/wp\/v2\/types\/post"}],"author":[{"embeddable":true,"href":"https:\/\/kidshouse.cz\/index.php\/wp-json\/wp\/v2\/users\/5"}],"replies":[{"embeddable":true,"href":"https:\/\/kidshouse.cz\/index.php\/wp-json\/wp\/v2\/comments?post=2711"}],"version-history":[{"count":1,"href":"https:\/\/kidshouse.cz\/index.php\/wp-json\/wp\/v2\/posts\/2711\/revisions"}],"predecessor-version":[{"id":2718,"href":"https:\/\/kidshouse.cz\/index.php\/wp-json\/wp\/v2\/posts\/2711\/revisions\/2718"}],"wp:featuredmedia":[{"embeddable":true,"href":"https:\/\/kidshouse.cz\/index.php\/wp-json\/wp\/v2\/media\/2713"}],"wp:attachment":[{"href":"https:\/\/kidshouse.cz\/index.php\/wp-json\/wp\/v2\/media?parent=2711"}],"wp:term":[{"taxonomy":"category","embeddable":true,"href":"https:\/\/kidshouse.cz\/index.php\/wp-json\/wp\/v2\/categories?post=2711"},{"taxonomy":"post_tag","embeddable":true,"href":"https:\/\/kidshouse.cz\/index.php\/wp-json\/wp\/v2\/tags?post=2711"}],"curies":[{"name":"wp","href":"https:\/\/api.w.org\/{rel}","templated":true}]}}