{"id":2763,"date":"2022-08-30T01:09:00","date_gmt":"2022-08-29T23:09:00","guid":{"rendered":"https:\/\/kidshouse.cz\/?p=2763"},"modified":"2022-08-31T01:12:31","modified_gmt":"2022-08-30T23:12:31","slug":"ve-ctvrtek-1-zari-mohou-deti-za-korunu-do-zoo-praha","status":"publish","type":"post","link":"https:\/\/kidshouse.cz\/index.php\/2022\/08\/30\/ve-ctvrtek-1-zari-mohou-deti-za-korunu-do-zoo-praha\/","title":{"rendered":"Ve \u010dtvrtek 1. z\u00e1\u0159\u00ed mohou d\u011bti za korunu do Zoo Praha"},"content":{"rendered":"\n<div style=\"height:48px\" aria-hidden=\"true\" class=\"wp-block-spacer\"><\/div>\n\n\n\n<p><strong>Prvn\u00ed \u0161koln\u00ed den m\u016f\u017ee b\u00fdt n\u00e1ro\u010dn\u00fd pro d\u011bti i rodi\u010de. Zoo Praha proto zve ve \u010dtvrtek 1. z\u00e1\u0159\u00ed v\u0161echny d\u011bti do patn\u00e1cti let na n\u00e1v\u0161t\u011bvu zahrady za symbolickou korunu. Pro \u0161kol\u00e1ky i p\u0159ed\u0161kol\u00e1ky je nav\u00edc p\u0159ipravena \u0159ada her, aktivit a sout\u011b\u017e\u00ed se zv\u00ed\u0159ec\u00ed tematikou. B\u011bhem dne budou tak\u00e9 prob\u00edhat speci\u00e1ln\u00ed komentovan\u00e1 krmen\u00ed a setk\u00e1n\u00ed u vybran\u00fdch expozic.<\/strong><\/p>\n\n\n\n<div style=\"height:1px\" aria-hidden=\"true\" class=\"wp-block-spacer\"><\/div>\n\n\n\n<figure class=\"wp-block-image size-large\"><img decoding=\"async\" src=\"https:\/\/womenhouse.cz\/wp-content\/uploads\/2022\/08\/Foto_DSC_7217_export-1024x680.jpg\" alt=\"\" class=\"wp-image-8090\"\/><\/figure>\n\n\n\n<div style=\"height:25px\" aria-hidden=\"true\" class=\"wp-block-spacer\"><\/div>\n\n\n\n<h2 class=\"wp-block-heading\">Program na \u010dtvrtek 1. z\u00e1\u0159\u00ed<\/h2>\n\n\n\n<div style=\"height:10px\" aria-hidden=\"true\" class=\"wp-block-spacer\"><\/div>\n\n\n\n<p><strong>10.00 \u2013 16.00 Hern\u00ed stanovi\u0161t\u011b na terase Vzd\u011bl\u00e1vac\u00edho centra<\/strong><\/p>\n\n\n\n<div style=\"height:1px\" aria-hidden=\"true\" class=\"wp-block-spacer\"><\/div>\n\n\n\n<ul><li>Zv\u00ed\u0159ec\u00ed \u201enej\u201c: Zjisti, kter\u00e9 zv\u00ed\u0159e je v Zoo Praha nejmen\u0161\u00ed, \u010d\u00ed vejce je naopak nejv\u011bt\u0161\u00ed a kter\u00fd had je ze v\u0161ech nejdel\u0161\u00ed. Odpov\u00eddat na zv\u00eddav\u00e9 ot\u00e1zky budou zku\u0161en\u00ed pr\u016fvodci.<\/li><li>Jsi chyt\u0159ej\u0161\u00ed ne\u017e gorila \u010di papou\u0161ek? Uk\u00e1zka potravn\u00edch hlavolam\u016f, kter\u00e9 mus\u00ed \u0159e\u0161it na\u0161e zv\u00ed\u0159ata.<\/li><li>Rohy a parohy: Bl\u00ed\u017e\u00ed se podzim a s n\u00edm obdob\u00ed jelen\u00ed \u0159\u00edje. V\u00ed\u0161, kdo nos\u00ed rohy a&nbsp;kdo parohy? Vyzkou\u0161ej si, jak\u00e9 v\u00fdhody a nev\u00fdhody maj\u00ed jejich nositel\u00e9.<\/li><li>Hry pro nejmen\u0161\u00ed: Slo\u017e si maxi puzzle nebo vyzkou\u0161ej na\u0161e nau\u010dn\u00e9 pexeso a&nbsp;poznej na\u0161e nejnov\u011bj\u0161\u00ed obyvatele \u2013 vombata Coopera, luskouny jm\u00e9nem Guo Bao a Run Hou Tang a dal\u0161\u00ed!<\/li><li>Sta\u0148 se zv\u00ed\u0159etem: Vyrob si masku v na\u0161\u00ed kreativn\u00ed d\u00edln\u011b a sta\u0148 se gorilou, tygrem nebo lemurem.<\/li><li>P\u0159ihlas svou t\u0159\u00eddu do sout\u011b\u017ee a Sta\u0148 se str\u00e1\u017ecem pralesa!<\/li><\/ul>\n\n\n\n<div style=\"height:1px\" aria-hidden=\"true\" class=\"wp-block-spacer\"><\/div>\n\n\n\n<p><strong>10.00 \u2013 16.00 Speci\u00e1ln\u00ed komentovan\u00e1 krmen\u00ed a setk\u00e1n\u00ed<\/strong><\/p>\n\n\n\n<div style=\"height:1px\" aria-hidden=\"true\" class=\"wp-block-spacer\"><\/div>\n\n\n\n<ul><li>10.00 komentovan\u00e9 krmen\u00ed fenk\u016f<\/li><li>10.30 komentovan\u00e9 krmen\u00ed klokan\u016f obrovsk\u00fdch a klokan\u016f rudokrk\u00fdch<\/li><li>11.00 komentovan\u00e9 krmen\u00ed ch\u00e1pan\u016f st\u0159edoamerick\u00fdch mexick\u00fdch<\/li><li>12.30 komentovan\u00e9 setk\u00e1n\u00ed u medojed\u016f<\/li><li>13.00 komentovan\u00e9 setk\u00e1n\u00ed u mangust li\u0161\u010d\u00edch<\/li><li>13.30 komentovan\u00e9 setk\u00e1n\u00ed u hrab\u00e1\u010d\u016f<\/li><li>14.00 komentovan\u00e9 setk\u00e1n\u00ed u vombata obecn\u00e9ho<\/li><li>15.00 komentovan\u00e9 setk\u00e1n\u00ed u \u010f\u00e1bl\u016f medv\u011bdovit\u00fdch<\/li><li>15.30 komentovan\u00e9 setk\u00e1n\u00ed u hroch\u016f oboj\u017eiveln\u00fdch<\/li><\/ul>\n\n\n\n<div style=\"height:100px\" aria-hidden=\"true\" class=\"wp-block-spacer\"><\/div>\n\n\n\n<figure class=\"wp-block-gallery columns-2 is-cropped wp-block-gallery-1 is-layout-flex wp-block-gallery-is-layout-flex\"><ul class=\"blocks-gallery-grid\"><li class=\"blocks-gallery-item\"><figure><img decoding=\"async\" src=\"https:\/\/womenhouse.cz\/wp-content\/uploads\/2022\/08\/Foto-2_D85_3720_export-1024x683.jpg\" alt=\"\" data-id=\"8091\" data-link=\"https:\/\/womenhouse.cz\/?attachment_id=8091\" class=\"wp-image-8091\"\/><\/figure><\/li><li class=\"blocks-gallery-item\"><figure><img decoding=\"async\" src=\"https:\/\/womenhouse.cz\/wp-content\/uploads\/2022\/08\/Foto-1_Z09_1828_export-1024x682.jpg\" alt=\"\" data-id=\"8092\" data-full-url=\"https:\/\/womenhouse.cz\/wp-content\/uploads\/2022\/08\/Foto-1_Z09_1828_export.jpg\" data-link=\"https:\/\/womenhouse.cz\/?attachment_id=8092\" class=\"wp-image-8092\"\/><\/figure><\/li><li class=\"blocks-gallery-item\"><figure><img decoding=\"async\" src=\"https:\/\/womenhouse.cz\/wp-content\/uploads\/2022\/08\/Foto-2_Z09_2510_export-1024x682.jpg\" alt=\"\" data-id=\"8093\" data-full-url=\"https:\/\/womenhouse.cz\/wp-content\/uploads\/2022\/08\/Foto-2_Z09_2510_export.jpg\" data-link=\"https:\/\/womenhouse.cz\/?attachment_id=8093\" class=\"wp-image-8093\"\/><\/figure><\/li><li class=\"blocks-gallery-item\"><figure><img decoding=\"async\" src=\"https:\/\/womenhouse.cz\/wp-content\/uploads\/2022\/08\/Foto-3_Z09_1647_export-1024x683.jpg\" alt=\"\" data-id=\"8094\" data-full-url=\"https:\/\/womenhouse.cz\/wp-content\/uploads\/2022\/08\/Foto-3_Z09_1647_export.jpg\" data-link=\"https:\/\/womenhouse.cz\/?attachment_id=8094\" class=\"wp-image-8094\"\/><\/figure><\/li><li class=\"blocks-gallery-item\"><figure><img decoding=\"async\" src=\"https:\/\/womenhouse.cz\/wp-content\/uploads\/2022\/08\/Foto-4_Z09_1732_export-1024x683.jpg\" alt=\"\" data-id=\"8095\" data-full-url=\"https:\/\/womenhouse.cz\/wp-content\/uploads\/2022\/08\/Foto-4_Z09_1732_export.jpg\" data-link=\"https:\/\/womenhouse.cz\/?attachment_id=8095\" class=\"wp-image-8095\"\/><\/figure><\/li><li class=\"blocks-gallery-item\"><figure><img decoding=\"async\" src=\"https:\/\/womenhouse.cz\/wp-content\/uploads\/2022\/08\/Foto-5_Z09_0328_export-1024x682.jpg\" alt=\"\" data-id=\"8096\" data-full-url=\"https:\/\/womenhouse.cz\/wp-content\/uploads\/2022\/08\/Foto-5_Z09_0328_export.jpg\" data-link=\"https:\/\/womenhouse.cz\/?attachment_id=8096\" class=\"wp-image-8096\"\/><\/figure><\/li><\/ul><\/figure>\n\n\n\n<p><strong>Zdroj foto: <\/strong>ZOO PRAHA<\/p>\n\n\n\n<div style=\"height:100px\" aria-hidden=\"true\" class=\"wp-block-spacer\"><\/div>\n","protected":false},"excerpt":{"rendered":"<p>Prvn\u00ed \u0161koln\u00ed den m\u016f\u017ee b\u00fdt n\u00e1ro\u010dn\u00fd pro d\u011bti i rodi\u010de. Zoo Praha proto zve ve \u010dtvrtek 1. z\u00e1\u0159\u00ed v\u0161echny d\u011bti do patn\u00e1cti let na n\u00e1v\u0161t\u011bvu zahrady za symbolickou korunu. Pro \u0161kol\u00e1ky i p\u0159ed\u0161kol\u00e1ky je&#46;&#46;&#46;<\/p>\n","protected":false},"author":5,"featured_media":2764,"comment_status":"closed","ping_status":"closed","sticky":false,"template":"","format":"standard","meta":{"_monsterinsights_skip_tracking":false,"_monsterinsights_sitenote_active":false,"_monsterinsights_sitenote_note":"","_monsterinsights_sitenote_category":0,"footnotes":""},"categories":[17,2,13,9],"tags":[],"yoast_head":"<!-- This site is optimized with the Yoast SEO plugin v21.5 - https:\/\/yoast.com\/wordpress\/plugins\/seo\/ -->\n<title>Ve \u010dtvrtek 1. z\u00e1\u0159\u00ed mohou d\u011bti za korunu do Zoo Praha - KIDSHOUSE.cz<\/title>\n<meta name=\"robots\" content=\"index, follow, max-snippet:-1, max-image-preview:large, max-video-preview:-1\" \/>\n<link rel=\"canonical\" href=\"https:\/\/kidshouse.cz\/index.php\/2022\/08\/30\/ve-ctvrtek-1-zari-mohou-deti-za-korunu-do-zoo-praha\/\" \/>\n<meta property=\"og:locale\" content=\"cs_CZ\" \/>\n<meta property=\"og:type\" content=\"article\" \/>\n<meta property=\"og:title\" content=\"Ve \u010dtvrtek 1. z\u00e1\u0159\u00ed mohou d\u011bti za korunu do Zoo Praha - KIDSHOUSE.cz\" \/>\n<meta property=\"og:description\" content=\"Prvn\u00ed \u0161koln\u00ed den m\u016f\u017ee b\u00fdt n\u00e1ro\u010dn\u00fd pro d\u011bti i rodi\u010de. Zoo Praha proto zve ve \u010dtvrtek 1. z\u00e1\u0159\u00ed v\u0161echny d\u011bti do patn\u00e1cti let na n\u00e1v\u0161t\u011bvu zahrady za symbolickou korunu. Pro \u0161kol\u00e1ky i p\u0159ed\u0161kol\u00e1ky je&#046;&#046;&#046;\" \/>\n<meta property=\"og:url\" content=\"https:\/\/kidshouse.cz\/index.php\/2022\/08\/30\/ve-ctvrtek-1-zari-mohou-deti-za-korunu-do-zoo-praha\/\" \/>\n<meta property=\"og:site_name\" content=\"KIDSHOUSE.cz\" \/>\n<meta property=\"article:published_time\" content=\"2022-08-29T23:09:00+00:00\" \/>\n<meta property=\"article:modified_time\" content=\"2022-08-30T23:12:31+00:00\" \/>\n<meta property=\"og:image\" content=\"https:\/\/kidshouse.cz\/wp-content\/uploads\/2022\/08\/Foto_DSC_7217_export.jpg\" \/>\n\t<meta property=\"og:image:width\" content=\"1450\" \/>\n\t<meta property=\"og:image:height\" content=\"963\" \/>\n\t<meta property=\"og:image:type\" content=\"image\/jpeg\" \/>\n<meta name=\"author\" content=\"Petra Kub\u00edkov\u00e1\" \/>\n<meta name=\"twitter:card\" content=\"summary_large_image\" \/>\n<meta name=\"twitter:label1\" content=\"Napsal(a)\" \/>\n\t<meta name=\"twitter:data1\" content=\"Petra Kub\u00edkov\u00e1\" \/>\n\t<meta name=\"twitter:label2\" content=\"Odhadovan\u00e1 doba \u010dten\u00ed\" \/>\n\t<meta name=\"twitter:data2\" content=\"2 minuty\" \/>\n<script type=\"application\/ld+json\" class=\"yoast-schema-graph\">{\"@context\":\"https:\/\/schema.org\",\"@graph\":[{\"@type\":\"Article\",\"@id\":\"https:\/\/kidshouse.cz\/index.php\/2022\/08\/30\/ve-ctvrtek-1-zari-mohou-deti-za-korunu-do-zoo-praha\/#article\",\"isPartOf\":{\"@id\":\"https:\/\/kidshouse.cz\/index.php\/2022\/08\/30\/ve-ctvrtek-1-zari-mohou-deti-za-korunu-do-zoo-praha\/\"},\"author\":{\"name\":\"Petra Kub\u00edkov\u00e1\",\"@id\":\"https:\/\/kidshouse.cz\/#\/schema\/person\/24273273874f58817160abccc31716fd\"},\"headline\":\"Ve \u010dtvrtek 1. z\u00e1\u0159\u00ed mohou d\u011bti za korunu do Zoo Praha\",\"datePublished\":\"2022-08-29T23:09:00+00:00\",\"dateModified\":\"2022-08-30T23:12:31+00:00\",\"mainEntityOfPage\":{\"@id\":\"https:\/\/kidshouse.cz\/index.php\/2022\/08\/30\/ve-ctvrtek-1-zari-mohou-deti-za-korunu-do-zoo-praha\/\"},\"wordCount\":337,\"publisher\":{\"@id\":\"https:\/\/kidshouse.cz\/#organization\"},\"articleSection\":[\"AKCE\",\"NEWS\",\"PRO NEJMEN\u0160\u00cd\",\"TIPY\"],\"inLanguage\":\"cs\"},{\"@type\":\"WebPage\",\"@id\":\"https:\/\/kidshouse.cz\/index.php\/2022\/08\/30\/ve-ctvrtek-1-zari-mohou-deti-za-korunu-do-zoo-praha\/\",\"url\":\"https:\/\/kidshouse.cz\/index.php\/2022\/08\/30\/ve-ctvrtek-1-zari-mohou-deti-za-korunu-do-zoo-praha\/\",\"name\":\"Ve \u010dtvrtek 1. z\u00e1\u0159\u00ed mohou d\u011bti za korunu do Zoo Praha - KIDSHOUSE.cz\",\"isPartOf\":{\"@id\":\"https:\/\/kidshouse.cz\/#website\"},\"datePublished\":\"2022-08-29T23:09:00+00:00\",\"dateModified\":\"2022-08-30T23:12:31+00:00\",\"breadcrumb\":{\"@id\":\"https:\/\/kidshouse.cz\/index.php\/2022\/08\/30\/ve-ctvrtek-1-zari-mohou-deti-za-korunu-do-zoo-praha\/#breadcrumb\"},\"inLanguage\":\"cs\",\"potentialAction\":[{\"@type\":\"ReadAction\",\"target\":[\"https:\/\/kidshouse.cz\/index.php\/2022\/08\/30\/ve-ctvrtek-1-zari-mohou-deti-za-korunu-do-zoo-praha\/\"]}]},{\"@type\":\"BreadcrumbList\",\"@id\":\"https:\/\/kidshouse.cz\/index.php\/2022\/08\/30\/ve-ctvrtek-1-zari-mohou-deti-za-korunu-do-zoo-praha\/#breadcrumb\",\"itemListElement\":[{\"@type\":\"ListItem\",\"position\":1,\"name\":\"Dom\u016f\",\"item\":\"https:\/\/kidshouse.cz\/\"},{\"@type\":\"ListItem\",\"position\":2,\"name\":\"Ve \u010dtvrtek 1. z\u00e1\u0159\u00ed mohou d\u011bti za korunu do Zoo Praha\"}]},{\"@type\":\"WebSite\",\"@id\":\"https:\/\/kidshouse.cz\/#website\",\"url\":\"https:\/\/kidshouse.cz\/\",\"name\":\"KIDSHOUSE.cz\",\"description\":\"Port\u00e1l pro d\u011bti a jejich rodi\u010de...\",\"publisher\":{\"@id\":\"https:\/\/kidshouse.cz\/#organization\"},\"potentialAction\":[{\"@type\":\"SearchAction\",\"target\":{\"@type\":\"EntryPoint\",\"urlTemplate\":\"https:\/\/kidshouse.cz\/?s={search_term_string}\"},\"query-input\":\"required name=search_term_string\"}],\"inLanguage\":\"cs\"},{\"@type\":\"Organization\",\"@id\":\"https:\/\/kidshouse.cz\/#organization\",\"name\":\"KIDSHOUSE.cz\",\"url\":\"https:\/\/kidshouse.cz\/\",\"logo\":{\"@type\":\"ImageObject\",\"inLanguage\":\"cs\",\"@id\":\"https:\/\/kidshouse.cz\/#\/schema\/logo\/image\/\",\"url\":\"https:\/\/kidshouse.cz\/wp-content\/uploads\/2020\/06\/Logo_KIDSHOUSE_2.jpg\",\"contentUrl\":\"https:\/\/kidshouse.cz\/wp-content\/uploads\/2020\/06\/Logo_KIDSHOUSE_2.jpg\",\"width\":996,\"height\":357,\"caption\":\"KIDSHOUSE.cz\"},\"image\":{\"@id\":\"https:\/\/kidshouse.cz\/#\/schema\/logo\/image\/\"}},{\"@type\":\"Person\",\"@id\":\"https:\/\/kidshouse.cz\/#\/schema\/person\/24273273874f58817160abccc31716fd\",\"name\":\"Petra Kub\u00edkov\u00e1\",\"image\":{\"@type\":\"ImageObject\",\"inLanguage\":\"cs\",\"@id\":\"https:\/\/kidshouse.cz\/#\/schema\/person\/image\/\",\"url\":\"https:\/\/secure.gravatar.com\/avatar\/b73acd1265062ae3b93da9908474de40?s=96&d=mm&r=g\",\"contentUrl\":\"https:\/\/secure.gravatar.com\/avatar\/b73acd1265062ae3b93da9908474de40?s=96&d=mm&r=g\",\"caption\":\"Petra Kub\u00edkov\u00e1\"},\"sameAs\":[\"http:\/\/KIDSHOUSE.cz\"],\"url\":\"https:\/\/kidshouse.cz\/index.php\/author\/kubip\/\"}]}<\/script>\n<!-- \/ Yoast SEO plugin. -->","yoast_head_json":{"title":"Ve \u010dtvrtek 1. z\u00e1\u0159\u00ed mohou d\u011bti za korunu do Zoo Praha - KIDSHOUSE.cz","robots":{"index":"index","follow":"follow","max-snippet":"max-snippet:-1","max-image-preview":"max-image-preview:large","max-video-preview":"max-video-preview:-1"},"canonical":"https:\/\/kidshouse.cz\/index.php\/2022\/08\/30\/ve-ctvrtek-1-zari-mohou-deti-za-korunu-do-zoo-praha\/","og_locale":"cs_CZ","og_type":"article","og_title":"Ve \u010dtvrtek 1. z\u00e1\u0159\u00ed mohou d\u011bti za korunu do Zoo Praha - KIDSHOUSE.cz","og_description":"Prvn\u00ed \u0161koln\u00ed den m\u016f\u017ee b\u00fdt n\u00e1ro\u010dn\u00fd pro d\u011bti i rodi\u010de. Zoo Praha proto zve ve \u010dtvrtek 1. z\u00e1\u0159\u00ed v\u0161echny d\u011bti do patn\u00e1cti let na n\u00e1v\u0161t\u011bvu zahrady za symbolickou korunu. Pro \u0161kol\u00e1ky i p\u0159ed\u0161kol\u00e1ky je&#46;&#46;&#46;","og_url":"https:\/\/kidshouse.cz\/index.php\/2022\/08\/30\/ve-ctvrtek-1-zari-mohou-deti-za-korunu-do-zoo-praha\/","og_site_name":"KIDSHOUSE.cz","article_published_time":"2022-08-29T23:09:00+00:00","article_modified_time":"2022-08-30T23:12:31+00:00","og_image":[{"width":1450,"height":963,"url":"https:\/\/kidshouse.cz\/wp-content\/uploads\/2022\/08\/Foto_DSC_7217_export.jpg","type":"image\/jpeg"}],"author":"Petra Kub\u00edkov\u00e1","twitter_card":"summary_large_image","twitter_misc":{"Napsal(a)":"Petra Kub\u00edkov\u00e1","Odhadovan\u00e1 doba \u010dten\u00ed":"2 minuty"},"schema":{"@context":"https:\/\/schema.org","@graph":[{"@type":"Article","@id":"https:\/\/kidshouse.cz\/index.php\/2022\/08\/30\/ve-ctvrtek-1-zari-mohou-deti-za-korunu-do-zoo-praha\/#article","isPartOf":{"@id":"https:\/\/kidshouse.cz\/index.php\/2022\/08\/30\/ve-ctvrtek-1-zari-mohou-deti-za-korunu-do-zoo-praha\/"},"author":{"name":"Petra Kub\u00edkov\u00e1","@id":"https:\/\/kidshouse.cz\/#\/schema\/person\/24273273874f58817160abccc31716fd"},"headline":"Ve \u010dtvrtek 1. z\u00e1\u0159\u00ed mohou d\u011bti za korunu do Zoo Praha","datePublished":"2022-08-29T23:09:00+00:00","dateModified":"2022-08-30T23:12:31+00:00","mainEntityOfPage":{"@id":"https:\/\/kidshouse.cz\/index.php\/2022\/08\/30\/ve-ctvrtek-1-zari-mohou-deti-za-korunu-do-zoo-praha\/"},"wordCount":337,"publisher":{"@id":"https:\/\/kidshouse.cz\/#organization"},"articleSection":["AKCE","NEWS","PRO NEJMEN\u0160\u00cd","TIPY"],"inLanguage":"cs"},{"@type":"WebPage","@id":"https:\/\/kidshouse.cz\/index.php\/2022\/08\/30\/ve-ctvrtek-1-zari-mohou-deti-za-korunu-do-zoo-praha\/","url":"https:\/\/kidshouse.cz\/index.php\/2022\/08\/30\/ve-ctvrtek-1-zari-mohou-deti-za-korunu-do-zoo-praha\/","name":"Ve \u010dtvrtek 1. z\u00e1\u0159\u00ed mohou d\u011bti za korunu do Zoo Praha - KIDSHOUSE.cz","isPartOf":{"@id":"https:\/\/kidshouse.cz\/#website"},"datePublished":"2022-08-29T23:09:00+00:00","dateModified":"2022-08-30T23:12:31+00:00","breadcrumb":{"@id":"https:\/\/kidshouse.cz\/index.php\/2022\/08\/30\/ve-ctvrtek-1-zari-mohou-deti-za-korunu-do-zoo-praha\/#breadcrumb"},"inLanguage":"cs","potentialAction":[{"@type":"ReadAction","target":["https:\/\/kidshouse.cz\/index.php\/2022\/08\/30\/ve-ctvrtek-1-zari-mohou-deti-za-korunu-do-zoo-praha\/"]}]},{"@type":"BreadcrumbList","@id":"https:\/\/kidshouse.cz\/index.php\/2022\/08\/30\/ve-ctvrtek-1-zari-mohou-deti-za-korunu-do-zoo-praha\/#breadcrumb","itemListElement":[{"@type":"ListItem","position":1,"name":"Dom\u016f","item":"https:\/\/kidshouse.cz\/"},{"@type":"ListItem","position":2,"name":"Ve \u010dtvrtek 1. z\u00e1\u0159\u00ed mohou d\u011bti za korunu do Zoo Praha"}]},{"@type":"WebSite","@id":"https:\/\/kidshouse.cz\/#website","url":"https:\/\/kidshouse.cz\/","name":"KIDSHOUSE.cz","description":"Port\u00e1l pro d\u011bti a jejich rodi\u010de...","publisher":{"@id":"https:\/\/kidshouse.cz\/#organization"},"potentialAction":[{"@type":"SearchAction","target":{"@type":"EntryPoint","urlTemplate":"https:\/\/kidshouse.cz\/?s={search_term_string}"},"query-input":"required name=search_term_string"}],"inLanguage":"cs"},{"@type":"Organization","@id":"https:\/\/kidshouse.cz\/#organization","name":"KIDSHOUSE.cz","url":"https:\/\/kidshouse.cz\/","logo":{"@type":"ImageObject","inLanguage":"cs","@id":"https:\/\/kidshouse.cz\/#\/schema\/logo\/image\/","url":"https:\/\/kidshouse.cz\/wp-content\/uploads\/2020\/06\/Logo_KIDSHOUSE_2.jpg","contentUrl":"https:\/\/kidshouse.cz\/wp-content\/uploads\/2020\/06\/Logo_KIDSHOUSE_2.jpg","width":996,"height":357,"caption":"KIDSHOUSE.cz"},"image":{"@id":"https:\/\/kidshouse.cz\/#\/schema\/logo\/image\/"}},{"@type":"Person","@id":"https:\/\/kidshouse.cz\/#\/schema\/person\/24273273874f58817160abccc31716fd","name":"Petra Kub\u00edkov\u00e1","image":{"@type":"ImageObject","inLanguage":"cs","@id":"https:\/\/kidshouse.cz\/#\/schema\/person\/image\/","url":"https:\/\/secure.gravatar.com\/avatar\/b73acd1265062ae3b93da9908474de40?s=96&d=mm&r=g","contentUrl":"https:\/\/secure.gravatar.com\/avatar\/b73acd1265062ae3b93da9908474de40?s=96&d=mm&r=g","caption":"Petra Kub\u00edkov\u00e1"},"sameAs":["http:\/\/KIDSHOUSE.cz"],"url":"https:\/\/kidshouse.cz\/index.php\/author\/kubip\/"}]}},"_links":{"self":[{"href":"https:\/\/kidshouse.cz\/index.php\/wp-json\/wp\/v2\/posts\/2763"}],"collection":[{"href":"https:\/\/kidshouse.cz\/index.php\/wp-json\/wp\/v2\/posts"}],"about":[{"href":"https:\/\/kidshouse.cz\/index.php\/wp-json\/wp\/v2\/types\/post"}],"author":[{"embeddable":true,"href":"https:\/\/kidshouse.cz\/index.php\/wp-json\/wp\/v2\/users\/5"}],"replies":[{"embeddable":true,"href":"https:\/\/kidshouse.cz\/index.php\/wp-json\/wp\/v2\/comments?post=2763"}],"version-history":[{"count":1,"href":"https:\/\/kidshouse.cz\/index.php\/wp-json\/wp\/v2\/posts\/2763\/revisions"}],"predecessor-version":[{"id":2765,"href":"https:\/\/kidshouse.cz\/index.php\/wp-json\/wp\/v2\/posts\/2763\/revisions\/2765"}],"wp:featuredmedia":[{"embeddable":true,"href":"https:\/\/kidshouse.cz\/index.php\/wp-json\/wp\/v2\/media\/2764"}],"wp:attachment":[{"href":"https:\/\/kidshouse.cz\/index.php\/wp-json\/wp\/v2\/media?parent=2763"}],"wp:term":[{"taxonomy":"category","embeddable":true,"href":"https:\/\/kidshouse.cz\/index.php\/wp-json\/wp\/v2\/categories?post=2763"},{"taxonomy":"post_tag","embeddable":true,"href":"https:\/\/kidshouse.cz\/index.php\/wp-json\/wp\/v2\/tags?post=2763"}],"curies":[{"name":"wp","href":"https:\/\/api.w.org\/{rel}","templated":true}]}}