{"id":3176,"date":"2023-03-09T18:42:31","date_gmt":"2023-03-09T17:42:31","guid":{"rendered":"https:\/\/kidshouse.cz\/?p=3176"},"modified":"2023-03-09T18:47:28","modified_gmt":"2023-03-09T17:47:28","slug":"zoo-praha-prazske-hejno-tucnaku-ma-noveho-clena","status":"publish","type":"post","link":"https:\/\/kidshouse.cz\/index.php\/2023\/03\/09\/zoo-praha-prazske-hejno-tucnaku-ma-noveho-clena\/","title":{"rendered":"ZOO PRAHA: Pra\u017esk\u00e9  hejno tu\u010d\u0148\u00e1k\u016f m\u00e1 nov\u00e9ho \u010dlena"},"content":{"rendered":"\n<div style=\"height:41px\" aria-hidden=\"true\" class=\"wp-block-spacer\"><\/div>\n\n\n\n<p><strong>V&nbsp;Zoo Praha se vyl\u00edhlo ml\u00e1d\u011b tu\u010d\u0148\u00e1ka Humboldtova. Jeho odchov prob\u00edh\u00e1 p\u0159\u00edmo v expozici v&nbsp;Pavilonu tu\u010d\u0148\u00e1k\u016f, p\u0159irozen\u011b v&nbsp;hn\u00edzd\u011b rodi\u010d\u016f. Mal\u00fd tu\u010d\u0148\u00e1k p\u0159i\u0161el na sv\u011bt po 41 dnech dlouh\u00e9 inkubaci a stal se v&nbsp;po\u0159ad\u00ed 135. ml\u00e1d\u011btem tohoto druhu v&nbsp;historii pra\u017esk\u00e9 zoo.<\/strong><\/p>\n\n\n\n<div style=\"height:20px\" aria-hidden=\"true\" class=\"wp-block-spacer\"><\/div>\n\n\n\n<div class=\"wp-block-image\"><figure class=\"aligncenter size-large\"><img loading=\"lazy\" decoding=\"async\" width=\"1024\" height=\"683\" src=\"https:\/\/kidshouse.cz\/wp-content\/uploads\/2023\/03\/Foto-2_Z09_5776_export-1024x683.jpg\" alt=\"\" class=\"wp-image-3178\" srcset=\"https:\/\/kidshouse.cz\/wp-content\/uploads\/2023\/03\/Foto-2_Z09_5776_export-1024x683.jpg 1024w, https:\/\/kidshouse.cz\/wp-content\/uploads\/2023\/03\/Foto-2_Z09_5776_export-300x200.jpg 300w, https:\/\/kidshouse.cz\/wp-content\/uploads\/2023\/03\/Foto-2_Z09_5776_export-768x512.jpg 768w, https:\/\/kidshouse.cz\/wp-content\/uploads\/2023\/03\/Foto-2_Z09_5776_export.jpg 1250w\" sizes=\"(max-width: 1024px) 100vw, 1024px\" \/><\/figure><\/div>\n\n\n\n<div style=\"height:20px\" aria-hidden=\"true\" class=\"wp-block-spacer\"><\/div>\n\n\n\n<p><em>\u201eRodi\u010di ml\u00e1d\u011bte jsou patn\u00e1ctilet\u00fd samec Dvojte\u010dka p\u016fvodem ze zoo v n\u011bmeck\u00e9m Mannheimu a t\u0159\u00edlet\u00e1 samice z pra\u017esk\u00e9ho odchovu, kter\u00e9 se p\u0159ezd\u00edv\u00e1 pan\u00ed Dvojte\u010dkov\u00e1. Tu\u010d\u0148\u00e1ci toti\u017e tvo\u0159\u00ed trval\u00e9 p\u00e1ry,\u201c <\/em>vysv\u011btluje kur\u00e1tor pt\u00e1k\u016f Anton\u00edn Vaidl. Podle n\u011bj se zm\u00edn\u011bn\u00ed rodi\u010de o sv\u00e9ho potomka vzorn\u011b staraj\u00ed a oba ho krm\u00ed natr\u00e1venou ka\u0161\u00ed z&nbsp;mo\u0159sk\u00fdch ryb. <em>\u201eI p\u0159es vzornou p\u00e9\u010di je nutn\u00e9 ml\u00e1d\u011b pravideln\u011b prohl\u00ed\u017eet a v\u00e1\u017eit. P\u0159i vyl\u00edhnut\u00ed m\u011blo hmotnost 80&nbsp;gram\u016f, p\u00e1t\u00fd den ji\u017e 138&nbsp;gram\u016f a&nbsp;v\u016fbec vypad\u00e1 hou\u017eevnat\u011b,\u201c <\/em>dod\u00e1v\u00e1.<\/p>\n\n\n\n<div style=\"height:20px\" aria-hidden=\"true\" class=\"wp-block-spacer\"><\/div>\n\n\n\n<div class=\"wp-block-image\"><figure class=\"aligncenter size-large\"><img loading=\"lazy\" decoding=\"async\" width=\"1024\" height=\"683\" src=\"https:\/\/kidshouse.cz\/wp-content\/uploads\/2023\/03\/Foto-1_Z09_5684_export-1024x683.jpg\" alt=\"\" class=\"wp-image-3179\" srcset=\"https:\/\/kidshouse.cz\/wp-content\/uploads\/2023\/03\/Foto-1_Z09_5684_export-1024x683.jpg 1024w, https:\/\/kidshouse.cz\/wp-content\/uploads\/2023\/03\/Foto-1_Z09_5684_export-300x200.jpg 300w, https:\/\/kidshouse.cz\/wp-content\/uploads\/2023\/03\/Foto-1_Z09_5684_export-768x512.jpg 768w, https:\/\/kidshouse.cz\/wp-content\/uploads\/2023\/03\/Foto-1_Z09_5684_export.jpg 1250w\" sizes=\"(max-width: 1024px) 100vw, 1024px\" \/><\/figure><\/div>\n\n\n\n<div style=\"height:20px\" aria-hidden=\"true\" class=\"wp-block-spacer\"><\/div>\n\n\n\n<p>Pohlav\u00ed ml\u00e1d\u011bte zat\u00edm nen\u00ed zn\u00e1mo, chovatel\u00e9 ho budou zji\u0161\u0165ovat zhruba za dva m\u011bs\u00edce. V&nbsp;t\u00e9 dob\u011b by se mal\u00fd tu\u010d\u0148\u00e1k mohl poprv\u00e9 odv\u00e1\u017eit i do vody. Dal\u0161\u00ed v\u00edce ne\u017e&nbsp;rok bude m\u00edt \u0161ed\u00e9 zbarven\u00ed typick\u00e9 pro mlad\u00e9 jedince, ne\u017e p\u0159epe\u0159\u00ed do&nbsp;\u010dernob\u00edl\u00e9ho \u0161atu dosp\u011blc\u016f. <\/p>\n\n\n\n<p>Zoo Praha chov\u00e1 tu\u010d\u0148\u00e1ky Humboldtovy od za\u010d\u00e1tku 60. let 20. stolet\u00ed a pat\u0159\u00ed k\u00a0jejich \u00fasp\u011b\u0161n\u00fdm evropsk\u00fdm chovatel\u016fm. Aktu\u00e1ln\u011b mohou lid\u00e9 pozorovat v\u00a0Pavilonu tu\u010d\u0148\u00e1k\u016f v\u00a0doln\u00ed \u010d\u00e1sti zoo 29\u010dlennou skupinu. N\u00e1v\u0161t\u011bvn\u00edci se o nich mohou dozv\u011bd\u011bt v\u00edce p\u0159i jejich komentovan\u00e9m krmen\u00ed v\u017edy v\u00a0sobotu a ned\u011bli od 11 hodin.<\/p>\n\n\n\n<div style=\"height:20px\" aria-hidden=\"true\" class=\"wp-block-spacer\"><\/div>\n\n\n\n<figure class=\"wp-block-gallery aligncenter columns-1 is-cropped wp-block-gallery-1 is-layout-flex wp-block-gallery-is-layout-flex\"><ul class=\"blocks-gallery-grid\"><li class=\"blocks-gallery-item\"><figure><img loading=\"lazy\" decoding=\"async\" width=\"1024\" height=\"683\" src=\"https:\/\/kidshouse.cz\/wp-content\/uploads\/2023\/03\/Foto-3_Z09_5811_export-1024x683.jpg\" alt=\"\" data-id=\"3180\" data-full-url=\"https:\/\/kidshouse.cz\/wp-content\/uploads\/2023\/03\/Foto-3_Z09_5811_export.jpg\" data-link=\"https:\/\/kidshouse.cz\/?attachment_id=3180\" class=\"wp-image-3180\" srcset=\"https:\/\/kidshouse.cz\/wp-content\/uploads\/2023\/03\/Foto-3_Z09_5811_export-1024x683.jpg 1024w, https:\/\/kidshouse.cz\/wp-content\/uploads\/2023\/03\/Foto-3_Z09_5811_export-300x200.jpg 300w, https:\/\/kidshouse.cz\/wp-content\/uploads\/2023\/03\/Foto-3_Z09_5811_export-768x512.jpg 768w, https:\/\/kidshouse.cz\/wp-content\/uploads\/2023\/03\/Foto-3_Z09_5811_export.jpg 1250w\" sizes=\"(max-width: 1024px) 100vw, 1024px\" \/><\/figure><\/li><\/ul><\/figure>\n\n\n\n<div style=\"height:20px\" aria-hidden=\"true\" class=\"wp-block-spacer\"><\/div>\n\n\n\n<p>V \u010cerven\u00e9m seznamu IUCN je tu\u010d\u0148\u00e1k Humboldt\u016fv \u0159azen do kategorie zraniteln\u00fdch druh\u016f. Za jeho nejv\u011bt\u0161\u00ed hrozbu je pova\u017eov\u00e1n nadm\u011brn\u00fd pr\u016fmyslov\u00fd rybolov. Ob\u00fdv\u00e1 ji\u017en\u00ed polokouli, ale sv\u00fdm are\u00e1lem zasahuje a\u017e k\u00a0rovn\u00edku \u2013 oproti jin\u00fdm druh\u016fm hn\u00edzd\u00ed v\u00a0tropick\u00e9m p\u00e1smu na pob\u0159e\u017e\u00ed Ji\u017en\u00ed Ameriky, kde teplota dosahuje i 30\u00a0\u00b0C.<\/p>\n\n\n\n<div style=\"height:20px\" aria-hidden=\"true\" class=\"wp-block-spacer\"><\/div>\n\n\n\n<div style=\"height:20px\" aria-hidden=\"true\" class=\"wp-block-spacer\"><\/div>\n\n\n\n<figure class=\"wp-block-gallery columns-2 is-cropped wp-block-gallery-2 is-layout-flex wp-block-gallery-is-layout-flex\"><ul class=\"blocks-gallery-grid\"><li class=\"blocks-gallery-item\"><figure><img loading=\"lazy\" decoding=\"async\" width=\"1024\" height=\"683\" src=\"https:\/\/kidshouse.cz\/wp-content\/uploads\/2023\/03\/Foto-3_Z09_5811_export-1024x683.jpg\" alt=\"\" data-id=\"3180\" data-full-url=\"https:\/\/kidshouse.cz\/wp-content\/uploads\/2023\/03\/Foto-3_Z09_5811_export.jpg\" data-link=\"https:\/\/kidshouse.cz\/index.php\/2023\/03\/09\/prazske-hejno-tucnaku-ma-noveho-clena\/mlade-tucnaka-humboldtova-3\/\" class=\"wp-image-3180\" srcset=\"https:\/\/kidshouse.cz\/wp-content\/uploads\/2023\/03\/Foto-3_Z09_5811_export-1024x683.jpg 1024w, https:\/\/kidshouse.cz\/wp-content\/uploads\/2023\/03\/Foto-3_Z09_5811_export-300x200.jpg 300w, https:\/\/kidshouse.cz\/wp-content\/uploads\/2023\/03\/Foto-3_Z09_5811_export-768x512.jpg 768w, https:\/\/kidshouse.cz\/wp-content\/uploads\/2023\/03\/Foto-3_Z09_5811_export.jpg 1250w\" sizes=\"(max-width: 1024px) 100vw, 1024px\" \/><\/figure><\/li><li class=\"blocks-gallery-item\"><figure><img loading=\"lazy\" decoding=\"async\" width=\"1024\" height=\"683\" src=\"https:\/\/kidshouse.cz\/wp-content\/uploads\/2023\/03\/Foto-1_Z09_5684_export-1024x683.jpg\" alt=\"\" data-id=\"3179\" data-full-url=\"https:\/\/kidshouse.cz\/wp-content\/uploads\/2023\/03\/Foto-1_Z09_5684_export.jpg\" data-link=\"https:\/\/kidshouse.cz\/index.php\/2023\/03\/09\/prazske-hejno-tucnaku-ma-noveho-clena\/mlade-tucnaka-humboldtova-2\/\" class=\"wp-image-3179\" srcset=\"https:\/\/kidshouse.cz\/wp-content\/uploads\/2023\/03\/Foto-1_Z09_5684_export-1024x683.jpg 1024w, https:\/\/kidshouse.cz\/wp-content\/uploads\/2023\/03\/Foto-1_Z09_5684_export-300x200.jpg 300w, https:\/\/kidshouse.cz\/wp-content\/uploads\/2023\/03\/Foto-1_Z09_5684_export-768x512.jpg 768w, https:\/\/kidshouse.cz\/wp-content\/uploads\/2023\/03\/Foto-1_Z09_5684_export.jpg 1250w\" sizes=\"(max-width: 1024px) 100vw, 1024px\" \/><\/figure><\/li><li class=\"blocks-gallery-item\"><figure><img loading=\"lazy\" decoding=\"async\" width=\"1024\" height=\"683\" src=\"https:\/\/kidshouse.cz\/wp-content\/uploads\/2023\/03\/Foto-2_Z09_5776_export-1024x683.jpg\" alt=\"\" data-id=\"3178\" data-full-url=\"https:\/\/kidshouse.cz\/wp-content\/uploads\/2023\/03\/Foto-2_Z09_5776_export.jpg\" data-link=\"https:\/\/kidshouse.cz\/index.php\/2023\/03\/09\/prazske-hejno-tucnaku-ma-noveho-clena\/mlade-tucnaka-humboldtova\/\" class=\"wp-image-3178\" srcset=\"https:\/\/kidshouse.cz\/wp-content\/uploads\/2023\/03\/Foto-2_Z09_5776_export-1024x683.jpg 1024w, https:\/\/kidshouse.cz\/wp-content\/uploads\/2023\/03\/Foto-2_Z09_5776_export-300x200.jpg 300w, https:\/\/kidshouse.cz\/wp-content\/uploads\/2023\/03\/Foto-2_Z09_5776_export-768x512.jpg 768w, https:\/\/kidshouse.cz\/wp-content\/uploads\/2023\/03\/Foto-2_Z09_5776_export.jpg 1250w\" sizes=\"(max-width: 1024px) 100vw, 1024px\" \/><\/figure><\/li><\/ul><\/figure>\n\n\n\n<p><strong>Zdroj foto:<\/strong> Zoo Praha<\/p>\n\n\n\n<div style=\"height:100px\" aria-hidden=\"true\" class=\"wp-block-spacer\"><\/div>\n","protected":false},"excerpt":{"rendered":"<p>V&nbsp;Zoo Praha se vyl\u00edhlo ml\u00e1d\u011b tu\u010d\u0148\u00e1ka Humboldtova. Jeho odchov prob\u00edh\u00e1 p\u0159\u00edmo v expozici v&nbsp;Pavilonu tu\u010d\u0148\u00e1k\u016f, p\u0159irozen\u011b v&nbsp;hn\u00edzd\u011b rodi\u010d\u016f. Mal\u00fd tu\u010d\u0148\u00e1k p\u0159i\u0161el na sv\u011bt po 41 dnech dlouh\u00e9 inkubaci a stal se v&nbsp;po\u0159ad\u00ed 135. ml\u00e1d\u011btem&#46;&#46;&#46;<\/p>\n","protected":false},"author":8,"featured_media":3178,"comment_status":"closed","ping_status":"closed","sticky":false,"template":"","format":"standard","meta":{"_monsterinsights_skip_tracking":false,"_monsterinsights_sitenote_active":false,"_monsterinsights_sitenote_note":"","_monsterinsights_sitenote_category":0,"footnotes":""},"categories":[17,4,2,9],"tags":[],"yoast_head":"<!-- This site is optimized with the Yoast SEO plugin v21.5 - https:\/\/yoast.com\/wordpress\/plugins\/seo\/ -->\n<title>ZOO PRAHA: Pra\u017esk\u00e9 hejno tu\u010d\u0148\u00e1k\u016f m\u00e1 nov\u00e9ho \u010dlena - KIDSHOUSE.cz<\/title>\n<meta name=\"robots\" content=\"index, follow, max-snippet:-1, max-image-preview:large, max-video-preview:-1\" \/>\n<link rel=\"canonical\" href=\"https:\/\/kidshouse.cz\/index.php\/2023\/03\/09\/zoo-praha-prazske-hejno-tucnaku-ma-noveho-clena\/\" \/>\n<meta property=\"og:locale\" content=\"cs_CZ\" \/>\n<meta property=\"og:type\" content=\"article\" \/>\n<meta property=\"og:title\" content=\"ZOO PRAHA: Pra\u017esk\u00e9 hejno tu\u010d\u0148\u00e1k\u016f m\u00e1 nov\u00e9ho \u010dlena - KIDSHOUSE.cz\" \/>\n<meta property=\"og:description\" content=\"V&nbsp;Zoo Praha se vyl\u00edhlo ml\u00e1d\u011b tu\u010d\u0148\u00e1ka Humboldtova. Jeho odchov prob\u00edh\u00e1 p\u0159\u00edmo v expozici v&nbsp;Pavilonu tu\u010d\u0148\u00e1k\u016f, p\u0159irozen\u011b v&nbsp;hn\u00edzd\u011b rodi\u010d\u016f. Mal\u00fd tu\u010d\u0148\u00e1k p\u0159i\u0161el na sv\u011bt po 41 dnech dlouh\u00e9 inkubaci a stal se v&nbsp;po\u0159ad\u00ed 135. ml\u00e1d\u011btem&#046;&#046;&#046;\" \/>\n<meta property=\"og:url\" content=\"https:\/\/kidshouse.cz\/index.php\/2023\/03\/09\/zoo-praha-prazske-hejno-tucnaku-ma-noveho-clena\/\" \/>\n<meta property=\"og:site_name\" content=\"KIDSHOUSE.cz\" \/>\n<meta property=\"article:published_time\" content=\"2023-03-09T17:42:31+00:00\" \/>\n<meta property=\"article:modified_time\" content=\"2023-03-09T17:47:28+00:00\" \/>\n<meta property=\"og:image\" content=\"https:\/\/kidshouse.cz\/wp-content\/uploads\/2023\/03\/Foto-2_Z09_5776_export.jpg\" \/>\n\t<meta property=\"og:image:width\" content=\"1250\" \/>\n\t<meta property=\"og:image:height\" content=\"834\" \/>\n\t<meta property=\"og:image:type\" content=\"image\/jpeg\" \/>\n<meta name=\"author\" content=\"Jordana Pechov\u00e1\" \/>\n<meta name=\"twitter:card\" content=\"summary_large_image\" \/>\n<meta name=\"twitter:label1\" content=\"Napsal(a)\" \/>\n\t<meta name=\"twitter:data1\" content=\"Jordana Pechov\u00e1\" \/>\n\t<meta name=\"twitter:label2\" content=\"Odhadovan\u00e1 doba \u010dten\u00ed\" \/>\n\t<meta name=\"twitter:data2\" content=\"2 minuty\" \/>\n<script type=\"application\/ld+json\" class=\"yoast-schema-graph\">{\"@context\":\"https:\/\/schema.org\",\"@graph\":[{\"@type\":\"Article\",\"@id\":\"https:\/\/kidshouse.cz\/index.php\/2023\/03\/09\/zoo-praha-prazske-hejno-tucnaku-ma-noveho-clena\/#article\",\"isPartOf\":{\"@id\":\"https:\/\/kidshouse.cz\/index.php\/2023\/03\/09\/zoo-praha-prazske-hejno-tucnaku-ma-noveho-clena\/\"},\"author\":{\"name\":\"Jordana Pechov\u00e1\",\"@id\":\"https:\/\/kidshouse.cz\/#\/schema\/person\/1467438b3f6af2e8c3992789b0967193\"},\"headline\":\"ZOO PRAHA: Pra\u017esk\u00e9 hejno tu\u010d\u0148\u00e1k\u016f m\u00e1 nov\u00e9ho \u010dlena\",\"datePublished\":\"2023-03-09T17:42:31+00:00\",\"dateModified\":\"2023-03-09T17:47:28+00:00\",\"mainEntityOfPage\":{\"@id\":\"https:\/\/kidshouse.cz\/index.php\/2023\/03\/09\/zoo-praha-prazske-hejno-tucnaku-ma-noveho-clena\/\"},\"wordCount\":395,\"publisher\":{\"@id\":\"https:\/\/kidshouse.cz\/#organization\"},\"articleSection\":[\"AKCE\",\"FOTOREPORTY\",\"NEWS\",\"TIPY\"],\"inLanguage\":\"cs\"},{\"@type\":\"WebPage\",\"@id\":\"https:\/\/kidshouse.cz\/index.php\/2023\/03\/09\/zoo-praha-prazske-hejno-tucnaku-ma-noveho-clena\/\",\"url\":\"https:\/\/kidshouse.cz\/index.php\/2023\/03\/09\/zoo-praha-prazske-hejno-tucnaku-ma-noveho-clena\/\",\"name\":\"ZOO PRAHA: Pra\u017esk\u00e9 hejno tu\u010d\u0148\u00e1k\u016f m\u00e1 nov\u00e9ho \u010dlena - KIDSHOUSE.cz\",\"isPartOf\":{\"@id\":\"https:\/\/kidshouse.cz\/#website\"},\"datePublished\":\"2023-03-09T17:42:31+00:00\",\"dateModified\":\"2023-03-09T17:47:28+00:00\",\"breadcrumb\":{\"@id\":\"https:\/\/kidshouse.cz\/index.php\/2023\/03\/09\/zoo-praha-prazske-hejno-tucnaku-ma-noveho-clena\/#breadcrumb\"},\"inLanguage\":\"cs\",\"potentialAction\":[{\"@type\":\"ReadAction\",\"target\":[\"https:\/\/kidshouse.cz\/index.php\/2023\/03\/09\/zoo-praha-prazske-hejno-tucnaku-ma-noveho-clena\/\"]}]},{\"@type\":\"BreadcrumbList\",\"@id\":\"https:\/\/kidshouse.cz\/index.php\/2023\/03\/09\/zoo-praha-prazske-hejno-tucnaku-ma-noveho-clena\/#breadcrumb\",\"itemListElement\":[{\"@type\":\"ListItem\",\"position\":1,\"name\":\"Dom\u016f\",\"item\":\"https:\/\/kidshouse.cz\/\"},{\"@type\":\"ListItem\",\"position\":2,\"name\":\"ZOO PRAHA: Pra\u017esk\u00e9 hejno tu\u010d\u0148\u00e1k\u016f m\u00e1 nov\u00e9ho \u010dlena\"}]},{\"@type\":\"WebSite\",\"@id\":\"https:\/\/kidshouse.cz\/#website\",\"url\":\"https:\/\/kidshouse.cz\/\",\"name\":\"KIDSHOUSE.cz\",\"description\":\"Port\u00e1l pro d\u011bti a jejich rodi\u010de...\",\"publisher\":{\"@id\":\"https:\/\/kidshouse.cz\/#organization\"},\"potentialAction\":[{\"@type\":\"SearchAction\",\"target\":{\"@type\":\"EntryPoint\",\"urlTemplate\":\"https:\/\/kidshouse.cz\/?s={search_term_string}\"},\"query-input\":\"required name=search_term_string\"}],\"inLanguage\":\"cs\"},{\"@type\":\"Organization\",\"@id\":\"https:\/\/kidshouse.cz\/#organization\",\"name\":\"KIDSHOUSE.cz\",\"url\":\"https:\/\/kidshouse.cz\/\",\"logo\":{\"@type\":\"ImageObject\",\"inLanguage\":\"cs\",\"@id\":\"https:\/\/kidshouse.cz\/#\/schema\/logo\/image\/\",\"url\":\"https:\/\/kidshouse.cz\/wp-content\/uploads\/2020\/06\/Logo_KIDSHOUSE_2.jpg\",\"contentUrl\":\"https:\/\/kidshouse.cz\/wp-content\/uploads\/2020\/06\/Logo_KIDSHOUSE_2.jpg\",\"width\":996,\"height\":357,\"caption\":\"KIDSHOUSE.cz\"},\"image\":{\"@id\":\"https:\/\/kidshouse.cz\/#\/schema\/logo\/image\/\"}},{\"@type\":\"Person\",\"@id\":\"https:\/\/kidshouse.cz\/#\/schema\/person\/1467438b3f6af2e8c3992789b0967193\",\"name\":\"Jordana Pechov\u00e1\",\"image\":{\"@type\":\"ImageObject\",\"inLanguage\":\"cs\",\"@id\":\"https:\/\/kidshouse.cz\/#\/schema\/person\/image\/\",\"url\":\"https:\/\/secure.gravatar.com\/avatar\/349e898f7fe64c4a4839cc48a802dd9a?s=96&d=mm&r=g\",\"contentUrl\":\"https:\/\/secure.gravatar.com\/avatar\/349e898f7fe64c4a4839cc48a802dd9a?s=96&d=mm&r=g\",\"caption\":\"Jordana Pechov\u00e1\"},\"sameAs\":[\"http:\/\/KIDSHOUSE.cz\"],\"url\":\"https:\/\/kidshouse.cz\/index.php\/author\/jorpech\/\"}]}<\/script>\n<!-- \/ Yoast SEO plugin. -->","yoast_head_json":{"title":"ZOO PRAHA: Pra\u017esk\u00e9 hejno tu\u010d\u0148\u00e1k\u016f m\u00e1 nov\u00e9ho \u010dlena - KIDSHOUSE.cz","robots":{"index":"index","follow":"follow","max-snippet":"max-snippet:-1","max-image-preview":"max-image-preview:large","max-video-preview":"max-video-preview:-1"},"canonical":"https:\/\/kidshouse.cz\/index.php\/2023\/03\/09\/zoo-praha-prazske-hejno-tucnaku-ma-noveho-clena\/","og_locale":"cs_CZ","og_type":"article","og_title":"ZOO PRAHA: Pra\u017esk\u00e9 hejno tu\u010d\u0148\u00e1k\u016f m\u00e1 nov\u00e9ho \u010dlena - KIDSHOUSE.cz","og_description":"V&nbsp;Zoo Praha se vyl\u00edhlo ml\u00e1d\u011b tu\u010d\u0148\u00e1ka Humboldtova. Jeho odchov prob\u00edh\u00e1 p\u0159\u00edmo v expozici v&nbsp;Pavilonu tu\u010d\u0148\u00e1k\u016f, p\u0159irozen\u011b v&nbsp;hn\u00edzd\u011b rodi\u010d\u016f. Mal\u00fd tu\u010d\u0148\u00e1k p\u0159i\u0161el na sv\u011bt po 41 dnech dlouh\u00e9 inkubaci a stal se v&nbsp;po\u0159ad\u00ed 135. ml\u00e1d\u011btem&#46;&#46;&#46;","og_url":"https:\/\/kidshouse.cz\/index.php\/2023\/03\/09\/zoo-praha-prazske-hejno-tucnaku-ma-noveho-clena\/","og_site_name":"KIDSHOUSE.cz","article_published_time":"2023-03-09T17:42:31+00:00","article_modified_time":"2023-03-09T17:47:28+00:00","og_image":[{"width":1250,"height":834,"url":"https:\/\/kidshouse.cz\/wp-content\/uploads\/2023\/03\/Foto-2_Z09_5776_export.jpg","type":"image\/jpeg"}],"author":"Jordana Pechov\u00e1","twitter_card":"summary_large_image","twitter_misc":{"Napsal(a)":"Jordana Pechov\u00e1","Odhadovan\u00e1 doba \u010dten\u00ed":"2 minuty"},"schema":{"@context":"https:\/\/schema.org","@graph":[{"@type":"Article","@id":"https:\/\/kidshouse.cz\/index.php\/2023\/03\/09\/zoo-praha-prazske-hejno-tucnaku-ma-noveho-clena\/#article","isPartOf":{"@id":"https:\/\/kidshouse.cz\/index.php\/2023\/03\/09\/zoo-praha-prazske-hejno-tucnaku-ma-noveho-clena\/"},"author":{"name":"Jordana Pechov\u00e1","@id":"https:\/\/kidshouse.cz\/#\/schema\/person\/1467438b3f6af2e8c3992789b0967193"},"headline":"ZOO PRAHA: Pra\u017esk\u00e9 hejno tu\u010d\u0148\u00e1k\u016f m\u00e1 nov\u00e9ho \u010dlena","datePublished":"2023-03-09T17:42:31+00:00","dateModified":"2023-03-09T17:47:28+00:00","mainEntityOfPage":{"@id":"https:\/\/kidshouse.cz\/index.php\/2023\/03\/09\/zoo-praha-prazske-hejno-tucnaku-ma-noveho-clena\/"},"wordCount":395,"publisher":{"@id":"https:\/\/kidshouse.cz\/#organization"},"articleSection":["AKCE","FOTOREPORTY","NEWS","TIPY"],"inLanguage":"cs"},{"@type":"WebPage","@id":"https:\/\/kidshouse.cz\/index.php\/2023\/03\/09\/zoo-praha-prazske-hejno-tucnaku-ma-noveho-clena\/","url":"https:\/\/kidshouse.cz\/index.php\/2023\/03\/09\/zoo-praha-prazske-hejno-tucnaku-ma-noveho-clena\/","name":"ZOO PRAHA: Pra\u017esk\u00e9 hejno tu\u010d\u0148\u00e1k\u016f m\u00e1 nov\u00e9ho \u010dlena - KIDSHOUSE.cz","isPartOf":{"@id":"https:\/\/kidshouse.cz\/#website"},"datePublished":"2023-03-09T17:42:31+00:00","dateModified":"2023-03-09T17:47:28+00:00","breadcrumb":{"@id":"https:\/\/kidshouse.cz\/index.php\/2023\/03\/09\/zoo-praha-prazske-hejno-tucnaku-ma-noveho-clena\/#breadcrumb"},"inLanguage":"cs","potentialAction":[{"@type":"ReadAction","target":["https:\/\/kidshouse.cz\/index.php\/2023\/03\/09\/zoo-praha-prazske-hejno-tucnaku-ma-noveho-clena\/"]}]},{"@type":"BreadcrumbList","@id":"https:\/\/kidshouse.cz\/index.php\/2023\/03\/09\/zoo-praha-prazske-hejno-tucnaku-ma-noveho-clena\/#breadcrumb","itemListElement":[{"@type":"ListItem","position":1,"name":"Dom\u016f","item":"https:\/\/kidshouse.cz\/"},{"@type":"ListItem","position":2,"name":"ZOO PRAHA: Pra\u017esk\u00e9 hejno tu\u010d\u0148\u00e1k\u016f m\u00e1 nov\u00e9ho \u010dlena"}]},{"@type":"WebSite","@id":"https:\/\/kidshouse.cz\/#website","url":"https:\/\/kidshouse.cz\/","name":"KIDSHOUSE.cz","description":"Port\u00e1l pro d\u011bti a jejich rodi\u010de...","publisher":{"@id":"https:\/\/kidshouse.cz\/#organization"},"potentialAction":[{"@type":"SearchAction","target":{"@type":"EntryPoint","urlTemplate":"https:\/\/kidshouse.cz\/?s={search_term_string}"},"query-input":"required name=search_term_string"}],"inLanguage":"cs"},{"@type":"Organization","@id":"https:\/\/kidshouse.cz\/#organization","name":"KIDSHOUSE.cz","url":"https:\/\/kidshouse.cz\/","logo":{"@type":"ImageObject","inLanguage":"cs","@id":"https:\/\/kidshouse.cz\/#\/schema\/logo\/image\/","url":"https:\/\/kidshouse.cz\/wp-content\/uploads\/2020\/06\/Logo_KIDSHOUSE_2.jpg","contentUrl":"https:\/\/kidshouse.cz\/wp-content\/uploads\/2020\/06\/Logo_KIDSHOUSE_2.jpg","width":996,"height":357,"caption":"KIDSHOUSE.cz"},"image":{"@id":"https:\/\/kidshouse.cz\/#\/schema\/logo\/image\/"}},{"@type":"Person","@id":"https:\/\/kidshouse.cz\/#\/schema\/person\/1467438b3f6af2e8c3992789b0967193","name":"Jordana Pechov\u00e1","image":{"@type":"ImageObject","inLanguage":"cs","@id":"https:\/\/kidshouse.cz\/#\/schema\/person\/image\/","url":"https:\/\/secure.gravatar.com\/avatar\/349e898f7fe64c4a4839cc48a802dd9a?s=96&d=mm&r=g","contentUrl":"https:\/\/secure.gravatar.com\/avatar\/349e898f7fe64c4a4839cc48a802dd9a?s=96&d=mm&r=g","caption":"Jordana Pechov\u00e1"},"sameAs":["http:\/\/KIDSHOUSE.cz"],"url":"https:\/\/kidshouse.cz\/index.php\/author\/jorpech\/"}]}},"_links":{"self":[{"href":"https:\/\/kidshouse.cz\/index.php\/wp-json\/wp\/v2\/posts\/3176"}],"collection":[{"href":"https:\/\/kidshouse.cz\/index.php\/wp-json\/wp\/v2\/posts"}],"about":[{"href":"https:\/\/kidshouse.cz\/index.php\/wp-json\/wp\/v2\/types\/post"}],"author":[{"embeddable":true,"href":"https:\/\/kidshouse.cz\/index.php\/wp-json\/wp\/v2\/users\/8"}],"replies":[{"embeddable":true,"href":"https:\/\/kidshouse.cz\/index.php\/wp-json\/wp\/v2\/comments?post=3176"}],"version-history":[{"count":2,"href":"https:\/\/kidshouse.cz\/index.php\/wp-json\/wp\/v2\/posts\/3176\/revisions"}],"predecessor-version":[{"id":3184,"href":"https:\/\/kidshouse.cz\/index.php\/wp-json\/wp\/v2\/posts\/3176\/revisions\/3184"}],"wp:featuredmedia":[{"embeddable":true,"href":"https:\/\/kidshouse.cz\/index.php\/wp-json\/wp\/v2\/media\/3178"}],"wp:attachment":[{"href":"https:\/\/kidshouse.cz\/index.php\/wp-json\/wp\/v2\/media?parent=3176"}],"wp:term":[{"taxonomy":"category","embeddable":true,"href":"https:\/\/kidshouse.cz\/index.php\/wp-json\/wp\/v2\/categories?post=3176"},{"taxonomy":"post_tag","embeddable":true,"href":"https:\/\/kidshouse.cz\/index.php\/wp-json\/wp\/v2\/tags?post=3176"}],"curies":[{"name":"wp","href":"https:\/\/api.w.org\/{rel}","templated":true}]}}