{"id":3621,"date":"2023-05-18T00:01:00","date_gmt":"2023-05-17T22:01:00","guid":{"rendered":"https:\/\/kidshouse.cz\/?p=3621"},"modified":"2023-05-18T00:13:57","modified_gmt":"2023-05-17T22:13:57","slug":"v-nedeli-zacina-festival-zakladnich-umeleckych-skol-zus-open-nabidne-pres-500-akci-po-cele-republice","status":"publish","type":"post","link":"https:\/\/kidshouse.cz\/index.php\/2023\/05\/18\/v-nedeli-zacina-festival-zakladnich-umeleckych-skol-zus-open-nabidne-pres-500-akci-po-cele-republice\/","title":{"rendered":"V\u00a0ned\u011bli za\u010d\u00edn\u00e1 festival z\u00e1kladn\u00edch um\u011bleck\u00fdch \u0161kol ZU\u0160 Open, nab\u00eddne p\u0159es 500 akc\u00ed po cel\u00e9 republice"},"content":{"rendered":"\n<div style=\"height:40px\" aria-hidden=\"true\" class=\"wp-block-spacer\"><\/div>\n\n\n\n<p><strong>Na 500 nejr\u016fzn\u011bj\u0161\u00edch koncert\u016f, divadeln\u00edch \u010di tane\u010dn\u00edch p\u0159edstaven\u00ed, v\u00fdstav, happening\u016f a dal\u0161\u00edch akc\u00ed p\u0159ipravilo v&nbsp;r\u00e1mci sedm\u00e9ho ro\u010dn\u00edku celost\u00e1tn\u00edho festivalu ZU\u0160 Open 439 z\u00e1kladn\u00edch um\u011bleck\u00fdch \u0161kol. B\u011bhem jedn\u00e9 z&nbsp;nejv\u011bt\u0161\u00edch kulturn\u00edch ud\u00e1lost\u00ed u n\u00e1s po cel\u00e9 dva t\u00fddny od ned\u011ble 21. kv\u011btna do ned\u011ble 4. \u010dervna o\u017eij\u00ed um\u011bn\u00edm parky, n\u00e1m\u011bst\u00ed, kostely a cel\u00e1 \u0159ada dal\u0161\u00edch ve\u0159ejn\u00fdch m\u00edst. <\/strong><\/p>\n\n\n\n<div style=\"height:30px\" aria-hidden=\"true\" class=\"wp-block-spacer\"><\/div>\n\n\n\n<div class=\"wp-block-image\"><figure class=\"aligncenter size-large\"><img loading=\"lazy\" decoding=\"async\" width=\"833\" height=\"555\" src=\"https:\/\/kidshouse.cz\/wp-content\/uploads\/2023\/05\/ZUS_Open_1.jpg\" alt=\"\" class=\"wp-image-3622\" srcset=\"https:\/\/kidshouse.cz\/wp-content\/uploads\/2023\/05\/ZUS_Open_1.jpg 833w, https:\/\/kidshouse.cz\/wp-content\/uploads\/2023\/05\/ZUS_Open_1-300x200.jpg 300w, https:\/\/kidshouse.cz\/wp-content\/uploads\/2023\/05\/ZUS_Open_1-768x512.jpg 768w\" sizes=\"(max-width: 833px) 100vw, 833px\" \/><\/figure><\/div>\n\n\n\n<div style=\"height:35px\" aria-hidden=\"true\" class=\"wp-block-spacer\"><\/div>\n\n\n\n<p>V&nbsp;Praze 17. kv\u011btna 2023 \u2013 Na 500 nejr\u016fzn\u011bj\u0161\u00edch koncert\u016f, divadeln\u00edch \u010di tane\u010dn\u00edch p\u0159edstaven\u00ed, v\u00fdstav, happening\u016f a dal\u0161\u00edch akc\u00ed p\u0159ipravilo v&nbsp;r\u00e1mci sedm\u00e9ho ro\u010dn\u00edku celost\u00e1tn\u00edho festivalu ZU\u0160 Open 439 z\u00e1kladn\u00edch um\u011bleck\u00fdch \u0161kol. B\u011bhem jedn\u00e9 z&nbsp;nejv\u011bt\u0161\u00edch kulturn\u00edch ud\u00e1lost\u00ed u n\u00e1s po cel\u00e9 dva t\u00fddny od ned\u011ble 21. kv\u011btna do ned\u011ble 4. \u010dervna o\u017eij\u00ed um\u011bn\u00edm parky, n\u00e1m\u011bst\u00ed, kostely a cel\u00e1 \u0159ada dal\u0161\u00edch ve\u0159ejn\u00fdch m\u00edst. ZU\u0160 Open vyvrchol\u00ed 3. \u010dervna ve Vald\u0161tejnsk\u00e9 zahrad\u011b Sen\u00e1tu Parlamentu \u010cR, kde se do spole\u010dn\u00e9ho programu zapoj\u00ed na 800 \u00fa\u010dinkuj\u00edc\u00edch ze ZU\u0160 ze v\u0161ech kraj\u016f. C\u00edlem festivalu je nejen p\u0159edstavit pr\u00e1ci jednotliv\u00fdch ZU\u0160, ale upozornit i na nenahraditelnou roli um\u011bleck\u00e9ho vzd\u011bl\u00e1v\u00e1n\u00ed. Dlouhodob\u00fdm posl\u00e1n\u00edm festivalu je tak\u00e9 podpo\u0159it spolupr\u00e1ci mezi jednotliv\u00fdmi ZU\u0160 nap\u0159\u00ed\u010d regiony a rozv\u00edjet vz\u00e1jemnou inspiraci. V&nbsp;leto\u0161n\u00edm roce se tak uskute\u010dn\u00ed \u0159ada spole\u010dn\u00fdch krajsk\u00fdch projekt\u016f.<\/p>\n\n\n\n<p>Pod tradi\u010dn\u00edm festivalov\u00fdm mottem \u201eZU\u0160 Open pom\u00e1h\u00e1\u201c budou na programu i akce s v\u00fdznamn\u00fdm soci\u00e1ln\u00edm p\u0159esahem sm\u011brem k pomoci pot\u0159ebn\u00fdm a se zapojen\u00edm \u017e\u00e1k\u016f se zdravotn\u00edm handicapem \u010di soci\u00e1ln\u00edm znev\u00fdhodn\u011bn\u00edm. Mimo\u0159\u00e1dnou pozornost v\u011bnuje festival ZU\u0160 Open letos tak\u00e9 tane\u010dn\u00edm a liter\u00e1rn\u011b-dramatick\u00fdm obor\u016fm, kter\u00e9 budou m\u00edt nap\u0159\u00edklad na ZU\u0160 Open v&nbsp;Sen\u00e1tu sv\u00e1 samostatn\u00e1 p\u00f3dia. <em>\u201eVelmi si v\u00e1\u017e\u00edm obrovsk\u00e9ho nasazen\u00ed v\u0161ech ZU\u0160, kter\u00e9 se do programu v&nbsp;leto\u0161n\u00edm roce zapojily a vytvo\u0159ily origin\u00e1ln\u00ed a vysoce kvalitn\u00ed projekty. Dlouhodob\u011b vn\u00edm\u00e1m pot\u0159ebu podpo\u0159it ZU\u0160 tak\u00e9 v&nbsp;tom, aby m\u011bly podm\u00ednky pro rozvoj vzd\u011bl\u00e1v\u00e1n\u00ed d\u011bt\u00ed a ml\u00e1de\u017ee, jejich\u017e \u017eivoty prov\u00e1z\u00ed zdravotn\u00ed handicap \u010di soci\u00e1ln\u00ed znev\u00fdhodn\u011bn\u00ed. Pr\u00e1v\u011b na tento \u00fa\u010del bude v\u011bnov\u00e1n v\u00fdt\u011b\u017eek z&nbsp;\u010dervnov\u00e9ho Benefi\u010dn\u00edho koncertu pro budoucnost na Pra\u017esk\u00e9m hrad\u011b,\u201c<\/em> \u0159\u00edk\u00e1 patronka po\u0159\u00e1daj\u00edc\u00edho nada\u010dn\u00edho fondu p\u011bvkyn\u011b Magdalena Ko\u017een\u00e1. S\u00ed\u0165 z\u00e1kladn\u00edch um\u011bleck\u00fdch \u0161kol v&nbsp;\u010cesk\u00e9 republice pat\u0159\u00ed ke sv\u011btov\u00fdm unik\u00e1t\u016fm. Aktu\u00e1ln\u011b je nav\u0161t\u011bvuje t\u00e9m\u011b\u0159 250&nbsp;000 \u017e\u00e1k\u016f a student\u016f.<\/p>\n\n\n\n<p>Festival ZU\u0160 Open p\u0159ipravuje Nada\u010dn\u00ed fond Magdaleny Ko\u017een\u00e9 ve spolupr\u00e1ci s&nbsp;AZU\u0160, jednotliv\u00fdmi ZU\u0160, kraji i mnoha kulturn\u00edmi institucemi a um\u011blci. Festival se v leto\u0161n\u00edm ro\u010dn\u00edku op\u011bt p\u0159ipojuje k ART\u00fddnu \u2013 t\u00fddnu um\u011bleck\u00e9ho vzd\u011bl\u00e1v\u00e1n\u00ed a amat\u00e9rsk\u00e9 tvorby vyhl\u00e1\u0161en\u00fdm UNESCO, kter\u00fd se uskute\u010dn\u00ed v&nbsp;t\u00fddnu 22.\u201328. kv\u011btna. V\u00edce informac\u00ed o programu je k dispozici na webu <a href=\"http:\/\/www.zusopen.cz\/\"><u>www.zusopen.cz<\/u><\/a>.<\/p>\n\n\n\n<div style=\"height:39px\" aria-hidden=\"true\" class=\"wp-block-spacer\"><\/div>\n\n\n\n<div class=\"wp-block-image\"><figure class=\"aligncenter size-large\"><img loading=\"lazy\" decoding=\"async\" width=\"833\" height=\"555\" src=\"https:\/\/kidshouse.cz\/wp-content\/uploads\/2023\/05\/ZUS_Open_Senat_3_m.jpg\" alt=\"\" class=\"wp-image-3623\" srcset=\"https:\/\/kidshouse.cz\/wp-content\/uploads\/2023\/05\/ZUS_Open_Senat_3_m.jpg 833w, https:\/\/kidshouse.cz\/wp-content\/uploads\/2023\/05\/ZUS_Open_Senat_3_m-300x200.jpg 300w, https:\/\/kidshouse.cz\/wp-content\/uploads\/2023\/05\/ZUS_Open_Senat_3_m-768x512.jpg 768w\" sizes=\"(max-width: 833px) 100vw, 833px\" \/><\/figure><\/div>\n\n\n\n<div style=\"height:36px\" aria-hidden=\"true\" class=\"wp-block-spacer\"><\/div>\n\n\n\n<div style=\"height:35px\" aria-hidden=\"true\" class=\"wp-block-spacer\"><\/div>\n\n\n\n<p>V leto\u0161n\u00edm roce poprv\u00e9 festival potrv\u00e1 s\u00a0ohledem na velk\u00e9 mno\u017estv\u00ed akc\u00ed cel\u00e9 dva t\u00fddny, a to od <strong>21. kv\u011btna do 4. \u010dervna<\/strong>. Patronka ZU\u0160 Open <strong>Magdalena Ko\u017een\u00e1<\/strong> se 1. \u010dervna aktivn\u011b zapoj\u00ed do n\u011bkter\u00fdch krajsk\u00fdch um\u011bleck\u00fdch p\u0159ehl\u00eddek. V\u00a0Olomouci vystoup\u00ed na Horn\u00edm n\u00e1m\u011bst\u00ed se Smy\u010dcov\u00fdm orchestrem ZU\u0160 Uni\u010dov, Spole\u010dn\u00fdm smy\u010dcov\u00fdm orchestrem ZU\u0160 Olomouck\u00e9ho kraje a Spole\u010dn\u00fdm p\u011bveck\u00fdm sborem ZU\u0160 Olomouck\u00e9ho kraje. Ve Vesel\u00ed nad Moravou pak podpo\u0159\u00ed ZU\u0160 Jihomoravsk\u00e9ho kraje na open-air p\u0159ehl\u00eddce na n\u00e1m\u011bst\u00ed M\u00edru, kde vystoup\u00ed s Brn\u011bnsk\u00fdm rozhlasov\u00fdm orchestrem lidov\u00fdch n\u00e1stroj\u016f (BROLN) a vybran\u00fdmi d\u011btsk\u00fdmi s\u00f3listy. Magdalena Ko\u017een\u00e1 zam\u00ed\u0159\u00ed i do Nov\u00e9ho Ji\u010d\u00edna, kde nav\u0161t\u00edv\u00ed \u017e\u00e1ky m\u00edstn\u00ed ZU\u0160 p\u0159\u00edmo ve v\u00fduce.<\/p>\n\n\n\n<p>Program ZU\u0160 Open nab\u00edz\u00ed celou \u0159adu <strong>krajsk\u00fdch p\u0159ehl\u00eddek nebo akc\u00ed s\u00a0charitativn\u00edm p\u0159esahem, se zapojen\u00edm \u017e\u00e1k\u016f ze speci\u00e1ln\u00edch \u0161kol. <\/strong>Nap\u0159\u00edklad ZU\u0160 St\u0159edo\u010desk\u00e9ho kraje rozezn\u00ed a rozehraj\u00ed z\u00e1mek v\u00a0Litni. Pomysln\u00e9 prvenstv\u00ed co do po\u010dtu spole\u010dn\u00fdch akc\u00ed nab\u00edz\u00ed Kr\u00e1lov\u00e9hradeck\u00fd kraj, kde letos mj. mlad\u00e9 um\u011blce ze z\u00e1kladn\u00edch um\u011bleck\u00fdch \u0161kol v\u00a0r\u00e1mci ZU\u0160 Open podpo\u0159\u00ed spole\u010dnost Petrof. Spole\u010dn\u00fd projekt p\u0159ipravuj\u00ed tak\u00e9 v\u00a0Ji\u010d\u00edn\u011b, kde se \u017e\u00e1ci liter\u00e1rn\u011b-dramatick\u00fdch obor\u016f zapoj\u00ed do festivalu Divadlo \u017eije. Divadlu bude tak\u00e9 pat\u0159it oslava Dne d\u011bt\u00ed v\u00a0Mostu, do kter\u00e9ho se sjedou divadeln\u00ed soubory ZU\u0160 cel\u00e9 republiky, kter\u00e9 postoupily z krajsk\u00fdch kol, p\u0159edstavit sv\u00e9 um\u011bn\u00ed a pom\u011b\u0159it s\u00edly s\u00a0ostatn\u00edmi v\u00a0r\u00e1mci \u00dast\u0159edn\u00edho kola sout\u011b\u017ee Ministerstva \u0161kolstv\u00ed, ml\u00e1de\u017ee a t\u011blov\u00fdchovy. Propojov\u00e1n\u00ed um\u011bleck\u00fdch obor\u016f a vz\u00e1jemn\u00e1 spolupr\u00e1ce je dom\u00e9nou z\u00e1kladn\u00edch um\u011bleck\u00fdch \u0161kol. Nap\u0159\u00edklad ZU\u0160 P\u00edsek p\u0159ipravuje multimedi\u00e1ln\u00ed show v divadle Fr\u00e1ni \u0160r\u00e1mka, ve kter\u00e9 unik\u00e1tn\u00edm zp\u016fsobem propoj\u00ed divadlo, tanec, v\u00fdtvarn\u00e9 um\u011bn\u00ed a hudbu. Ka\u017edoro\u010dn\u00ed sled spole\u010dn\u00fdch program\u016f, kter\u00fd pozve v\u00a0Ostrav\u011b na koncerty i v\u00fdstavy do Domu um\u011bn\u00ed, Minoritsk\u00e9ho kl\u00e1\u0161tera nebo kina Vesm\u00edr, p\u0159in\u00e1\u0161\u00ed v\u00a0r\u00e1mci ZU\u0160 Open M\u00fazi\u00e1da, p\u0159ehl\u00eddka z\u00e1kladn\u00edch um\u011bleck\u00fdch \u0161kol Moravskoslezsk\u00e9ho kraje.<\/p>\n\n\n\n<p><strong>Vrcholem ZU\u0160 Open bude v Praze<\/strong> celodenn\u00ed program v&nbsp;Sen\u00e1tu Parlamentu \u010cR v&nbsp;sobotu 3. \u010dervna, kter\u00e9mu bude p\u0159edch\u00e1zet Rej m\u00faz ve Vald\u0161tejnsk\u00e9 zahrad\u011b a jej\u00ed bezprost\u0159edn\u00ed bl\u00edzkosti. Na programu se pod\u00edl\u00ed ZU\u0160 z&nbsp;cel\u00e9 \u010cR a vystoup\u00ed zde v\u00edce ne\u017e 800 \u00fa\u010dinkuj\u00edc\u00edch \u017e\u00e1k\u016f i pedagog\u016f nap\u0159\u00ed\u010d um\u011bleck\u00fdmi obory. N\u00e1v\u0161t\u011bvn\u00edci se mohou t\u011b\u0161it i na workshopy, v\u00fdtvarn\u00e9 d\u00edlny a v\u00fdstavy. Hostem programu bude opern\u00ed&nbsp;p\u011bvec Roman Jan\u00e1l \u010di herec Svatopluk Schuller.<\/p>\n\n\n\n<p>V\u00a0r\u00e1mci cyklu <strong>ZU\u0160 Open pom\u00e1h\u00e1<\/strong> se po cel\u00e9 republice uskute\u010dn\u00ed \u0159ada charitativn\u00edch akc\u00ed i um\u011bleck\u00e1 vystoupen\u00ed na m\u00edstech, kde pro \u017eiv\u00e9 um\u011bn\u00ed b\u011b\u017en\u011b nen\u00ed prostor. V\u00a0Kr\u00e1lov\u00e9hradeck\u00e9m kraji prob\u011bhne ji\u017e tradi\u010dn\u00ed projekt ve prosp\u011bch Sdru\u017een\u00ed Neratov. Do celodenn\u00edho programu se zapoj\u00ed ZU\u0160 ze t\u0159\u00ed kraj\u016f a tak\u00e9 \u017e\u00e1ci ze speci\u00e1ln\u00edch \u0161kol a klienti Sdru\u017een\u00ed. V\u00a0hlavn\u00edm m\u011bst\u011b festival nab\u00eddne cyklus koncert\u016f duchovn\u00ed hudby ve prosp\u011bch charitn\u00edho d\u00edla: nap\u0159\u00edklad v\u00a0kl\u00e1\u0161te\u0159e Ryt\u00ed\u0159sk\u00e9ho \u0159\u00e1du K\u0159i\u017eovn\u00edk\u016f s\u00a0\u010dervenou hv\u011bzdou a v chr\u00e1mu Nejsv\u011bt\u011bj\u0161\u00edho Srdce P\u00e1n\u011b na Vinohradech. Prostory refekt\u00e1\u0159e Emauzsk\u00e9ho kl\u00e1\u0161tera rozezn\u00ed Filharmonie mlad\u00fdch, kter\u00e1 doprovod\u00ed absolventy ZU\u0160 Popelka. Dal\u0161\u00ed akce s\u00a0charitativn\u00edm p\u0159esahem se uskute\u010dn\u00ed na Zelen\u00e9 ho\u0159e ve \u017d\u010f\u00e1ru nad S\u00e1zavou, v\u00a0Krom\u011b\u0159\u00ed\u017ei a na \u0159ad\u011b dal\u0161\u00edch m\u00edst. Na d\u011bti v nemocnici ji\u017e dlouhodob\u011b mysl\u00ed ZU\u0160 Stod\u016flky, kter\u00e1 op\u011bt p\u0159ipravuje program pro d\u011btsk\u00e9 pacienty FN Motol. ZU\u0160ky Jiho\u010desk\u00e9ho kraje zam\u00ed\u0159\u00ed do D\u011btsk\u00e9 psychiatrick\u00e9 nemocnice Opa\u0159any.\u00a0<\/p>\n\n\n\n<p>B\u011bhem dvou festivalov\u00fdch t\u00fddn\u016f se uskute\u010dn\u00ed tak\u00e9 <strong>n\u011bkolik stovek individu\u00e1ln\u00edch<\/strong> akc\u00ed jednotliv\u00fdch ZU\u0160. \u0160koly otev\u0159ou sv\u00e9 br\u00e1ny ve\u0159ejnosti nebo naopak s\u00a0atraktivn\u00edmi programy zam\u00ed\u0159\u00ed do ve\u0159ejn\u00e9ho prostoru, kter\u00fd d\u00edky nim o\u017eije alespo\u0148 na p\u00e1r dn\u00ed \u017eiv\u00fdm um\u011bn\u00edm. C\u00edlem mnoha projekt\u016f ZU\u0160 Open nen\u00ed pouze p\u0159ehl\u00eddka um\u011bn\u00ed \u017e\u00e1k\u016f a pedagog\u016f ZU\u0160, ale tak\u00e9 p\u0159edstavit ve\u0159ejnosti proces um\u011bleck\u00e9ho vzd\u011bl\u00e1v\u00e1n\u00ed a mo\u017enost vyzkou\u0161et si v\u00a0r\u00e1mci otev\u0159en\u00fdch hodin nap\u0159\u00edklad hru na hudebn\u00ed n\u00e1stroj, tane\u010dn\u00ed \u010di divadeln\u00ed lekce anebo v\u00fdtvarn\u00fd workshop.<\/p>\n\n\n\n<p>Na programu participuje i <strong>cel\u00e1 \u0159ada dal\u0161\u00edch profesion\u00e1ln\u00edch um\u011blc\u016f<\/strong>, kte\u0159\u00ed tak podpo\u0159\u00ed nejmlad\u0161\u00ed generaci. Spole\u010dn\u011b s&nbsp;\u017e\u00e1ky ZU\u0160 vystoup\u00ed na krajsk\u00fdch akc\u00edch nap\u0159\u00edklad Karlovarsk\u00fd symfonick\u00fd orchestr, Z\u00e1pado\u010desk\u00fd orchestr Mari\u00e1nsk\u00e9 l\u00e1zn\u011b \u010di Jan\u00e1\u010dkova filharmonie Ostrava. Speci\u00e1ln\u00ed programy vznikaj\u00ed tak\u00e9 v&nbsp;\u00fazk\u00e9 spolupr\u00e1ci s&nbsp;\u0159adou presti\u017en\u00edch festival\u016f, jako nap\u0159\u00edklad MHF Pra\u017esk\u00e9 jaro, N\u00e1rodn\u00ed festival Smetanova Litomy\u0161l, Maraton hudby Brno, Divadlo \u017eije v&nbsp;Ji\u010d\u00edn\u011b, Sv\u00e1tky m\u011bsta Olomouc, Smetanovsk\u00e9 sny v&nbsp;Nov\u00e9m M\u011bst\u011b nad Metuj\u00ed \u010di tradi\u010dn\u00ed celost\u00e1tn\u00ed akc\u00ed Noc kostel\u016f. Programy ZU\u0160 Open podpo\u0159\u00ed profesion\u00e1ln\u00edm z\u00e1zem\u00edm i \u0159ada divadel a galeri\u00ed. Sou\u010d\u00e1st\u00ed ZU\u0160 Open budou tak\u00e9 p\u0159ehl\u00eddky celost\u00e1tn\u00edch kol sout\u011b\u017e\u00ed ZU\u0160, po\u0159\u00e1dan\u00fdch ve spolupr\u00e1ci s&nbsp;M\u0160MT, \u010di koncerty, v\u00fdstavy a p\u0159edstaven\u00ed nejnadan\u011bj\u0161\u00edch \u017e\u00e1k\u016f ZU\u0160, kte\u0159\u00ed byli podpo\u0159eni ro\u010dn\u00edm stipendiem Akademie MenART.<\/p>\n\n\n\n<p>V leto\u0161n\u00edm roce festival ZU\u0160 Open nab\u00eddne hned <strong>n\u011bkolik premi\u00e9r<\/strong>. Nap\u0159\u00edklad spojen\u00e9 sbory z&nbsp;cel\u00e9 \u010cR p\u0159ednesou v&nbsp;Sen\u00e1tu kant\u00e1ty Eduarda Dou\u0161i a Jaroslava Pelik\u00e1na, divadlo F. X. \u0160aldy v&nbsp;Liberci uvede unik\u00e1tn\u00ed projekt Cesta, jeho\u017e z\u00e1kladem je nastudov\u00e1n\u00ed opery Brundib\u00e1r, kter\u00e1 se uv\u00e1d\u00ed po cel\u00e9m sv\u011bt\u011b a z\u00edskala mnoho uzn\u00e1n\u00ed p\u0159edev\u0161\u00edm pro&nbsp;svou my\u0161lenku \u2013 p\u0159\u00e1telstv\u00ed, spole\u010dn\u00fd&nbsp;boj proti nep\u0159\u00edteli a v\u00edru, \u017ee dobro&nbsp;mus\u00ed zv\u00edt\u011bzit nad zlem. V po\u0159adu zazn\u00ed&nbsp;tak\u00e9 motivy z pera Anton\u00edna Dvo\u0159\u00e1ka&nbsp;a Leo\u0161e Jan\u00e1\u010dka.<\/p>\n\n\n\n<h3 class=\"wp-block-heading\"><strong>Benefi\u010dn\u00ed koncert pro budoucnost<\/strong><\/h3>\n\n\n\n<p>Magdalena Ko\u017een\u00e1 se rozhodla p\u0159i p\u0159\u00edle\u017eitosti sv\u00e9ho v\u00fdznamn\u00e9ho \u017eivotn\u00edho jubilea zorganizovat <strong>BENEFI\u010cN\u00cd KONCERT PRO BUDOUCNOST<\/strong>, kter\u00fd pod z\u00e1\u0161titou prezidenta Petra Pavla prob\u011bhne8. \u010dervna v\u00a019.00 hodin v\u00a0n\u00e1dhern\u00fdch prostor\u00e1ch Vladislavsk\u00e9ho s\u00e1lu Pra\u017esk\u00e9ho hradu<strong>.<\/strong> Pozv\u00e1n\u00ed na tuto jedine\u010dnou benefici p\u0159ijali zp\u011bva\u010d\u010dini vz\u00e1cn\u00ed hudebn\u00ed p\u0159\u00e1tel\u00e9 a kolegov\u00e9, ve Vladislavsk\u00e9m s\u00e1le tak zazn\u00ed H\u00e4ndelova, Mozartova, Myslive\u010dkova \u010di Monteverdiho hudba v\u00a0pod\u00e1n\u00ed \u010dty\u0159l\u00edstku vynikaj\u00edc\u00edch vokalist\u016f sv\u011btov\u00e9ho renom\u00e9: Magdaleny Ko\u017een\u00e9, sopranistky <strong>Simony \u0160aturov\u00e9<\/strong>, basisty <strong>Lucy Tittota<\/strong> a jedn\u00e9 z nejv\u00fdznamn\u011bj\u0161\u00edch hudebn\u00edch osobnost\u00ed sou\u010dasnosti, tenoristy <strong>Rolanda Villaz\u00f3na<\/strong>. Doprovodu se ujal respektovan\u00fd barokn\u00ed orchestr Collegium 1704 s dirigentem V\u00e1clavem Luksem. Spole\u010dn\u011b s nimi vystoup\u00ed na jednom p\u00f3diu nevidom\u00e1 fl\u00e9tnistka Daniela Leitermannov\u00e1 a dal\u0161\u00ed \u017e\u00e1ci ZU\u0160.<\/p>\n\n\n\n<p>\u00da\u010delem ve\u010dera je podpora a zviditeln\u011bn\u00ed jedine\u010dn\u00e9ho tuzemsk\u00e9ho syst\u00e9mu z\u00e1kladn\u00edch um\u011bleck\u00fdch \u0161kol, se stejn\u00fdm c\u00edlem zalo\u017eila Ko\u017een\u00e1 p\u0159ed osmi lety vlastn\u00ed nada\u010dn\u00ed fond. Velk\u00fd d\u016fraz v posledn\u00ed dob\u011b klade fond na podporu znev\u00fdhodn\u011bn\u00fdch d\u011bt\u00ed.<em> \u201eUd\u011bl\u00e1me maximum pro to, aby v\u0161echny d\u011bti bez ohledu na p\u0159\u00edpadn\u00e9 zdravotn\u00ed \u010di soci\u00e1ln\u00ed znev\u00fdhodn\u011bn\u00ed dostaly mo\u017enost rozv\u00edjet sv\u00e9 nad\u00e1n\u00ed v oblasti um\u011bn\u00ed, a t\u00edm v\u00fdrazn\u011b obohatily sv\u016fj \u017eivot,\u201c uv\u00e1d\u00ed Magdalena Ko\u017een\u00e1.<\/em> V\u00fdt\u011b\u017eek koncertu poputuje tedy pr\u00e1v\u011b na tento \u00fa\u010del.<\/p>\n\n\n\n<p>Koncert p\u0159ipravuje Nada\u010dn\u00ed fond Magdaleny Ko\u017een\u00e9 ve spolupr\u00e1ci se Spr\u00e1\u00advou Pra\u017esk\u00e9ho hradu, \u010ceskou filharmoni\u00ed a festivaly ZU\u0160 Open a Concentus Moraviae. Ve\u010derem bude pro\u00adv\u00e1zet \u0159editel \u010cesk\u00e9 filharmonie David Mare\u010dek. V\u00edce informac\u00ed je k&nbsp;dispozici na webov\u00fdch str\u00e1nk\u00e1ch <a href=\"http:\/\/www.nfkozena.cz\/\">www.nfkozena.cz<\/a>.<\/p>\n\n\n\n<h3 class=\"wp-block-heading\"><strong>V\u00fdb\u011br projekt\u016f ZU\u0160 Open<\/strong><strong> 2023<\/strong><\/h3>\n\n\n\n<p>12. 5. ZU\u0160 Open na zah\u00e1jen\u00ed festivalu MHF Pra\u017esk\u00e9 jaro na Kamp\u011b\u00a0<br>13.5.-30.6. M\u00fazi\u00e1da Moravskoslezsk\u00e9ho kraje (ZU\u0160 Open pom\u00e1h\u00e1)<br>21. 5. ZU\u0160 Open v Litni\u00a0<br>21.5. Salon ZU\u0160 na MHF Pra\u017esk\u00e9 jaro<br>22.5. ZU\u0160 Open v Krom\u011b\u0159\u00ed\u017ei(ZU\u0160 Open pom\u00e1h\u00e1)<br>24.5. ZU\u0160 Open ve spolupr\u00e1ci s orchestry z N\u011bmecka na Zbraslavi v\u00a0Praze<br>24.5. ZU\u0160 Open v\u00a0Rumburku<br>25. 5. ZU\u0160 Open\u00a0v P\u00edsku\u00a0<br>25.5. ZU\u0160 Open v Hradci Kr\u00e1lov\u00e9 ve spolupr\u00e1ci s firmou Petrof<br>26.5. ZU\u0160 Open v Praze 6 &#8211;\u00a0 ZU\u0160 Prahy 6 a Prahy 1 pro DDM na Ladronce<br>26.5. ZU\u0160 Open pom\u00e1h\u00e1: Um\u011blci a d\u011bti d\u011btem \u2013 koncert duchovn\u00ed hudby v Ryb\u00e1\u0159\u00edch<br>27.5. ZU\u0160 Open na festivalu Smetanovsk\u00e9 sny v Nov\u00e9m M\u011bst\u011b nad Metuj\u00ed<br>27.5. ZU\u0160 Open na Ml\u00fdnsk\u00e9 kolon\u00e1d\u011b ve spolupr\u00e1ci s Karlovarsk\u00fdm symfonick\u00fdm orchestrem<\/p>\n\n\n\n<p>28.5. ZU\u0160 Open pom\u00e1h\u00e1 v\u00a0Neratov\u011b<br>28.5. ZU\u0160 Open pom\u00e1h\u00e1 v Nov\u00fdch Hradech<br>28.5. ZU\u0160 Session v La Fabrika v\u00a0Praze<br>29.5. ZU\u0160 Open pom\u00e1h\u00e1 v Praze \u2013 K\u0159i\u017eovnick\u00fd kl\u00e1\u0161ter, kostel sv. Franti\u0161ka<br>30.5.\u00a0 ZU\u0160 Open pom\u00e1h\u00e1 v D\u011btsk\u00e9 psychiatrick\u00e9 nemocnici Opa\u0159any\u00a0\u00a0<br>30.5. Slavnostn\u00ed koncert ZU\u0160 Open pom\u00e1h\u00e1 v kostele Nejsv\u011bt\u011bj\u0161\u00edho Srdce P\u00e1n\u011b v Praze s prohl\u00eddkou interi\u00e9r\u016f kostela                                                                                                                                           31.5. ZU\u0160 Open v Plzni<br>1. 6. Den d\u011bt\u00ed za p\u0159\u00edtomnosti Magdaleny Ko\u017een\u00e9 ve spolupr\u00e1ci s Brn\u011bnsk\u00fdm rozhlasov\u00fdm orchestrem lidov\u00fdch n\u00e1stroj\u016f:\u00a0Olomouc \u2013 Nov\u00fd Ji\u010d\u00edn\u00a0\u2013 Vesel\u00ed nad Moravou                                                                           <\/p>\n\n\n\n<p>1.6. \u00dast\u0159edn\u00ed\u00a0kolo\u00a0sout\u011b\u017en\u00ed\u00a0p\u0159ehl\u00eddky\u00a0liter\u00e1rn\u011b-dramatick\u00fdch obor\u016f                                                       <\/p>\n\n\n\n<p>1.6.-3.6. ZU\u0160 Open na Sv\u00e1tc\u00edch m\u011bsta Olomouc<br>2.\u00a0a 4.6. ZU\u0160 Open v\u00a0Liberci \u2013\u00a0projekt Cesta \u2013 multi\u017e\u00e1nrov\u00fd projekt s uveden\u00edm opery Brundib\u00e1r                                       <\/p>\n\n\n\n<p>2. a 3.6. koncert absolvent\u016f klasick\u00e9 hudby MenART se Z\u00e1pado\u010desk\u00fdm symfonick\u00fdm Orchestrem                        <\/p>\n\n\n\n<p>3.6. Pr\u016fvod m\u00faz Prahou, ZU\u0160 Open v Sen\u00e1tu Parlamentu \u010cR\u00a0\u2013\u00a0celodenn\u00ed prezentace soubor\u016f hudebn\u00edch, tane\u010dn\u00edch a liter\u00e1rn\u011b \u2013 dramatick\u00fdch obor\u016f z cel\u00e9 \u010cR ve Vald\u0161tejnsk\u00e9 zahrad\u011b a slavnostn\u00ed ve\u010dern\u00ed koncert                    <\/p>\n\n\n\n<p>4.6. ZU\u0160 Open pom\u00e1h\u00e1 ve \u017d\u010f\u00e1ru nad S\u00e1zavou<br>5.6. ZU\u0160 Open v Ji\u010d\u00edn\u011b: Divadlo \u017eije \u2013 celorepublikov\u00e1 p\u0159ehl\u00eddka LDO<\/p>\n\n\n\n<h3 class=\"wp-block-heading\"><strong>O ZU\u0160 Open<\/strong><\/h3>\n\n\n\n<p>Festival ZU\u0160 Open upozor\u0148uje na \u0161\u00ed\u0159i a kvalitu celosv\u011btov\u011b unik\u00e1tn\u00edho syst\u00e9mu z\u00e1kladn\u00edho um\u011bleck\u00e9ho \u0161kolstv\u00ed, j\u00edm\u017e \u010cesk\u00e1 republika disponuje. P\u0159ehl\u00eddka, jej\u00edm\u017e po\u0159adatelem je Nada\u010dn\u00ed fond Magdaleny Ko\u017een\u00e9, podporuje a prezentuje \u0161koly jako otev\u0159en\u00e9 prost\u0159ed\u00ed pro vyhled\u00e1v\u00e1n\u00ed a systematick\u00fd rozvoj nad\u00e1n\u00ed d\u011bt\u00ed a ml\u00e1de\u017ee bez ohledu na jejich p\u0159\u00edpadn\u00e9 zdravotn\u00ed \u010di soci\u00e1ln\u00ed omezen\u00ed. Z\u00e1rove\u0148 d\u00e1v\u00e1 p\u0159\u00edle\u017eitost p\u0159edstavit nej\u0161ir\u0161\u00ed ve\u0159ejnosti, na \u010dem ZU\u0160 s d\u011btmi pracuj\u00ed a jak mohou vz\u00e1jemn\u011b spolupracovat. <em>\u201eJsem hrd\u00e1 na to, \u017ee mohu st\u00e1t v&nbsp;\u010dele festivalu, kter\u00fd prezentuje v\u00fdznam a kvalitu z\u00e1kladn\u00edho um\u011bleck\u00e9ho vzd\u011bl\u00e1v\u00e1n\u00ed v&nbsp;cel\u00e9 jeho \u0161\u00ed\u0159i. Um\u011bn\u00ed je kr\u00e1sn\u00fdm jazykem<br>a projevem lidsk\u00e9ho umu, m\u00e1 obrovskou moc spojovat jednotlivce i celou spole\u010dnost, je prost\u0159edkem k&nbsp;budov\u00e1n\u00ed nejen tvo\u0159ivosti, ale i komunikace a \u017eiv\u00fdch vztah\u016f. To v\u0161e m\u00e1 v&nbsp;dne\u0161n\u00ed dob\u011b, s&nbsp;ohledem na jej\u00ed probl\u00e9my i \u010dasto virtu\u00e1ln\u00ed vztahy, o to v\u011bt\u0161\u00ed v\u00fdznam,\u201d<\/em> upozor\u0148uje <strong>\u0159editelka festivalu ZU\u0160 Open <\/strong><strong>Irena Pohl Houkalov\u00e1.<\/strong> Je to podle n\u00ed p\u0159\u00edle\u017eitost p\u0159edstavit pr\u00e1ci ZU\u0160 v&nbsp;cel\u00e9 jej\u00ed \u0161\u00ed\u0159i obor\u016f, jak\u00fdmi jsou hudba, v\u00fdtvarn\u00e9 um\u011bn\u00ed, divadlo a tanec.<\/p>\n\n\n\n<p>V \u010cesk\u00e9 republice funguje 528 z\u00e1kladn\u00edch um\u011bleck\u00fdch \u0161kol, ve kter\u00fdch studuje na<br>250 tis\u00edc \u017e\u00e1k\u016f. Aktu\u00e1ln\u011b nab\u00edzej\u00ed \u010dty\u0159i z\u00e1kladn\u00ed obory \u2013 hudebn\u00ed, tane\u010dn\u00ed, v\u00fdtvarn\u00fd a liter\u00e1rn\u011b-dramatick\u00fd. Posl\u00e1n\u00edm Nada\u010dn\u00edho fondu Magdaleny Ko\u017een\u00e9 je c\u00edlen\u00e1 podpora budov\u00e1n\u00ed pozice ZU\u0160 jako presti\u017en\u00edho<br>a unik\u00e1tn\u00edho syst\u00e9mu modern\u00edho um\u011bleck\u00e9ho vzd\u011bl\u00e1v\u00e1n\u00ed.<\/p>\n\n\n\n<h3 class=\"wp-block-heading\"><strong>O z\u00e1kladn\u00edm um\u011bleck\u00e9m vzd\u011bl\u00e1v\u00e1n\u00ed v \u010cR<\/strong><\/h3>\n\n\n\n<p>Z\u00e1kladn\u00ed um\u011bleck\u00e9 \u0161koly jsou kl\u00ed\u010dov\u00fdmi nositeli region\u00e1ln\u00ed kultury a v&nbsp;t\u00e9to roli i partnery pro samospr\u00e1vy obc\u00ed a m\u011bst<em>. \u201eUm\u011bleck\u00e9 vzd\u011bl\u00e1v\u00e1n\u00ed v&nbsp;ZU\u0160 nen\u00ed jen ot\u00e1zkou rozvoje talentu, ale jeho podstata je celkov\u00e1 kultivace, rozvoj sebep\u0159ijet\u00ed, sebevyj\u00e1d\u0159en\u00ed, soci\u00e1ln\u00edch vztah\u016f, fantazie, vlastn\u00ed kreativity osobnosti, psychohygieny a je t\u00e9\u017e p\u0159irozen\u00fdm n\u00e1strojem inkluzivn\u00edho vzd\u011bl\u00e1v\u00e1n\u00ed,\u201c <\/em>dod\u00e1v\u00e1 \u0159editelka ZU\u0160 Open Irena Pohl Houkalov\u00e1. Z\u00e1kladn\u00ed um\u011bleck\u00e9 \u0161koly i v&nbsp;r\u00e1mci festivalu ZU\u0160 potvrzuj\u00ed svoji mimo\u0159\u00e1dnou hodnotu ve vyrovn\u00e1v\u00e1n\u00ed st\u00e1le v\u00edce se rozev\u00edraj\u00edc\u00edch soci\u00e1ln\u00edch n\u016f\u017eek ve spole\u010dnosti mj. i svoj\u00ed intenzivn\u00ed rol\u00ed v&nbsp;oblasti prim\u00e1rn\u00ed prevence zejm\u00e9na v&nbsp;regionech, kde je m\u00edra nerovnost\u00ed ve vzd\u011bl\u00e1v\u00e1n\u00ed nejv\u00edce patrn\u00e1. Sou\u010d\u00e1st\u00ed \u010dinnosti ZU\u0160 je spolupr\u00e1ce s&nbsp;mate\u0159sk\u00fdmi a z\u00e1kladn\u00edmi \u0161kolami, vzd\u011bl\u00e1v\u00e1n\u00ed d\u011bt\u00ed, kter\u00e9 jsou vychov\u00e1v\u00e1ny v&nbsp;n\u00e1hradn\u00ed rodinn\u00e9 p\u00e9\u010di anebo jsou d\u00edky sv\u00fdm specifick\u00fdm pot\u0159eb\u00e1m \u010di soci\u00e1ln\u00edm znev\u00fdhodn\u011bn\u00edm ohro\u017eeny \u0161koln\u00edm ne\u00fasp\u011bchem. ZU\u0160 rozv\u00edj\u00ed koncept celo\u017eivotn\u00edho vzd\u011bl\u00e1v\u00e1n\u00ed, mj. i prost\u0159ednictv\u00edm Akademie pro seniory a spoluprac\u00ed na&nbsp;\u0159ad\u011b vzd\u011bl\u00e1vac\u00edch a kulturn\u00edch projekt\u016f. ZU\u0160ky jsou otev\u0159en\u00fdm prost\u0159ed\u00edm pro rozvoj talentu bez limitu zdravotn\u00edho \u010di soci\u00e1ln\u00edho znev\u00fdhodn\u011bn\u00ed. Pr\u00e1v\u011b soci\u00e1ln\u00ed aspekt je jedn\u00edm z&nbsp;t\u00e9mat leto\u0161n\u00edho ro\u010dn\u00edku festivalu ZU\u0160 Open.<\/p>\n\n\n\n<p><strong>Odkazy<\/strong><\/p>\n\n\n\n<p><strong>Web: <\/strong><a href=\"http:\/\/www.zusopen.cz\/\"><strong>www.zusopen.cz<\/strong><\/a><\/p>\n\n\n\n<p><strong>Facebook: <\/strong><a href=\"http:\/\/www.facebook.com\/zusopen\"><strong>www.facebook.com\/zusopen<\/strong><\/a><\/p>\n\n\n\n<p><strong>Instagram: <a href=\"http:\/\/www.instagram.com\/zus_open\" data-type=\"URL\" data-id=\"www.instagram.com\/zus_open\">www.instagram.com\/zus_open<\/a><\/strong><\/p>\n\n\n\n<p><strong>Youtube: <a href=\"http:\/\/www.youtube.com\/channel\/UC7PYdF5bSnh7nUh5qe6wzwA\/featured\" data-type=\"URL\" data-id=\"www.youtube.com\/channel\/UC7PYdF5bSnh7nUh5qe6wzwA\/featured\">www.youtube.com\/channel\/UC7PYdF5bSnh7nUh5qe6wzwA\/featured<\/a><\/strong><\/p>\n\n\n\n<div style=\"height:45px\" aria-hidden=\"true\" class=\"wp-block-spacer\"><\/div>\n\n\n\n<figure class=\"wp-block-gallery columns-2 is-cropped wp-block-gallery-1 is-layout-flex wp-block-gallery-is-layout-flex\"><ul class=\"blocks-gallery-grid\"><li class=\"blocks-gallery-item\"><figure><img loading=\"lazy\" decoding=\"async\" width=\"833\" height=\"555\" src=\"https:\/\/kidshouse.cz\/wp-content\/uploads\/2023\/05\/ZUS_Open_1.jpg\" alt=\"\" data-id=\"3622\" data-full-url=\"https:\/\/kidshouse.cz\/wp-content\/uploads\/2023\/05\/ZUS_Open_1.jpg\" data-link=\"https:\/\/kidshouse.cz\/?attachment_id=3622\" class=\"wp-image-3622\" srcset=\"https:\/\/kidshouse.cz\/wp-content\/uploads\/2023\/05\/ZUS_Open_1.jpg 833w, https:\/\/kidshouse.cz\/wp-content\/uploads\/2023\/05\/ZUS_Open_1-300x200.jpg 300w, https:\/\/kidshouse.cz\/wp-content\/uploads\/2023\/05\/ZUS_Open_1-768x512.jpg 768w\" sizes=\"(max-width: 833px) 100vw, 833px\" \/><\/figure><\/li><li class=\"blocks-gallery-item\"><figure><img loading=\"lazy\" decoding=\"async\" width=\"833\" height=\"555\" src=\"https:\/\/kidshouse.cz\/wp-content\/uploads\/2023\/05\/ZUS_Open_Senat_3_m.jpg\" alt=\"\" data-id=\"3623\" data-full-url=\"https:\/\/kidshouse.cz\/wp-content\/uploads\/2023\/05\/ZUS_Open_Senat_3_m.jpg\" data-link=\"https:\/\/kidshouse.cz\/?attachment_id=3623\" class=\"wp-image-3623\" srcset=\"https:\/\/kidshouse.cz\/wp-content\/uploads\/2023\/05\/ZUS_Open_Senat_3_m.jpg 833w, https:\/\/kidshouse.cz\/wp-content\/uploads\/2023\/05\/ZUS_Open_Senat_3_m-300x200.jpg 300w, https:\/\/kidshouse.cz\/wp-content\/uploads\/2023\/05\/ZUS_Open_Senat_3_m-768x512.jpg 768w\" sizes=\"(max-width: 833px) 100vw, 833px\" \/><\/figure><\/li><\/ul><\/figure>\n\n\n\n<p><strong>Zdroj foto:<\/strong> Zusopen.cz<\/p>\n\n\n\n<div style=\"height:100px\" aria-hidden=\"true\" class=\"wp-block-spacer\"><\/div>\n","protected":false},"excerpt":{"rendered":"<p>Na 500 nejr\u016fzn\u011bj\u0161\u00edch koncert\u016f, divadeln\u00edch \u010di tane\u010dn\u00edch p\u0159edstaven\u00ed, v\u00fdstav, happening\u016f a dal\u0161\u00edch akc\u00ed p\u0159ipravilo v&nbsp;r\u00e1mci sedm\u00e9ho ro\u010dn\u00edku celost\u00e1tn\u00edho festivalu ZU\u0160 Open 439 z\u00e1kladn\u00edch um\u011bleck\u00fdch \u0161kol. B\u011bhem jedn\u00e9 z&nbsp;nejv\u011bt\u0161\u00edch kulturn\u00edch ud\u00e1lost\u00ed u n\u00e1s po cel\u00e9&#46;&#46;&#46;<\/p>\n","protected":false},"author":8,"featured_media":3622,"comment_status":"closed","ping_status":"closed","sticky":false,"template":"","format":"standard","meta":{"_monsterinsights_skip_tracking":false,"_monsterinsights_sitenote_active":false,"_monsterinsights_sitenote_note":"","_monsterinsights_sitenote_category":0,"footnotes":""},"categories":[17,2,9],"tags":[],"yoast_head":"<!-- This site is optimized with the Yoast SEO plugin v21.5 - https:\/\/yoast.com\/wordpress\/plugins\/seo\/ -->\n<title>V\u00a0ned\u011bli za\u010d\u00edn\u00e1 festival z\u00e1kladn\u00edch um\u011bleck\u00fdch \u0161kol ZU\u0160 Open, nab\u00eddne p\u0159es 500 akc\u00ed po cel\u00e9 republice - KIDSHOUSE.cz<\/title>\n<meta name=\"robots\" content=\"index, follow, max-snippet:-1, max-image-preview:large, max-video-preview:-1\" \/>\n<link rel=\"canonical\" href=\"https:\/\/kidshouse.cz\/index.php\/2023\/05\/18\/v-nedeli-zacina-festival-zakladnich-umeleckych-skol-zus-open-nabidne-pres-500-akci-po-cele-republice\/\" \/>\n<meta property=\"og:locale\" content=\"cs_CZ\" \/>\n<meta property=\"og:type\" content=\"article\" \/>\n<meta property=\"og:title\" content=\"V\u00a0ned\u011bli za\u010d\u00edn\u00e1 festival z\u00e1kladn\u00edch um\u011bleck\u00fdch \u0161kol ZU\u0160 Open, nab\u00eddne p\u0159es 500 akc\u00ed po cel\u00e9 republice - KIDSHOUSE.cz\" \/>\n<meta property=\"og:description\" content=\"Na 500 nejr\u016fzn\u011bj\u0161\u00edch koncert\u016f, divadeln\u00edch \u010di tane\u010dn\u00edch p\u0159edstaven\u00ed, v\u00fdstav, happening\u016f a dal\u0161\u00edch akc\u00ed p\u0159ipravilo v&nbsp;r\u00e1mci sedm\u00e9ho ro\u010dn\u00edku celost\u00e1tn\u00edho festivalu ZU\u0160 Open 439 z\u00e1kladn\u00edch um\u011bleck\u00fdch \u0161kol. B\u011bhem jedn\u00e9 z&nbsp;nejv\u011bt\u0161\u00edch kulturn\u00edch ud\u00e1lost\u00ed u n\u00e1s po cel\u00e9&#046;&#046;&#046;\" \/>\n<meta property=\"og:url\" content=\"https:\/\/kidshouse.cz\/index.php\/2023\/05\/18\/v-nedeli-zacina-festival-zakladnich-umeleckych-skol-zus-open-nabidne-pres-500-akci-po-cele-republice\/\" \/>\n<meta property=\"og:site_name\" content=\"KIDSHOUSE.cz\" \/>\n<meta property=\"article:published_time\" content=\"2023-05-17T22:01:00+00:00\" \/>\n<meta property=\"article:modified_time\" content=\"2023-05-17T22:13:57+00:00\" \/>\n<meta property=\"og:image\" content=\"https:\/\/kidshouse.cz\/wp-content\/uploads\/2023\/05\/ZUS_Open_1.jpg\" \/>\n\t<meta property=\"og:image:width\" content=\"833\" \/>\n\t<meta property=\"og:image:height\" content=\"555\" \/>\n\t<meta property=\"og:image:type\" content=\"image\/jpeg\" \/>\n<meta name=\"author\" content=\"Jordana Pechov\u00e1\" \/>\n<meta name=\"twitter:card\" content=\"summary_large_image\" \/>\n<meta name=\"twitter:label1\" content=\"Napsal(a)\" \/>\n\t<meta name=\"twitter:data1\" content=\"Jordana Pechov\u00e1\" \/>\n\t<meta name=\"twitter:label2\" content=\"Odhadovan\u00e1 doba \u010dten\u00ed\" \/>\n\t<meta name=\"twitter:data2\" content=\"15 minut\" \/>\n<script type=\"application\/ld+json\" class=\"yoast-schema-graph\">{\"@context\":\"https:\/\/schema.org\",\"@graph\":[{\"@type\":\"Article\",\"@id\":\"https:\/\/kidshouse.cz\/index.php\/2023\/05\/18\/v-nedeli-zacina-festival-zakladnich-umeleckych-skol-zus-open-nabidne-pres-500-akci-po-cele-republice\/#article\",\"isPartOf\":{\"@id\":\"https:\/\/kidshouse.cz\/index.php\/2023\/05\/18\/v-nedeli-zacina-festival-zakladnich-umeleckych-skol-zus-open-nabidne-pres-500-akci-po-cele-republice\/\"},\"author\":{\"name\":\"Jordana Pechov\u00e1\",\"@id\":\"https:\/\/kidshouse.cz\/#\/schema\/person\/1467438b3f6af2e8c3992789b0967193\"},\"headline\":\"V\u00a0ned\u011bli za\u010d\u00edn\u00e1 festival z\u00e1kladn\u00edch um\u011bleck\u00fdch \u0161kol ZU\u0160 Open, nab\u00eddne p\u0159es 500 akc\u00ed po cel\u00e9 republice\",\"datePublished\":\"2023-05-17T22:01:00+00:00\",\"dateModified\":\"2023-05-17T22:13:57+00:00\",\"mainEntityOfPage\":{\"@id\":\"https:\/\/kidshouse.cz\/index.php\/2023\/05\/18\/v-nedeli-zacina-festival-zakladnich-umeleckych-skol-zus-open-nabidne-pres-500-akci-po-cele-republice\/\"},\"wordCount\":3101,\"publisher\":{\"@id\":\"https:\/\/kidshouse.cz\/#organization\"},\"articleSection\":[\"AKCE\",\"NEWS\",\"TIPY\"],\"inLanguage\":\"cs\"},{\"@type\":\"WebPage\",\"@id\":\"https:\/\/kidshouse.cz\/index.php\/2023\/05\/18\/v-nedeli-zacina-festival-zakladnich-umeleckych-skol-zus-open-nabidne-pres-500-akci-po-cele-republice\/\",\"url\":\"https:\/\/kidshouse.cz\/index.php\/2023\/05\/18\/v-nedeli-zacina-festival-zakladnich-umeleckych-skol-zus-open-nabidne-pres-500-akci-po-cele-republice\/\",\"name\":\"V\u00a0ned\u011bli za\u010d\u00edn\u00e1 festival z\u00e1kladn\u00edch um\u011bleck\u00fdch \u0161kol ZU\u0160 Open, nab\u00eddne p\u0159es 500 akc\u00ed po cel\u00e9 republice - KIDSHOUSE.cz\",\"isPartOf\":{\"@id\":\"https:\/\/kidshouse.cz\/#website\"},\"datePublished\":\"2023-05-17T22:01:00+00:00\",\"dateModified\":\"2023-05-17T22:13:57+00:00\",\"breadcrumb\":{\"@id\":\"https:\/\/kidshouse.cz\/index.php\/2023\/05\/18\/v-nedeli-zacina-festival-zakladnich-umeleckych-skol-zus-open-nabidne-pres-500-akci-po-cele-republice\/#breadcrumb\"},\"inLanguage\":\"cs\",\"potentialAction\":[{\"@type\":\"ReadAction\",\"target\":[\"https:\/\/kidshouse.cz\/index.php\/2023\/05\/18\/v-nedeli-zacina-festival-zakladnich-umeleckych-skol-zus-open-nabidne-pres-500-akci-po-cele-republice\/\"]}]},{\"@type\":\"BreadcrumbList\",\"@id\":\"https:\/\/kidshouse.cz\/index.php\/2023\/05\/18\/v-nedeli-zacina-festival-zakladnich-umeleckych-skol-zus-open-nabidne-pres-500-akci-po-cele-republice\/#breadcrumb\",\"itemListElement\":[{\"@type\":\"ListItem\",\"position\":1,\"name\":\"Dom\u016f\",\"item\":\"https:\/\/kidshouse.cz\/\"},{\"@type\":\"ListItem\",\"position\":2,\"name\":\"V\u00a0ned\u011bli za\u010d\u00edn\u00e1 festival z\u00e1kladn\u00edch um\u011bleck\u00fdch \u0161kol ZU\u0160 Open, nab\u00eddne p\u0159es 500 akc\u00ed po cel\u00e9 republice\"}]},{\"@type\":\"WebSite\",\"@id\":\"https:\/\/kidshouse.cz\/#website\",\"url\":\"https:\/\/kidshouse.cz\/\",\"name\":\"KIDSHOUSE.cz\",\"description\":\"Port\u00e1l pro d\u011bti a jejich rodi\u010de...\",\"publisher\":{\"@id\":\"https:\/\/kidshouse.cz\/#organization\"},\"potentialAction\":[{\"@type\":\"SearchAction\",\"target\":{\"@type\":\"EntryPoint\",\"urlTemplate\":\"https:\/\/kidshouse.cz\/?s={search_term_string}\"},\"query-input\":\"required name=search_term_string\"}],\"inLanguage\":\"cs\"},{\"@type\":\"Organization\",\"@id\":\"https:\/\/kidshouse.cz\/#organization\",\"name\":\"KIDSHOUSE.cz\",\"url\":\"https:\/\/kidshouse.cz\/\",\"logo\":{\"@type\":\"ImageObject\",\"inLanguage\":\"cs\",\"@id\":\"https:\/\/kidshouse.cz\/#\/schema\/logo\/image\/\",\"url\":\"https:\/\/kidshouse.cz\/wp-content\/uploads\/2020\/06\/Logo_KIDSHOUSE_2.jpg\",\"contentUrl\":\"https:\/\/kidshouse.cz\/wp-content\/uploads\/2020\/06\/Logo_KIDSHOUSE_2.jpg\",\"width\":996,\"height\":357,\"caption\":\"KIDSHOUSE.cz\"},\"image\":{\"@id\":\"https:\/\/kidshouse.cz\/#\/schema\/logo\/image\/\"}},{\"@type\":\"Person\",\"@id\":\"https:\/\/kidshouse.cz\/#\/schema\/person\/1467438b3f6af2e8c3992789b0967193\",\"name\":\"Jordana Pechov\u00e1\",\"image\":{\"@type\":\"ImageObject\",\"inLanguage\":\"cs\",\"@id\":\"https:\/\/kidshouse.cz\/#\/schema\/person\/image\/\",\"url\":\"https:\/\/secure.gravatar.com\/avatar\/349e898f7fe64c4a4839cc48a802dd9a?s=96&d=mm&r=g\",\"contentUrl\":\"https:\/\/secure.gravatar.com\/avatar\/349e898f7fe64c4a4839cc48a802dd9a?s=96&d=mm&r=g\",\"caption\":\"Jordana Pechov\u00e1\"},\"sameAs\":[\"http:\/\/KIDSHOUSE.cz\"],\"url\":\"https:\/\/kidshouse.cz\/index.php\/author\/jorpech\/\"}]}<\/script>\n<!-- \/ Yoast SEO plugin. -->","yoast_head_json":{"title":"V\u00a0ned\u011bli za\u010d\u00edn\u00e1 festival z\u00e1kladn\u00edch um\u011bleck\u00fdch \u0161kol ZU\u0160 Open, nab\u00eddne p\u0159es 500 akc\u00ed po cel\u00e9 republice - KIDSHOUSE.cz","robots":{"index":"index","follow":"follow","max-snippet":"max-snippet:-1","max-image-preview":"max-image-preview:large","max-video-preview":"max-video-preview:-1"},"canonical":"https:\/\/kidshouse.cz\/index.php\/2023\/05\/18\/v-nedeli-zacina-festival-zakladnich-umeleckych-skol-zus-open-nabidne-pres-500-akci-po-cele-republice\/","og_locale":"cs_CZ","og_type":"article","og_title":"V\u00a0ned\u011bli za\u010d\u00edn\u00e1 festival z\u00e1kladn\u00edch um\u011bleck\u00fdch \u0161kol ZU\u0160 Open, nab\u00eddne p\u0159es 500 akc\u00ed po cel\u00e9 republice - KIDSHOUSE.cz","og_description":"Na 500 nejr\u016fzn\u011bj\u0161\u00edch koncert\u016f, divadeln\u00edch \u010di tane\u010dn\u00edch p\u0159edstaven\u00ed, v\u00fdstav, happening\u016f a dal\u0161\u00edch akc\u00ed p\u0159ipravilo v&nbsp;r\u00e1mci sedm\u00e9ho ro\u010dn\u00edku celost\u00e1tn\u00edho festivalu ZU\u0160 Open 439 z\u00e1kladn\u00edch um\u011bleck\u00fdch \u0161kol. B\u011bhem jedn\u00e9 z&nbsp;nejv\u011bt\u0161\u00edch kulturn\u00edch ud\u00e1lost\u00ed u n\u00e1s po cel\u00e9&#46;&#46;&#46;","og_url":"https:\/\/kidshouse.cz\/index.php\/2023\/05\/18\/v-nedeli-zacina-festival-zakladnich-umeleckych-skol-zus-open-nabidne-pres-500-akci-po-cele-republice\/","og_site_name":"KIDSHOUSE.cz","article_published_time":"2023-05-17T22:01:00+00:00","article_modified_time":"2023-05-17T22:13:57+00:00","og_image":[{"width":833,"height":555,"url":"https:\/\/kidshouse.cz\/wp-content\/uploads\/2023\/05\/ZUS_Open_1.jpg","type":"image\/jpeg"}],"author":"Jordana Pechov\u00e1","twitter_card":"summary_large_image","twitter_misc":{"Napsal(a)":"Jordana Pechov\u00e1","Odhadovan\u00e1 doba \u010dten\u00ed":"15 minut"},"schema":{"@context":"https:\/\/schema.org","@graph":[{"@type":"Article","@id":"https:\/\/kidshouse.cz\/index.php\/2023\/05\/18\/v-nedeli-zacina-festival-zakladnich-umeleckych-skol-zus-open-nabidne-pres-500-akci-po-cele-republice\/#article","isPartOf":{"@id":"https:\/\/kidshouse.cz\/index.php\/2023\/05\/18\/v-nedeli-zacina-festival-zakladnich-umeleckych-skol-zus-open-nabidne-pres-500-akci-po-cele-republice\/"},"author":{"name":"Jordana Pechov\u00e1","@id":"https:\/\/kidshouse.cz\/#\/schema\/person\/1467438b3f6af2e8c3992789b0967193"},"headline":"V\u00a0ned\u011bli za\u010d\u00edn\u00e1 festival z\u00e1kladn\u00edch um\u011bleck\u00fdch \u0161kol ZU\u0160 Open, nab\u00eddne p\u0159es 500 akc\u00ed po cel\u00e9 republice","datePublished":"2023-05-17T22:01:00+00:00","dateModified":"2023-05-17T22:13:57+00:00","mainEntityOfPage":{"@id":"https:\/\/kidshouse.cz\/index.php\/2023\/05\/18\/v-nedeli-zacina-festival-zakladnich-umeleckych-skol-zus-open-nabidne-pres-500-akci-po-cele-republice\/"},"wordCount":3101,"publisher":{"@id":"https:\/\/kidshouse.cz\/#organization"},"articleSection":["AKCE","NEWS","TIPY"],"inLanguage":"cs"},{"@type":"WebPage","@id":"https:\/\/kidshouse.cz\/index.php\/2023\/05\/18\/v-nedeli-zacina-festival-zakladnich-umeleckych-skol-zus-open-nabidne-pres-500-akci-po-cele-republice\/","url":"https:\/\/kidshouse.cz\/index.php\/2023\/05\/18\/v-nedeli-zacina-festival-zakladnich-umeleckych-skol-zus-open-nabidne-pres-500-akci-po-cele-republice\/","name":"V\u00a0ned\u011bli za\u010d\u00edn\u00e1 festival z\u00e1kladn\u00edch um\u011bleck\u00fdch \u0161kol ZU\u0160 Open, nab\u00eddne p\u0159es 500 akc\u00ed po cel\u00e9 republice - KIDSHOUSE.cz","isPartOf":{"@id":"https:\/\/kidshouse.cz\/#website"},"datePublished":"2023-05-17T22:01:00+00:00","dateModified":"2023-05-17T22:13:57+00:00","breadcrumb":{"@id":"https:\/\/kidshouse.cz\/index.php\/2023\/05\/18\/v-nedeli-zacina-festival-zakladnich-umeleckych-skol-zus-open-nabidne-pres-500-akci-po-cele-republice\/#breadcrumb"},"inLanguage":"cs","potentialAction":[{"@type":"ReadAction","target":["https:\/\/kidshouse.cz\/index.php\/2023\/05\/18\/v-nedeli-zacina-festival-zakladnich-umeleckych-skol-zus-open-nabidne-pres-500-akci-po-cele-republice\/"]}]},{"@type":"BreadcrumbList","@id":"https:\/\/kidshouse.cz\/index.php\/2023\/05\/18\/v-nedeli-zacina-festival-zakladnich-umeleckych-skol-zus-open-nabidne-pres-500-akci-po-cele-republice\/#breadcrumb","itemListElement":[{"@type":"ListItem","position":1,"name":"Dom\u016f","item":"https:\/\/kidshouse.cz\/"},{"@type":"ListItem","position":2,"name":"V\u00a0ned\u011bli za\u010d\u00edn\u00e1 festival z\u00e1kladn\u00edch um\u011bleck\u00fdch \u0161kol ZU\u0160 Open, nab\u00eddne p\u0159es 500 akc\u00ed po cel\u00e9 republice"}]},{"@type":"WebSite","@id":"https:\/\/kidshouse.cz\/#website","url":"https:\/\/kidshouse.cz\/","name":"KIDSHOUSE.cz","description":"Port\u00e1l pro d\u011bti a jejich rodi\u010de...","publisher":{"@id":"https:\/\/kidshouse.cz\/#organization"},"potentialAction":[{"@type":"SearchAction","target":{"@type":"EntryPoint","urlTemplate":"https:\/\/kidshouse.cz\/?s={search_term_string}"},"query-input":"required name=search_term_string"}],"inLanguage":"cs"},{"@type":"Organization","@id":"https:\/\/kidshouse.cz\/#organization","name":"KIDSHOUSE.cz","url":"https:\/\/kidshouse.cz\/","logo":{"@type":"ImageObject","inLanguage":"cs","@id":"https:\/\/kidshouse.cz\/#\/schema\/logo\/image\/","url":"https:\/\/kidshouse.cz\/wp-content\/uploads\/2020\/06\/Logo_KIDSHOUSE_2.jpg","contentUrl":"https:\/\/kidshouse.cz\/wp-content\/uploads\/2020\/06\/Logo_KIDSHOUSE_2.jpg","width":996,"height":357,"caption":"KIDSHOUSE.cz"},"image":{"@id":"https:\/\/kidshouse.cz\/#\/schema\/logo\/image\/"}},{"@type":"Person","@id":"https:\/\/kidshouse.cz\/#\/schema\/person\/1467438b3f6af2e8c3992789b0967193","name":"Jordana Pechov\u00e1","image":{"@type":"ImageObject","inLanguage":"cs","@id":"https:\/\/kidshouse.cz\/#\/schema\/person\/image\/","url":"https:\/\/secure.gravatar.com\/avatar\/349e898f7fe64c4a4839cc48a802dd9a?s=96&d=mm&r=g","contentUrl":"https:\/\/secure.gravatar.com\/avatar\/349e898f7fe64c4a4839cc48a802dd9a?s=96&d=mm&r=g","caption":"Jordana Pechov\u00e1"},"sameAs":["http:\/\/KIDSHOUSE.cz"],"url":"https:\/\/kidshouse.cz\/index.php\/author\/jorpech\/"}]}},"_links":{"self":[{"href":"https:\/\/kidshouse.cz\/index.php\/wp-json\/wp\/v2\/posts\/3621"}],"collection":[{"href":"https:\/\/kidshouse.cz\/index.php\/wp-json\/wp\/v2\/posts"}],"about":[{"href":"https:\/\/kidshouse.cz\/index.php\/wp-json\/wp\/v2\/types\/post"}],"author":[{"embeddable":true,"href":"https:\/\/kidshouse.cz\/index.php\/wp-json\/wp\/v2\/users\/8"}],"replies":[{"embeddable":true,"href":"https:\/\/kidshouse.cz\/index.php\/wp-json\/wp\/v2\/comments?post=3621"}],"version-history":[{"count":2,"href":"https:\/\/kidshouse.cz\/index.php\/wp-json\/wp\/v2\/posts\/3621\/revisions"}],"predecessor-version":[{"id":3625,"href":"https:\/\/kidshouse.cz\/index.php\/wp-json\/wp\/v2\/posts\/3621\/revisions\/3625"}],"wp:featuredmedia":[{"embeddable":true,"href":"https:\/\/kidshouse.cz\/index.php\/wp-json\/wp\/v2\/media\/3622"}],"wp:attachment":[{"href":"https:\/\/kidshouse.cz\/index.php\/wp-json\/wp\/v2\/media?parent=3621"}],"wp:term":[{"taxonomy":"category","embeddable":true,"href":"https:\/\/kidshouse.cz\/index.php\/wp-json\/wp\/v2\/categories?post=3621"},{"taxonomy":"post_tag","embeddable":true,"href":"https:\/\/kidshouse.cz\/index.php\/wp-json\/wp\/v2\/tags?post=3621"}],"curies":[{"name":"wp","href":"https:\/\/api.w.org\/{rel}","templated":true}]}}