{"id":3824,"date":"2023-06-19T00:01:00","date_gmt":"2023-06-18T22:01:00","guid":{"rendered":"https:\/\/kidshouse.cz\/?p=3824"},"modified":"2023-06-19T00:20:55","modified_gmt":"2023-06-18T22:20:55","slug":"zoo-praha-rozmnozila-jako-prvni-zoo-v-evrope-zelvy-dlazdicovite","status":"publish","type":"post","link":"https:\/\/kidshouse.cz\/index.php\/2023\/06\/19\/zoo-praha-rozmnozila-jako-prvni-zoo-v-evrope-zelvy-dlazdicovite\/","title":{"rendered":"Zoo Praha rozmno\u017eila jako prvn\u00ed zoo v\u00a0Evrop\u011b \u017eelvy dla\u017edicovit\u00e9"},"content":{"rendered":"\n<div style=\"height:42px\" aria-hidden=\"true\" class=\"wp-block-spacer\"><\/div>\n\n\n\n<p><strong>Zoo Praha slav\u00ed mimo\u0159\u00e1dn\u00fd chovatelsk\u00fd \u00fasp\u011bch. T\u00fdm kur\u00e1tora Petra Velensk\u00e9ho dok\u00e1zal rozmno\u017eit extr\u00e9mn\u011b choulostiv\u00e9 \u017eelvy dla\u017edicovit\u00e9. Dv\u011b&nbsp;ml\u00e1\u010fata t\u011bchto houbo\u017erav\u00fdch plaz\u016f se zde vyl\u00edhla jako v\u016fbec v&nbsp;prvn\u00ed zoo na cel\u00e9m kontinent\u011b. Do ned\u00e1vna byly p\u0159itom sv\u011btov\u011b pova\u017eov\u00e1ny dokonce za nechovateln\u00e9. Cesta k&nbsp;ml\u00e1\u010fat\u016fm byla trnit\u00e1<\/strong><\/p>\n\n\n\n<div style=\"height:35px\" aria-hidden=\"true\" class=\"wp-block-spacer\"><\/div>\n\n\n\n<div class=\"wp-block-image\"><figure class=\"aligncenter size-large\"><img loading=\"lazy\" decoding=\"async\" width=\"1024\" height=\"683\" src=\"https:\/\/kidshouse.cz\/wp-content\/uploads\/2023\/06\/Foto_BK2A8414_export-1024x683.jpg\" alt=\"\" class=\"wp-image-3825\" srcset=\"https:\/\/kidshouse.cz\/wp-content\/uploads\/2023\/06\/Foto_BK2A8414_export-1024x683.jpg 1024w, https:\/\/kidshouse.cz\/wp-content\/uploads\/2023\/06\/Foto_BK2A8414_export-300x200.jpg 300w, https:\/\/kidshouse.cz\/wp-content\/uploads\/2023\/06\/Foto_BK2A8414_export-768x512.jpg 768w, https:\/\/kidshouse.cz\/wp-content\/uploads\/2023\/06\/Foto_BK2A8414_export-1536x1024.jpg 1536w, https:\/\/kidshouse.cz\/wp-content\/uploads\/2023\/06\/Foto_BK2A8414_export.jpg 1800w\" sizes=\"(max-width: 1024px) 100vw, 1024px\" \/><\/figure><\/div>\n\n\n\n<div style=\"height:35px\" aria-hidden=\"true\" class=\"wp-block-spacer\"><\/div>\n\n\n\n<p>\u201e<em>Bez nads\u00e1zky mohu \u0159\u00edct, \u017ee za odchovem stoj\u00ed patn\u00e1ct let na\u0161eho sna\u017een\u00ed,\u201c <\/em><strong>\u0159\u00edk\u00e1 kur\u00e1tor plaz\u016f Petr Velensk\u00fd<\/strong>. \u201e<em>Prvn\u00ed t\u0159i samice jsme obdr\u017eeli v\u00a0dubnu 2008. Teprve v\u00a0roce 2014 jsme t\u011bmto houbo\u017erav\u00fdm, ke stresu n\u00e1chyln\u00fdm a psychicky labiln\u00edm \u017eelv\u00e1m vyprecizovali podm\u00ednky ter\u00e1ria ve Velemlok\u00e1riu do takov\u00e9 podoby, se\u00a0kterou jsme my i \u017eelvy byli spokojen\u00ed. Ve stejn\u00e9m roce k\u00a0n\u00e1m dorazil i domn\u011bl\u00fd samec, av\u0161ak ten se z\u00e1hy uk\u00e1zal b\u00fdt \u010dtvrtou samic\u00ed v\u00a0na\u0161em chovu,\u201c <\/em><strong>popisuje<\/strong>.<\/p>\n\n\n\n<p>Zat\u00edmco \u010dtve\u0159ice samic prosperovala v&nbsp;expozici, kter\u00e1 imituje chladn\u00e9 horsk\u00e9 prost\u0159ed\u00ed trop\u016f jihov\u00fdchodn\u00ed Asie, samec byl d\u00e1l k&nbsp;nenalezen\u00ed zejm\u00e9na proto, \u017ee pra\u017esk\u00e1 zoo chov\u00e1 tento druh jako jedin\u00e1 v&nbsp;Evrop\u011b. P\u00e1tr\u00e1n\u00ed proto zahrada roz\u0161\u00ed\u0159ila do cel\u00e9ho sv\u011bta. A\u017e v&nbsp;roce 2020 se do Zoo Praha dostala informace o vhodn\u00e9m jedinci v&nbsp;Taipei Zoo na Tchaj-wanu. Ale ani tehdy peripetie neskon\u010dily.<\/p>\n\n\n\n<p>\u201e<em>Se Zoo Taipei m\u00e1me v\u0159el\u00e9 vztahy \u2013 ostatn\u011b poch\u00e1z\u00ed z\u00a0n\u00ed i n\u00e1\u0161 p\u00e1r luskoun\u016f \u2013 av\u0161ak k\u00fd\u017een\u00fd samec \u017eelvy dla\u017edicovit\u00e9 se do tamn\u00ed zoo dostal jako zabaven\u00e9 zv\u00ed\u0159e. Jeho cestu k\u00a0n\u00e1m proto zkomplikoval legislativn\u00ed proces. Po velmi pern\u00e9m vy\u0159\u00edzen\u00ed administrativy a transportu, kter\u00fd tento druh nesn\u00e1\u0161\u00ed dob\u0159e, k\u00a0n\u00e1m samec dorazil a\u017e v\u00a0prosinci 2022,\u201c <\/em><strong>l\u00ed\u010d\u00ed d\u00e1l Velensk\u00fd<\/strong>.<\/p>\n\n\n\n<p>Ihned po konci karant\u00e9ny za\u010dal samec s n\u00e1mluvami. Na konci leto\u0161n\u00edho b\u0159ezna nakladla jedna ze samic sn\u016f\u0161ku vajec do hn\u00edzdn\u00ed kupy, kterou pe\u010dliv\u011b st\u0159e\u017eila. Vedle nezvykl\u00e9ho j\u00eddeln\u00ed\u010dku je toti\u017e dal\u0161\u00ed zvl\u00e1\u0161tnost\u00ed t\u011bchto \u017eelv i rodi\u010dovsk\u00e1 p\u00e9\u010de o&nbsp;vejce. 4. \u010dervna se z nich vyl\u00edhly dv\u011b mal\u00e9 \u017eelvy, kter\u00e9 zat\u00edm z\u016fst\u00e1vaj\u00ed v&nbsp;z\u00e1zem\u00ed. Skupinu dosp\u011blc\u016f v\u0161ak mohou n\u00e1v\u0161t\u011bvn\u00edci pozorovat ve&nbsp;Velemlok\u00e1riu.<\/p>\n\n\n\n<p><strong>\u017delvy dla\u017edicovit\u00e9 jsou podle \u010cerven\u00e9ho seznamu IUCN ohro\u017een\u00fdm druhem, v\u00a0\u010c\u00edn\u011b pak dokonce kriticky ohro\u017een\u00fdm. P\u0159\u00ed\u010dinou je vedle ztr\u00e1ty p\u0159irozen\u00e9ho prost\u0159ed\u00ed i\u00a0ileg\u00e1ln\u00ed obchod na asijsk\u00fdch trz\u00edch. \u00dasp\u011b\u0161n\u00e9 rozmno\u017een\u00ed v\u00a0Zoo Praha je proto velmi d\u016fle\u017eit\u00fdm po\u010dinem. Pokud se odchov zda\u0159\u00ed, m\u016f\u017ee vznikaj\u00edc\u00ed pra\u017esk\u00e1 metodika pomoct v\u00a0chovu i dal\u0161\u00edm chovatelsk\u00fdm instituc\u00edm.<\/strong><\/p>\n\n\n\n<div style=\"height:131px\" aria-hidden=\"true\" class=\"wp-block-spacer\"><\/div>\n\n\n\n<p><strong>Zdroj foto: <\/strong>ZOO Praha<\/p>\n\n\n\n<div style=\"height:100px\" aria-hidden=\"true\" class=\"wp-block-spacer\"><\/div>\n","protected":false},"excerpt":{"rendered":"<p>Zoo Praha slav\u00ed mimo\u0159\u00e1dn\u00fd chovatelsk\u00fd \u00fasp\u011bch. T\u00fdm kur\u00e1tora Petra Velensk\u00e9ho dok\u00e1zal rozmno\u017eit extr\u00e9mn\u011b choulostiv\u00e9 \u017eelvy dla\u017edicovit\u00e9. Dv\u011b&nbsp;ml\u00e1\u010fata t\u011bchto houbo\u017erav\u00fdch plaz\u016f se zde vyl\u00edhla jako v\u016fbec v&nbsp;prvn\u00ed zoo na cel\u00e9m kontinent\u011b. Do ned\u00e1vna byly p\u0159itom&#46;&#46;&#46;<\/p>\n","protected":false},"author":8,"featured_media":3825,"comment_status":"closed","ping_status":"closed","sticky":false,"template":"","format":"standard","meta":{"_monsterinsights_skip_tracking":false,"_monsterinsights_sitenote_active":false,"_monsterinsights_sitenote_note":"","_monsterinsights_sitenote_category":0,"footnotes":""},"categories":[4,2,9],"tags":[],"yoast_head":"<!-- This site is optimized with the Yoast SEO plugin v21.5 - https:\/\/yoast.com\/wordpress\/plugins\/seo\/ -->\n<title>Zoo Praha rozmno\u017eila jako prvn\u00ed zoo v\u00a0Evrop\u011b \u017eelvy dla\u017edicovit\u00e9 - KIDSHOUSE.cz<\/title>\n<meta name=\"robots\" content=\"index, follow, max-snippet:-1, max-image-preview:large, max-video-preview:-1\" \/>\n<link rel=\"canonical\" href=\"https:\/\/kidshouse.cz\/index.php\/2023\/06\/19\/zoo-praha-rozmnozila-jako-prvni-zoo-v-evrope-zelvy-dlazdicovite\/\" \/>\n<meta property=\"og:locale\" content=\"cs_CZ\" \/>\n<meta property=\"og:type\" content=\"article\" \/>\n<meta property=\"og:title\" content=\"Zoo Praha rozmno\u017eila jako prvn\u00ed zoo v\u00a0Evrop\u011b \u017eelvy dla\u017edicovit\u00e9 - KIDSHOUSE.cz\" \/>\n<meta property=\"og:description\" content=\"Zoo Praha slav\u00ed mimo\u0159\u00e1dn\u00fd chovatelsk\u00fd \u00fasp\u011bch. T\u00fdm kur\u00e1tora Petra Velensk\u00e9ho dok\u00e1zal rozmno\u017eit extr\u00e9mn\u011b choulostiv\u00e9 \u017eelvy dla\u017edicovit\u00e9. Dv\u011b&nbsp;ml\u00e1\u010fata t\u011bchto houbo\u017erav\u00fdch plaz\u016f se zde vyl\u00edhla jako v\u016fbec v&nbsp;prvn\u00ed zoo na cel\u00e9m kontinent\u011b. Do ned\u00e1vna byly p\u0159itom&#046;&#046;&#046;\" \/>\n<meta property=\"og:url\" content=\"https:\/\/kidshouse.cz\/index.php\/2023\/06\/19\/zoo-praha-rozmnozila-jako-prvni-zoo-v-evrope-zelvy-dlazdicovite\/\" \/>\n<meta property=\"og:site_name\" content=\"KIDSHOUSE.cz\" \/>\n<meta property=\"article:published_time\" content=\"2023-06-18T22:01:00+00:00\" \/>\n<meta property=\"article:modified_time\" content=\"2023-06-18T22:20:55+00:00\" \/>\n<meta property=\"og:image\" content=\"https:\/\/kidshouse.cz\/wp-content\/uploads\/2023\/06\/Foto_BK2A8414_export.jpg\" \/>\n\t<meta property=\"og:image:width\" content=\"1800\" \/>\n\t<meta property=\"og:image:height\" content=\"1200\" \/>\n\t<meta property=\"og:image:type\" content=\"image\/jpeg\" \/>\n<meta name=\"author\" content=\"Jordana Pechov\u00e1\" \/>\n<meta name=\"twitter:card\" content=\"summary_large_image\" \/>\n<meta name=\"twitter:label1\" content=\"Napsal(a)\" \/>\n\t<meta name=\"twitter:data1\" content=\"Jordana Pechov\u00e1\" \/>\n\t<meta name=\"twitter:label2\" content=\"Odhadovan\u00e1 doba \u010dten\u00ed\" \/>\n\t<meta name=\"twitter:data2\" content=\"2 minuty\" \/>\n<script type=\"application\/ld+json\" class=\"yoast-schema-graph\">{\"@context\":\"https:\/\/schema.org\",\"@graph\":[{\"@type\":\"Article\",\"@id\":\"https:\/\/kidshouse.cz\/index.php\/2023\/06\/19\/zoo-praha-rozmnozila-jako-prvni-zoo-v-evrope-zelvy-dlazdicovite\/#article\",\"isPartOf\":{\"@id\":\"https:\/\/kidshouse.cz\/index.php\/2023\/06\/19\/zoo-praha-rozmnozila-jako-prvni-zoo-v-evrope-zelvy-dlazdicovite\/\"},\"author\":{\"name\":\"Jordana Pechov\u00e1\",\"@id\":\"https:\/\/kidshouse.cz\/#\/schema\/person\/1467438b3f6af2e8c3992789b0967193\"},\"headline\":\"Zoo Praha rozmno\u017eila jako prvn\u00ed zoo v\u00a0Evrop\u011b \u017eelvy dla\u017edicovit\u00e9\",\"datePublished\":\"2023-06-18T22:01:00+00:00\",\"dateModified\":\"2023-06-18T22:20:55+00:00\",\"mainEntityOfPage\":{\"@id\":\"https:\/\/kidshouse.cz\/index.php\/2023\/06\/19\/zoo-praha-rozmnozila-jako-prvni-zoo-v-evrope-zelvy-dlazdicovite\/\"},\"wordCount\":507,\"publisher\":{\"@id\":\"https:\/\/kidshouse.cz\/#organization\"},\"articleSection\":[\"FOTOREPORTY\",\"NEWS\",\"TIPY\"],\"inLanguage\":\"cs\"},{\"@type\":\"WebPage\",\"@id\":\"https:\/\/kidshouse.cz\/index.php\/2023\/06\/19\/zoo-praha-rozmnozila-jako-prvni-zoo-v-evrope-zelvy-dlazdicovite\/\",\"url\":\"https:\/\/kidshouse.cz\/index.php\/2023\/06\/19\/zoo-praha-rozmnozila-jako-prvni-zoo-v-evrope-zelvy-dlazdicovite\/\",\"name\":\"Zoo Praha rozmno\u017eila jako prvn\u00ed zoo v\u00a0Evrop\u011b \u017eelvy dla\u017edicovit\u00e9 - KIDSHOUSE.cz\",\"isPartOf\":{\"@id\":\"https:\/\/kidshouse.cz\/#website\"},\"datePublished\":\"2023-06-18T22:01:00+00:00\",\"dateModified\":\"2023-06-18T22:20:55+00:00\",\"breadcrumb\":{\"@id\":\"https:\/\/kidshouse.cz\/index.php\/2023\/06\/19\/zoo-praha-rozmnozila-jako-prvni-zoo-v-evrope-zelvy-dlazdicovite\/#breadcrumb\"},\"inLanguage\":\"cs\",\"potentialAction\":[{\"@type\":\"ReadAction\",\"target\":[\"https:\/\/kidshouse.cz\/index.php\/2023\/06\/19\/zoo-praha-rozmnozila-jako-prvni-zoo-v-evrope-zelvy-dlazdicovite\/\"]}]},{\"@type\":\"BreadcrumbList\",\"@id\":\"https:\/\/kidshouse.cz\/index.php\/2023\/06\/19\/zoo-praha-rozmnozila-jako-prvni-zoo-v-evrope-zelvy-dlazdicovite\/#breadcrumb\",\"itemListElement\":[{\"@type\":\"ListItem\",\"position\":1,\"name\":\"Dom\u016f\",\"item\":\"https:\/\/kidshouse.cz\/\"},{\"@type\":\"ListItem\",\"position\":2,\"name\":\"Zoo Praha rozmno\u017eila jako prvn\u00ed zoo v\u00a0Evrop\u011b \u017eelvy dla\u017edicovit\u00e9\"}]},{\"@type\":\"WebSite\",\"@id\":\"https:\/\/kidshouse.cz\/#website\",\"url\":\"https:\/\/kidshouse.cz\/\",\"name\":\"KIDSHOUSE.cz\",\"description\":\"Port\u00e1l pro d\u011bti a jejich rodi\u010de...\",\"publisher\":{\"@id\":\"https:\/\/kidshouse.cz\/#organization\"},\"potentialAction\":[{\"@type\":\"SearchAction\",\"target\":{\"@type\":\"EntryPoint\",\"urlTemplate\":\"https:\/\/kidshouse.cz\/?s={search_term_string}\"},\"query-input\":\"required name=search_term_string\"}],\"inLanguage\":\"cs\"},{\"@type\":\"Organization\",\"@id\":\"https:\/\/kidshouse.cz\/#organization\",\"name\":\"KIDSHOUSE.cz\",\"url\":\"https:\/\/kidshouse.cz\/\",\"logo\":{\"@type\":\"ImageObject\",\"inLanguage\":\"cs\",\"@id\":\"https:\/\/kidshouse.cz\/#\/schema\/logo\/image\/\",\"url\":\"https:\/\/kidshouse.cz\/wp-content\/uploads\/2020\/06\/Logo_KIDSHOUSE_2.jpg\",\"contentUrl\":\"https:\/\/kidshouse.cz\/wp-content\/uploads\/2020\/06\/Logo_KIDSHOUSE_2.jpg\",\"width\":996,\"height\":357,\"caption\":\"KIDSHOUSE.cz\"},\"image\":{\"@id\":\"https:\/\/kidshouse.cz\/#\/schema\/logo\/image\/\"}},{\"@type\":\"Person\",\"@id\":\"https:\/\/kidshouse.cz\/#\/schema\/person\/1467438b3f6af2e8c3992789b0967193\",\"name\":\"Jordana Pechov\u00e1\",\"image\":{\"@type\":\"ImageObject\",\"inLanguage\":\"cs\",\"@id\":\"https:\/\/kidshouse.cz\/#\/schema\/person\/image\/\",\"url\":\"https:\/\/secure.gravatar.com\/avatar\/349e898f7fe64c4a4839cc48a802dd9a?s=96&d=mm&r=g\",\"contentUrl\":\"https:\/\/secure.gravatar.com\/avatar\/349e898f7fe64c4a4839cc48a802dd9a?s=96&d=mm&r=g\",\"caption\":\"Jordana Pechov\u00e1\"},\"sameAs\":[\"http:\/\/KIDSHOUSE.cz\"],\"url\":\"https:\/\/kidshouse.cz\/index.php\/author\/jorpech\/\"}]}<\/script>\n<!-- \/ Yoast SEO plugin. -->","yoast_head_json":{"title":"Zoo Praha rozmno\u017eila jako prvn\u00ed zoo v\u00a0Evrop\u011b \u017eelvy dla\u017edicovit\u00e9 - KIDSHOUSE.cz","robots":{"index":"index","follow":"follow","max-snippet":"max-snippet:-1","max-image-preview":"max-image-preview:large","max-video-preview":"max-video-preview:-1"},"canonical":"https:\/\/kidshouse.cz\/index.php\/2023\/06\/19\/zoo-praha-rozmnozila-jako-prvni-zoo-v-evrope-zelvy-dlazdicovite\/","og_locale":"cs_CZ","og_type":"article","og_title":"Zoo Praha rozmno\u017eila jako prvn\u00ed zoo v\u00a0Evrop\u011b \u017eelvy dla\u017edicovit\u00e9 - KIDSHOUSE.cz","og_description":"Zoo Praha slav\u00ed mimo\u0159\u00e1dn\u00fd chovatelsk\u00fd \u00fasp\u011bch. T\u00fdm kur\u00e1tora Petra Velensk\u00e9ho dok\u00e1zal rozmno\u017eit extr\u00e9mn\u011b choulostiv\u00e9 \u017eelvy dla\u017edicovit\u00e9. Dv\u011b&nbsp;ml\u00e1\u010fata t\u011bchto houbo\u017erav\u00fdch plaz\u016f se zde vyl\u00edhla jako v\u016fbec v&nbsp;prvn\u00ed zoo na cel\u00e9m kontinent\u011b. Do ned\u00e1vna byly p\u0159itom&#46;&#46;&#46;","og_url":"https:\/\/kidshouse.cz\/index.php\/2023\/06\/19\/zoo-praha-rozmnozila-jako-prvni-zoo-v-evrope-zelvy-dlazdicovite\/","og_site_name":"KIDSHOUSE.cz","article_published_time":"2023-06-18T22:01:00+00:00","article_modified_time":"2023-06-18T22:20:55+00:00","og_image":[{"width":1800,"height":1200,"url":"https:\/\/kidshouse.cz\/wp-content\/uploads\/2023\/06\/Foto_BK2A8414_export.jpg","type":"image\/jpeg"}],"author":"Jordana Pechov\u00e1","twitter_card":"summary_large_image","twitter_misc":{"Napsal(a)":"Jordana Pechov\u00e1","Odhadovan\u00e1 doba \u010dten\u00ed":"2 minuty"},"schema":{"@context":"https:\/\/schema.org","@graph":[{"@type":"Article","@id":"https:\/\/kidshouse.cz\/index.php\/2023\/06\/19\/zoo-praha-rozmnozila-jako-prvni-zoo-v-evrope-zelvy-dlazdicovite\/#article","isPartOf":{"@id":"https:\/\/kidshouse.cz\/index.php\/2023\/06\/19\/zoo-praha-rozmnozila-jako-prvni-zoo-v-evrope-zelvy-dlazdicovite\/"},"author":{"name":"Jordana Pechov\u00e1","@id":"https:\/\/kidshouse.cz\/#\/schema\/person\/1467438b3f6af2e8c3992789b0967193"},"headline":"Zoo Praha rozmno\u017eila jako prvn\u00ed zoo v\u00a0Evrop\u011b \u017eelvy dla\u017edicovit\u00e9","datePublished":"2023-06-18T22:01:00+00:00","dateModified":"2023-06-18T22:20:55+00:00","mainEntityOfPage":{"@id":"https:\/\/kidshouse.cz\/index.php\/2023\/06\/19\/zoo-praha-rozmnozila-jako-prvni-zoo-v-evrope-zelvy-dlazdicovite\/"},"wordCount":507,"publisher":{"@id":"https:\/\/kidshouse.cz\/#organization"},"articleSection":["FOTOREPORTY","NEWS","TIPY"],"inLanguage":"cs"},{"@type":"WebPage","@id":"https:\/\/kidshouse.cz\/index.php\/2023\/06\/19\/zoo-praha-rozmnozila-jako-prvni-zoo-v-evrope-zelvy-dlazdicovite\/","url":"https:\/\/kidshouse.cz\/index.php\/2023\/06\/19\/zoo-praha-rozmnozila-jako-prvni-zoo-v-evrope-zelvy-dlazdicovite\/","name":"Zoo Praha rozmno\u017eila jako prvn\u00ed zoo v\u00a0Evrop\u011b \u017eelvy dla\u017edicovit\u00e9 - KIDSHOUSE.cz","isPartOf":{"@id":"https:\/\/kidshouse.cz\/#website"},"datePublished":"2023-06-18T22:01:00+00:00","dateModified":"2023-06-18T22:20:55+00:00","breadcrumb":{"@id":"https:\/\/kidshouse.cz\/index.php\/2023\/06\/19\/zoo-praha-rozmnozila-jako-prvni-zoo-v-evrope-zelvy-dlazdicovite\/#breadcrumb"},"inLanguage":"cs","potentialAction":[{"@type":"ReadAction","target":["https:\/\/kidshouse.cz\/index.php\/2023\/06\/19\/zoo-praha-rozmnozila-jako-prvni-zoo-v-evrope-zelvy-dlazdicovite\/"]}]},{"@type":"BreadcrumbList","@id":"https:\/\/kidshouse.cz\/index.php\/2023\/06\/19\/zoo-praha-rozmnozila-jako-prvni-zoo-v-evrope-zelvy-dlazdicovite\/#breadcrumb","itemListElement":[{"@type":"ListItem","position":1,"name":"Dom\u016f","item":"https:\/\/kidshouse.cz\/"},{"@type":"ListItem","position":2,"name":"Zoo Praha rozmno\u017eila jako prvn\u00ed zoo v\u00a0Evrop\u011b \u017eelvy dla\u017edicovit\u00e9"}]},{"@type":"WebSite","@id":"https:\/\/kidshouse.cz\/#website","url":"https:\/\/kidshouse.cz\/","name":"KIDSHOUSE.cz","description":"Port\u00e1l pro d\u011bti a jejich rodi\u010de...","publisher":{"@id":"https:\/\/kidshouse.cz\/#organization"},"potentialAction":[{"@type":"SearchAction","target":{"@type":"EntryPoint","urlTemplate":"https:\/\/kidshouse.cz\/?s={search_term_string}"},"query-input":"required name=search_term_string"}],"inLanguage":"cs"},{"@type":"Organization","@id":"https:\/\/kidshouse.cz\/#organization","name":"KIDSHOUSE.cz","url":"https:\/\/kidshouse.cz\/","logo":{"@type":"ImageObject","inLanguage":"cs","@id":"https:\/\/kidshouse.cz\/#\/schema\/logo\/image\/","url":"https:\/\/kidshouse.cz\/wp-content\/uploads\/2020\/06\/Logo_KIDSHOUSE_2.jpg","contentUrl":"https:\/\/kidshouse.cz\/wp-content\/uploads\/2020\/06\/Logo_KIDSHOUSE_2.jpg","width":996,"height":357,"caption":"KIDSHOUSE.cz"},"image":{"@id":"https:\/\/kidshouse.cz\/#\/schema\/logo\/image\/"}},{"@type":"Person","@id":"https:\/\/kidshouse.cz\/#\/schema\/person\/1467438b3f6af2e8c3992789b0967193","name":"Jordana Pechov\u00e1","image":{"@type":"ImageObject","inLanguage":"cs","@id":"https:\/\/kidshouse.cz\/#\/schema\/person\/image\/","url":"https:\/\/secure.gravatar.com\/avatar\/349e898f7fe64c4a4839cc48a802dd9a?s=96&d=mm&r=g","contentUrl":"https:\/\/secure.gravatar.com\/avatar\/349e898f7fe64c4a4839cc48a802dd9a?s=96&d=mm&r=g","caption":"Jordana Pechov\u00e1"},"sameAs":["http:\/\/KIDSHOUSE.cz"],"url":"https:\/\/kidshouse.cz\/index.php\/author\/jorpech\/"}]}},"_links":{"self":[{"href":"https:\/\/kidshouse.cz\/index.php\/wp-json\/wp\/v2\/posts\/3824"}],"collection":[{"href":"https:\/\/kidshouse.cz\/index.php\/wp-json\/wp\/v2\/posts"}],"about":[{"href":"https:\/\/kidshouse.cz\/index.php\/wp-json\/wp\/v2\/types\/post"}],"author":[{"embeddable":true,"href":"https:\/\/kidshouse.cz\/index.php\/wp-json\/wp\/v2\/users\/8"}],"replies":[{"embeddable":true,"href":"https:\/\/kidshouse.cz\/index.php\/wp-json\/wp\/v2\/comments?post=3824"}],"version-history":[{"count":3,"href":"https:\/\/kidshouse.cz\/index.php\/wp-json\/wp\/v2\/posts\/3824\/revisions"}],"predecessor-version":[{"id":3832,"href":"https:\/\/kidshouse.cz\/index.php\/wp-json\/wp\/v2\/posts\/3824\/revisions\/3832"}],"wp:featuredmedia":[{"embeddable":true,"href":"https:\/\/kidshouse.cz\/index.php\/wp-json\/wp\/v2\/media\/3825"}],"wp:attachment":[{"href":"https:\/\/kidshouse.cz\/index.php\/wp-json\/wp\/v2\/media?parent=3824"}],"wp:term":[{"taxonomy":"category","embeddable":true,"href":"https:\/\/kidshouse.cz\/index.php\/wp-json\/wp\/v2\/categories?post=3824"},{"taxonomy":"post_tag","embeddable":true,"href":"https:\/\/kidshouse.cz\/index.php\/wp-json\/wp\/v2\/tags?post=3824"}],"curies":[{"name":"wp","href":"https:\/\/api.w.org\/{rel}","templated":true}]}}