{"id":4117,"date":"2023-08-17T00:01:00","date_gmt":"2023-08-16T22:01:00","guid":{"rendered":"https:\/\/kidshouse.cz\/?p=4117"},"modified":"2023-08-16T14:18:27","modified_gmt":"2023-08-16T12:18:27","slug":"adopce-vlastnimi-rodici-mladata-nestoru-jsou-k-videni-v-zoo-praha","status":"publish","type":"post","link":"https:\/\/kidshouse.cz\/index.php\/2023\/08\/17\/adopce-vlastnimi-rodici-mladata-nestoru-jsou-k-videni-v-zoo-praha\/","title":{"rendered":"Adopce vlastn\u00edmi rodi\u010di: Ml\u00e1\u010fata nestor\u016f jsou k\u00a0vid\u011bn\u00ed v\u00a0Zoo Praha"},"content":{"rendered":"\n<div style=\"height:44px\" aria-hidden=\"true\" class=\"wp-block-spacer\"><\/div>\n\n\n\n<p><strong>Ml\u00e1\u010fata nestor\u016f kea obydlela expozici spolu se sv\u00fdmi rodi\u010di. Mal\u00ed\u00a0papou\u0161ci byli um\u011ble dokrmeni v\u00a0z\u00e1zem\u00ed a s\u00a0rodi\u010dovsk\u00fdm p\u00e1rem \u2013\u00a0samcem Rudym a samic\u00ed Judy \u2013 se proto sezn\u00e1mili a\u017e nyn\u00ed. V\u00a0prvn\u00ed voli\u00e9\u0159e R\u00e1kosova pavilonu pobl\u00ed\u017e hlavn\u00edho vchodu je tak dnes velmi \u017eivo. Vedle ml\u00e1\u010fat tomu p\u0159isp\u00edv\u00e1 i aktu\u00e1ln\u00ed po\u010das\u00ed, kter\u00e9 tyto jedin\u00e9 vysokohorsk\u00e9 papou\u0161ky sv\u011bta vyb\u00edz\u00ed k\u00a0aktivit\u011b.<\/strong><\/p>\n\n\n\n<div style=\"height:34px\" aria-hidden=\"true\" class=\"wp-block-spacer\"><\/div>\n\n\n\n<div class=\"wp-block-image\"><figure class=\"aligncenter size-large\"><img loading=\"lazy\" decoding=\"async\" width=\"1024\" height=\"683\" src=\"https:\/\/kidshouse.cz\/wp-content\/uploads\/2023\/08\/Foto-1_Z09_6080_export-1024x683.jpg\" alt=\"\" class=\"wp-image-4118\" srcset=\"https:\/\/kidshouse.cz\/wp-content\/uploads\/2023\/08\/Foto-1_Z09_6080_export-1024x683.jpg 1024w, https:\/\/kidshouse.cz\/wp-content\/uploads\/2023\/08\/Foto-1_Z09_6080_export-300x200.jpg 300w, https:\/\/kidshouse.cz\/wp-content\/uploads\/2023\/08\/Foto-1_Z09_6080_export-768x512.jpg 768w, https:\/\/kidshouse.cz\/wp-content\/uploads\/2023\/08\/Foto-1_Z09_6080_export.jpg 1400w\" sizes=\"(max-width: 1024px) 100vw, 1024px\" \/><\/figure><\/div>\n\n\n\n<div style=\"height:34px\" aria-hidden=\"true\" class=\"wp-block-spacer\"><\/div>\n\n\n\n<p>\u201e<em>V z\u00e1sad\u011b se jedn\u00e1 o adopci vlastn\u00edmi rodi\u010di,\u201c <\/em>\u0159\u00edk\u00e1 kur\u00e1tor pt\u00e1k\u016f Anton\u00edn Vaidl. Tento alternativn\u00ed zp\u016fsob odchovu se zde u\u017e d\u0159\u00edve osv\u011bd\u010dil u krasek kr\u00e1tkoocas\u00fdch a\u00a0n\u011bkolika druh\u016f sojkovc\u016f. V\u00a0p\u0159\u00edpad\u011b papou\u0161k\u016f jde ale v\u00a0pra\u017esk\u00e9 zoo o\u00a0premi\u00e9ru. \u201e<em>Nezku\u0161en\u00e1 samice Judy hn\u00edzdila poprv\u00e9, a tak jsme jej\u00ed vejce rad\u011bji um\u00edstili do l\u00edhn\u011b. Pt\u00e1\u010data se vyl\u00edhla na p\u0159elomu \u00fanora a b\u0159ezna a my jsme je pot\u00e9 v\u00a0inkub\u00e1toru ru\u010dn\u011b dokrmovali,\u201c <\/em>popisuje Vaidl odchov s\u00a0t\u00edm, \u017ee jde o \u010dtvrt\u00e9 a p\u00e1t\u00e9 ml\u00e1d\u011b tohoto ohro\u017een\u00e9ho druhu v\u00a0historii Zoo Praha.<\/p>\n\n\n\n<div style=\"height:33px\" aria-hidden=\"true\" class=\"wp-block-spacer\"><\/div>\n\n\n\n<div class=\"wp-block-image\"><figure class=\"aligncenter size-large\"><img loading=\"lazy\" decoding=\"async\" width=\"1024\" height=\"683\" src=\"https:\/\/kidshouse.cz\/wp-content\/uploads\/2023\/08\/Foto-3_Z09_6006_export-1024x683.jpg\" alt=\"\" class=\"wp-image-4120\" srcset=\"https:\/\/kidshouse.cz\/wp-content\/uploads\/2023\/08\/Foto-3_Z09_6006_export-1024x683.jpg 1024w, https:\/\/kidshouse.cz\/wp-content\/uploads\/2023\/08\/Foto-3_Z09_6006_export-300x200.jpg 300w, https:\/\/kidshouse.cz\/wp-content\/uploads\/2023\/08\/Foto-3_Z09_6006_export-768x512.jpg 768w, https:\/\/kidshouse.cz\/wp-content\/uploads\/2023\/08\/Foto-3_Z09_6006_export-1536x1024.jpg 1536w\" sizes=\"(max-width: 1024px) 100vw, 1024px\" \/><\/figure><\/div>\n\n\n\n<div style=\"height:33px\" aria-hidden=\"true\" class=\"wp-block-spacer\"><\/div>\n\n\n\n<p>Mal\u00e9 nestory ale bylo t\u0159eba v\u010das socializovat s&nbsp;ostatn\u00edmi pt\u00e1ky sv\u00e9ho druhu. S&nbsp;ohledem na jejich inteligenci, kter\u00e1 je v\u00fdjime\u010dn\u00e1 i mezi obecn\u011b velmi vynal\u00e9zav\u00fdmi papou\u0161ky, bylo d\u016fle\u017eit\u00e9 je nechat v&nbsp;izolaci od dal\u0161\u00edch jedinc\u016f jen po nezbytnou dobu.<\/p>\n\n\n\n<p>\u201e<em>Na za\u010d\u00e1tku l\u00e9ta jsme proto ml\u00e1\u010fata um\u00edstili do hn\u00edzdn\u00ed nory za kontaktn\u00ed m\u0159\u00ed\u017eku. Mohla se tak seznamovat s&nbsp;rodi\u010di a my se o n\u011b mohli d\u00e1l starat a pozorovat, jak na sebe reaguj\u00ed,\u201c <\/em>vysv\u011btluje Vaidl. V&nbsp;n\u00e1sleduj\u00edc\u00edch t\u00fddnech se metoda osv\u011bd\u010dila. Ml\u00e1d\u011bc\u00ed zvuky \u017eadon\u00edc\u00ed o pozornost vybudily p\u00e1r dosp\u011blc\u016f k&nbsp;rodi\u010dovsk\u00e9mu chov\u00e1n\u00ed. <em>\u201eKdy\u017e jsme m\u0159\u00ed\u017eku odstranili, samice u\u017e m\u011bla na pt\u00e1\u010data v\u011bt\u0161\u00ed vazbu, ale samec byl b\u00e1zliv\u011bj\u0161\u00ed a zprvu se je sna\u017eil odehnat. U\u017e za p\u00e1r dn\u00ed jsme ale pozorovali, jak i&nbsp;on ob\u011b ml\u00e1\u010fata krm\u00ed a star\u00e1 se o n\u011b p\u0159\u00edmo vzorn\u011b.\u201c<\/em><\/p>\n\n\n\n<div style=\"height:33px\" aria-hidden=\"true\" class=\"wp-block-spacer\"><\/div>\n\n\n\n<div class=\"wp-block-image\"><figure class=\"aligncenter size-large\"><img loading=\"lazy\" decoding=\"async\" width=\"1024\" height=\"1024\" src=\"https:\/\/kidshouse.cz\/wp-content\/uploads\/2023\/08\/Foto-4_Z09_6135_export-1024x1024.jpg\" alt=\"\" class=\"wp-image-4121\" srcset=\"https:\/\/kidshouse.cz\/wp-content\/uploads\/2023\/08\/Foto-4_Z09_6135_export-1024x1024.jpg 1024w, https:\/\/kidshouse.cz\/wp-content\/uploads\/2023\/08\/Foto-4_Z09_6135_export-300x300.jpg 300w, https:\/\/kidshouse.cz\/wp-content\/uploads\/2023\/08\/Foto-4_Z09_6135_export-150x150.jpg 150w, https:\/\/kidshouse.cz\/wp-content\/uploads\/2023\/08\/Foto-4_Z09_6135_export-768x768.jpg 768w, https:\/\/kidshouse.cz\/wp-content\/uploads\/2023\/08\/Foto-4_Z09_6135_export-1536x1536.jpg 1536w, https:\/\/kidshouse.cz\/wp-content\/uploads\/2023\/08\/Foto-4_Z09_6135_export-2048x2048.jpg 2048w, https:\/\/kidshouse.cz\/wp-content\/uploads\/2023\/08\/Foto-4_Z09_6135_export-80x80.jpg 80w, https:\/\/kidshouse.cz\/wp-content\/uploads\/2023\/08\/Foto-4_Z09_6135_export-320x320.jpg 320w\" sizes=\"(max-width: 1024px) 100vw, 1024px\" \/><\/figure><\/div>\n\n\n\n<div style=\"height:33px\" aria-hidden=\"true\" class=\"wp-block-spacer\"><\/div>\n\n\n\n<p>Aktu\u00e1ln\u011b tak n\u00e1v\u0161t\u011bvn\u00edci naleznou ve voli\u00e9\u0159e skupinu \u010dty\u0159 pt\u00e1k\u016f. Vedle u\u017e zm\u00edn\u011bn\u00e9 zv\u00eddavosti, d\u00edky kter\u00e9 nesto\u0159i r\u00e1di \u0159e\u0161\u00ed p\u0159ipraven\u00e9 r\u00e9busy a hlavolamy v\u00a0podob\u011b r\u016fzn\u00fdch enrichmentov\u00fdch prvk\u016f, a adaptace na chladn\u011bj\u0161\u00ed klima, jsou tito novoz\u00e9land\u0161t\u00ed papou\u0161ci zvl\u00e1\u0161tn\u00ed tak\u00e9 svou v\u0161e\u017eravost\u00ed. V\u00a0p\u0159\u00edrod\u011b jsou schopni ulovit drobn\u00e9 obratlovce, a tak jim krmnou d\u00e1vku ko\u0159enov\u00e9 zeleniny v\u00a0Zoo Praha zpest\u0159uj\u00ed i va\u0159en\u00e1 vejce jako zdroj \u017eivo\u010di\u0161n\u00fdch b\u00edlkovin.<\/p>\n\n\n\n<div style=\"height:33px\" aria-hidden=\"true\" class=\"wp-block-spacer\"><\/div>\n\n\n\n<figure class=\"wp-block-gallery columns-2 is-cropped wp-block-gallery-1 is-layout-flex wp-block-gallery-is-layout-flex\"><ul class=\"blocks-gallery-grid\"><li class=\"blocks-gallery-item\"><figure><img loading=\"lazy\" decoding=\"async\" width=\"1024\" height=\"683\" src=\"https:\/\/kidshouse.cz\/wp-content\/uploads\/2023\/08\/Foto-1_Z09_6080_export-1024x683.jpg\" alt=\"\" data-id=\"4118\" data-full-url=\"https:\/\/kidshouse.cz\/wp-content\/uploads\/2023\/08\/Foto-1_Z09_6080_export.jpg\" data-link=\"https:\/\/kidshouse.cz\/?attachment_id=4118\" class=\"wp-image-4118\" srcset=\"https:\/\/kidshouse.cz\/wp-content\/uploads\/2023\/08\/Foto-1_Z09_6080_export-1024x683.jpg 1024w, https:\/\/kidshouse.cz\/wp-content\/uploads\/2023\/08\/Foto-1_Z09_6080_export-300x200.jpg 300w, https:\/\/kidshouse.cz\/wp-content\/uploads\/2023\/08\/Foto-1_Z09_6080_export-768x512.jpg 768w, https:\/\/kidshouse.cz\/wp-content\/uploads\/2023\/08\/Foto-1_Z09_6080_export.jpg 1400w\" sizes=\"(max-width: 1024px) 100vw, 1024px\" \/><\/figure><\/li><li class=\"blocks-gallery-item\"><figure><img loading=\"lazy\" decoding=\"async\" width=\"1024\" height=\"1024\" src=\"https:\/\/kidshouse.cz\/wp-content\/uploads\/2023\/08\/Foto-4_Z09_6135_export-1024x1024.jpg\" alt=\"\" data-id=\"4121\" data-full-url=\"https:\/\/kidshouse.cz\/wp-content\/uploads\/2023\/08\/Foto-4_Z09_6135_export.jpg\" data-link=\"https:\/\/kidshouse.cz\/?attachment_id=4121\" class=\"wp-image-4121\" srcset=\"https:\/\/kidshouse.cz\/wp-content\/uploads\/2023\/08\/Foto-4_Z09_6135_export-1024x1024.jpg 1024w, https:\/\/kidshouse.cz\/wp-content\/uploads\/2023\/08\/Foto-4_Z09_6135_export-300x300.jpg 300w, https:\/\/kidshouse.cz\/wp-content\/uploads\/2023\/08\/Foto-4_Z09_6135_export-150x150.jpg 150w, https:\/\/kidshouse.cz\/wp-content\/uploads\/2023\/08\/Foto-4_Z09_6135_export-768x768.jpg 768w, https:\/\/kidshouse.cz\/wp-content\/uploads\/2023\/08\/Foto-4_Z09_6135_export-1536x1536.jpg 1536w, https:\/\/kidshouse.cz\/wp-content\/uploads\/2023\/08\/Foto-4_Z09_6135_export-2048x2048.jpg 2048w, https:\/\/kidshouse.cz\/wp-content\/uploads\/2023\/08\/Foto-4_Z09_6135_export-80x80.jpg 80w, https:\/\/kidshouse.cz\/wp-content\/uploads\/2023\/08\/Foto-4_Z09_6135_export-320x320.jpg 320w\" sizes=\"(max-width: 1024px) 100vw, 1024px\" \/><\/figure><\/li><li class=\"blocks-gallery-item\"><figure><img loading=\"lazy\" decoding=\"async\" width=\"1024\" height=\"683\" src=\"https:\/\/kidshouse.cz\/wp-content\/uploads\/2023\/08\/Foto-3_Z09_6006_export-1024x683.jpg\" alt=\"\" data-id=\"4120\" data-full-url=\"https:\/\/kidshouse.cz\/wp-content\/uploads\/2023\/08\/Foto-3_Z09_6006_export-scaled.jpg\" data-link=\"https:\/\/kidshouse.cz\/?attachment_id=4120\" class=\"wp-image-4120\" srcset=\"https:\/\/kidshouse.cz\/wp-content\/uploads\/2023\/08\/Foto-3_Z09_6006_export-1024x683.jpg 1024w, https:\/\/kidshouse.cz\/wp-content\/uploads\/2023\/08\/Foto-3_Z09_6006_export-300x200.jpg 300w, https:\/\/kidshouse.cz\/wp-content\/uploads\/2023\/08\/Foto-3_Z09_6006_export-768x512.jpg 768w, https:\/\/kidshouse.cz\/wp-content\/uploads\/2023\/08\/Foto-3_Z09_6006_export-1536x1024.jpg 1536w\" sizes=\"(max-width: 1024px) 100vw, 1024px\" \/><\/figure><\/li><li class=\"blocks-gallery-item\"><figure><img loading=\"lazy\" decoding=\"async\" width=\"1024\" height=\"682\" src=\"https:\/\/kidshouse.cz\/wp-content\/uploads\/2023\/08\/Foto-2_Z09_3640_export-1024x682.jpg\" alt=\"\" data-id=\"4119\" data-full-url=\"https:\/\/kidshouse.cz\/wp-content\/uploads\/2023\/08\/Foto-2_Z09_3640_export.jpg\" data-link=\"https:\/\/kidshouse.cz\/?attachment_id=4119\" class=\"wp-image-4119\" srcset=\"https:\/\/kidshouse.cz\/wp-content\/uploads\/2023\/08\/Foto-2_Z09_3640_export-1024x682.jpg 1024w, https:\/\/kidshouse.cz\/wp-content\/uploads\/2023\/08\/Foto-2_Z09_3640_export-300x200.jpg 300w, https:\/\/kidshouse.cz\/wp-content\/uploads\/2023\/08\/Foto-2_Z09_3640_export-768x512.jpg 768w, https:\/\/kidshouse.cz\/wp-content\/uploads\/2023\/08\/Foto-2_Z09_3640_export.jpg 1400w\" sizes=\"(max-width: 1024px) 100vw, 1024px\" \/><\/figure><\/li><\/ul><\/figure>\n\n\n\n<p><strong>Zdroj foto:<\/strong> ZOO Praha<\/p>\n\n\n\n<div style=\"height:100px\" aria-hidden=\"true\" class=\"wp-block-spacer\"><\/div>\n","protected":false},"excerpt":{"rendered":"<p>Ml\u00e1\u010fata nestor\u016f kea obydlela expozici spolu se sv\u00fdmi rodi\u010di. Mal\u00ed\u00a0papou\u0161ci byli um\u011ble dokrmeni v\u00a0z\u00e1zem\u00ed a s\u00a0rodi\u010dovsk\u00fdm p\u00e1rem \u2013\u00a0samcem Rudym a samic\u00ed Judy \u2013 se proto sezn\u00e1mili a\u017e nyn\u00ed. V\u00a0prvn\u00ed voli\u00e9\u0159e R\u00e1kosova pavilonu pobl\u00ed\u017e hlavn\u00edho&#46;&#46;&#46;<\/p>\n","protected":false},"author":8,"featured_media":4118,"comment_status":"closed","ping_status":"closed","sticky":false,"template":"","format":"standard","meta":{"_monsterinsights_skip_tracking":false,"_monsterinsights_sitenote_active":false,"_monsterinsights_sitenote_note":"","_monsterinsights_sitenote_category":0,"footnotes":""},"categories":[4,2,13,9],"tags":[],"yoast_head":"<!-- This site is optimized with the Yoast SEO plugin v21.5 - https:\/\/yoast.com\/wordpress\/plugins\/seo\/ -->\n<title>Adopce vlastn\u00edmi rodi\u010di: Ml\u00e1\u010fata nestor\u016f jsou k\u00a0vid\u011bn\u00ed v\u00a0Zoo Praha - KIDSHOUSE.cz<\/title>\n<meta name=\"robots\" content=\"index, follow, max-snippet:-1, max-image-preview:large, max-video-preview:-1\" \/>\n<link rel=\"canonical\" href=\"https:\/\/kidshouse.cz\/index.php\/2023\/08\/17\/adopce-vlastnimi-rodici-mladata-nestoru-jsou-k-videni-v-zoo-praha\/\" \/>\n<meta property=\"og:locale\" content=\"cs_CZ\" \/>\n<meta property=\"og:type\" content=\"article\" \/>\n<meta property=\"og:title\" content=\"Adopce vlastn\u00edmi rodi\u010di: Ml\u00e1\u010fata nestor\u016f jsou k\u00a0vid\u011bn\u00ed v\u00a0Zoo Praha - KIDSHOUSE.cz\" \/>\n<meta property=\"og:description\" content=\"Ml\u00e1\u010fata nestor\u016f kea obydlela expozici spolu se sv\u00fdmi rodi\u010di. Mal\u00ed\u00a0papou\u0161ci byli um\u011ble dokrmeni v\u00a0z\u00e1zem\u00ed a s\u00a0rodi\u010dovsk\u00fdm p\u00e1rem \u2013\u00a0samcem Rudym a samic\u00ed Judy \u2013 se proto sezn\u00e1mili a\u017e nyn\u00ed. V\u00a0prvn\u00ed voli\u00e9\u0159e R\u00e1kosova pavilonu pobl\u00ed\u017e hlavn\u00edho&#046;&#046;&#046;\" \/>\n<meta property=\"og:url\" content=\"https:\/\/kidshouse.cz\/index.php\/2023\/08\/17\/adopce-vlastnimi-rodici-mladata-nestoru-jsou-k-videni-v-zoo-praha\/\" \/>\n<meta property=\"og:site_name\" content=\"KIDSHOUSE.cz\" \/>\n<meta property=\"article:published_time\" content=\"2023-08-16T22:01:00+00:00\" \/>\n<meta property=\"article:modified_time\" content=\"2023-08-16T12:18:27+00:00\" \/>\n<meta property=\"og:image\" content=\"https:\/\/kidshouse.cz\/wp-content\/uploads\/2023\/08\/Foto-1_Z09_6080_export.jpg\" \/>\n\t<meta property=\"og:image:width\" content=\"1400\" \/>\n\t<meta property=\"og:image:height\" content=\"934\" \/>\n\t<meta property=\"og:image:type\" content=\"image\/jpeg\" \/>\n<meta name=\"author\" content=\"Jordana Pechov\u00e1\" \/>\n<meta name=\"twitter:card\" content=\"summary_large_image\" \/>\n<meta name=\"twitter:label1\" content=\"Napsal(a)\" \/>\n\t<meta name=\"twitter:data1\" content=\"Jordana Pechov\u00e1\" \/>\n\t<meta name=\"twitter:label2\" content=\"Odhadovan\u00e1 doba \u010dten\u00ed\" \/>\n\t<meta name=\"twitter:data2\" content=\"2 minuty\" \/>\n<script type=\"application\/ld+json\" class=\"yoast-schema-graph\">{\"@context\":\"https:\/\/schema.org\",\"@graph\":[{\"@type\":\"Article\",\"@id\":\"https:\/\/kidshouse.cz\/index.php\/2023\/08\/17\/adopce-vlastnimi-rodici-mladata-nestoru-jsou-k-videni-v-zoo-praha\/#article\",\"isPartOf\":{\"@id\":\"https:\/\/kidshouse.cz\/index.php\/2023\/08\/17\/adopce-vlastnimi-rodici-mladata-nestoru-jsou-k-videni-v-zoo-praha\/\"},\"author\":{\"name\":\"Jordana Pechov\u00e1\",\"@id\":\"https:\/\/kidshouse.cz\/#\/schema\/person\/1467438b3f6af2e8c3992789b0967193\"},\"headline\":\"Adopce vlastn\u00edmi rodi\u010di: Ml\u00e1\u010fata nestor\u016f jsou k\u00a0vid\u011bn\u00ed v\u00a0Zoo Praha\",\"datePublished\":\"2023-08-16T22:01:00+00:00\",\"dateModified\":\"2023-08-16T12:18:27+00:00\",\"mainEntityOfPage\":{\"@id\":\"https:\/\/kidshouse.cz\/index.php\/2023\/08\/17\/adopce-vlastnimi-rodici-mladata-nestoru-jsou-k-videni-v-zoo-praha\/\"},\"wordCount\":505,\"publisher\":{\"@id\":\"https:\/\/kidshouse.cz\/#organization\"},\"articleSection\":[\"FOTOREPORTY\",\"NEWS\",\"PRO NEJMEN\u0160\u00cd\",\"TIPY\"],\"inLanguage\":\"cs\"},{\"@type\":\"WebPage\",\"@id\":\"https:\/\/kidshouse.cz\/index.php\/2023\/08\/17\/adopce-vlastnimi-rodici-mladata-nestoru-jsou-k-videni-v-zoo-praha\/\",\"url\":\"https:\/\/kidshouse.cz\/index.php\/2023\/08\/17\/adopce-vlastnimi-rodici-mladata-nestoru-jsou-k-videni-v-zoo-praha\/\",\"name\":\"Adopce vlastn\u00edmi rodi\u010di: Ml\u00e1\u010fata nestor\u016f jsou k\u00a0vid\u011bn\u00ed v\u00a0Zoo Praha - KIDSHOUSE.cz\",\"isPartOf\":{\"@id\":\"https:\/\/kidshouse.cz\/#website\"},\"datePublished\":\"2023-08-16T22:01:00+00:00\",\"dateModified\":\"2023-08-16T12:18:27+00:00\",\"breadcrumb\":{\"@id\":\"https:\/\/kidshouse.cz\/index.php\/2023\/08\/17\/adopce-vlastnimi-rodici-mladata-nestoru-jsou-k-videni-v-zoo-praha\/#breadcrumb\"},\"inLanguage\":\"cs\",\"potentialAction\":[{\"@type\":\"ReadAction\",\"target\":[\"https:\/\/kidshouse.cz\/index.php\/2023\/08\/17\/adopce-vlastnimi-rodici-mladata-nestoru-jsou-k-videni-v-zoo-praha\/\"]}]},{\"@type\":\"BreadcrumbList\",\"@id\":\"https:\/\/kidshouse.cz\/index.php\/2023\/08\/17\/adopce-vlastnimi-rodici-mladata-nestoru-jsou-k-videni-v-zoo-praha\/#breadcrumb\",\"itemListElement\":[{\"@type\":\"ListItem\",\"position\":1,\"name\":\"Dom\u016f\",\"item\":\"https:\/\/kidshouse.cz\/\"},{\"@type\":\"ListItem\",\"position\":2,\"name\":\"Adopce vlastn\u00edmi rodi\u010di: Ml\u00e1\u010fata nestor\u016f jsou k\u00a0vid\u011bn\u00ed v\u00a0Zoo Praha\"}]},{\"@type\":\"WebSite\",\"@id\":\"https:\/\/kidshouse.cz\/#website\",\"url\":\"https:\/\/kidshouse.cz\/\",\"name\":\"KIDSHOUSE.cz\",\"description\":\"Port\u00e1l pro d\u011bti a jejich rodi\u010de...\",\"publisher\":{\"@id\":\"https:\/\/kidshouse.cz\/#organization\"},\"potentialAction\":[{\"@type\":\"SearchAction\",\"target\":{\"@type\":\"EntryPoint\",\"urlTemplate\":\"https:\/\/kidshouse.cz\/?s={search_term_string}\"},\"query-input\":\"required name=search_term_string\"}],\"inLanguage\":\"cs\"},{\"@type\":\"Organization\",\"@id\":\"https:\/\/kidshouse.cz\/#organization\",\"name\":\"KIDSHOUSE.cz\",\"url\":\"https:\/\/kidshouse.cz\/\",\"logo\":{\"@type\":\"ImageObject\",\"inLanguage\":\"cs\",\"@id\":\"https:\/\/kidshouse.cz\/#\/schema\/logo\/image\/\",\"url\":\"https:\/\/kidshouse.cz\/wp-content\/uploads\/2020\/06\/Logo_KIDSHOUSE_2.jpg\",\"contentUrl\":\"https:\/\/kidshouse.cz\/wp-content\/uploads\/2020\/06\/Logo_KIDSHOUSE_2.jpg\",\"width\":996,\"height\":357,\"caption\":\"KIDSHOUSE.cz\"},\"image\":{\"@id\":\"https:\/\/kidshouse.cz\/#\/schema\/logo\/image\/\"}},{\"@type\":\"Person\",\"@id\":\"https:\/\/kidshouse.cz\/#\/schema\/person\/1467438b3f6af2e8c3992789b0967193\",\"name\":\"Jordana Pechov\u00e1\",\"image\":{\"@type\":\"ImageObject\",\"inLanguage\":\"cs\",\"@id\":\"https:\/\/kidshouse.cz\/#\/schema\/person\/image\/\",\"url\":\"https:\/\/secure.gravatar.com\/avatar\/349e898f7fe64c4a4839cc48a802dd9a?s=96&d=mm&r=g\",\"contentUrl\":\"https:\/\/secure.gravatar.com\/avatar\/349e898f7fe64c4a4839cc48a802dd9a?s=96&d=mm&r=g\",\"caption\":\"Jordana Pechov\u00e1\"},\"sameAs\":[\"http:\/\/KIDSHOUSE.cz\"],\"url\":\"https:\/\/kidshouse.cz\/index.php\/author\/jorpech\/\"}]}<\/script>\n<!-- \/ Yoast SEO plugin. -->","yoast_head_json":{"title":"Adopce vlastn\u00edmi rodi\u010di: Ml\u00e1\u010fata nestor\u016f jsou k\u00a0vid\u011bn\u00ed v\u00a0Zoo Praha - KIDSHOUSE.cz","robots":{"index":"index","follow":"follow","max-snippet":"max-snippet:-1","max-image-preview":"max-image-preview:large","max-video-preview":"max-video-preview:-1"},"canonical":"https:\/\/kidshouse.cz\/index.php\/2023\/08\/17\/adopce-vlastnimi-rodici-mladata-nestoru-jsou-k-videni-v-zoo-praha\/","og_locale":"cs_CZ","og_type":"article","og_title":"Adopce vlastn\u00edmi rodi\u010di: Ml\u00e1\u010fata nestor\u016f jsou k\u00a0vid\u011bn\u00ed v\u00a0Zoo Praha - KIDSHOUSE.cz","og_description":"Ml\u00e1\u010fata nestor\u016f kea obydlela expozici spolu se sv\u00fdmi rodi\u010di. Mal\u00ed\u00a0papou\u0161ci byli um\u011ble dokrmeni v\u00a0z\u00e1zem\u00ed a s\u00a0rodi\u010dovsk\u00fdm p\u00e1rem \u2013\u00a0samcem Rudym a samic\u00ed Judy \u2013 se proto sezn\u00e1mili a\u017e nyn\u00ed. V\u00a0prvn\u00ed voli\u00e9\u0159e R\u00e1kosova pavilonu pobl\u00ed\u017e hlavn\u00edho&#46;&#46;&#46;","og_url":"https:\/\/kidshouse.cz\/index.php\/2023\/08\/17\/adopce-vlastnimi-rodici-mladata-nestoru-jsou-k-videni-v-zoo-praha\/","og_site_name":"KIDSHOUSE.cz","article_published_time":"2023-08-16T22:01:00+00:00","article_modified_time":"2023-08-16T12:18:27+00:00","og_image":[{"width":1400,"height":934,"url":"https:\/\/kidshouse.cz\/wp-content\/uploads\/2023\/08\/Foto-1_Z09_6080_export.jpg","type":"image\/jpeg"}],"author":"Jordana Pechov\u00e1","twitter_card":"summary_large_image","twitter_misc":{"Napsal(a)":"Jordana Pechov\u00e1","Odhadovan\u00e1 doba \u010dten\u00ed":"2 minuty"},"schema":{"@context":"https:\/\/schema.org","@graph":[{"@type":"Article","@id":"https:\/\/kidshouse.cz\/index.php\/2023\/08\/17\/adopce-vlastnimi-rodici-mladata-nestoru-jsou-k-videni-v-zoo-praha\/#article","isPartOf":{"@id":"https:\/\/kidshouse.cz\/index.php\/2023\/08\/17\/adopce-vlastnimi-rodici-mladata-nestoru-jsou-k-videni-v-zoo-praha\/"},"author":{"name":"Jordana Pechov\u00e1","@id":"https:\/\/kidshouse.cz\/#\/schema\/person\/1467438b3f6af2e8c3992789b0967193"},"headline":"Adopce vlastn\u00edmi rodi\u010di: Ml\u00e1\u010fata nestor\u016f jsou k\u00a0vid\u011bn\u00ed v\u00a0Zoo Praha","datePublished":"2023-08-16T22:01:00+00:00","dateModified":"2023-08-16T12:18:27+00:00","mainEntityOfPage":{"@id":"https:\/\/kidshouse.cz\/index.php\/2023\/08\/17\/adopce-vlastnimi-rodici-mladata-nestoru-jsou-k-videni-v-zoo-praha\/"},"wordCount":505,"publisher":{"@id":"https:\/\/kidshouse.cz\/#organization"},"articleSection":["FOTOREPORTY","NEWS","PRO NEJMEN\u0160\u00cd","TIPY"],"inLanguage":"cs"},{"@type":"WebPage","@id":"https:\/\/kidshouse.cz\/index.php\/2023\/08\/17\/adopce-vlastnimi-rodici-mladata-nestoru-jsou-k-videni-v-zoo-praha\/","url":"https:\/\/kidshouse.cz\/index.php\/2023\/08\/17\/adopce-vlastnimi-rodici-mladata-nestoru-jsou-k-videni-v-zoo-praha\/","name":"Adopce vlastn\u00edmi rodi\u010di: Ml\u00e1\u010fata nestor\u016f jsou k\u00a0vid\u011bn\u00ed v\u00a0Zoo Praha - KIDSHOUSE.cz","isPartOf":{"@id":"https:\/\/kidshouse.cz\/#website"},"datePublished":"2023-08-16T22:01:00+00:00","dateModified":"2023-08-16T12:18:27+00:00","breadcrumb":{"@id":"https:\/\/kidshouse.cz\/index.php\/2023\/08\/17\/adopce-vlastnimi-rodici-mladata-nestoru-jsou-k-videni-v-zoo-praha\/#breadcrumb"},"inLanguage":"cs","potentialAction":[{"@type":"ReadAction","target":["https:\/\/kidshouse.cz\/index.php\/2023\/08\/17\/adopce-vlastnimi-rodici-mladata-nestoru-jsou-k-videni-v-zoo-praha\/"]}]},{"@type":"BreadcrumbList","@id":"https:\/\/kidshouse.cz\/index.php\/2023\/08\/17\/adopce-vlastnimi-rodici-mladata-nestoru-jsou-k-videni-v-zoo-praha\/#breadcrumb","itemListElement":[{"@type":"ListItem","position":1,"name":"Dom\u016f","item":"https:\/\/kidshouse.cz\/"},{"@type":"ListItem","position":2,"name":"Adopce vlastn\u00edmi rodi\u010di: Ml\u00e1\u010fata nestor\u016f jsou k\u00a0vid\u011bn\u00ed v\u00a0Zoo Praha"}]},{"@type":"WebSite","@id":"https:\/\/kidshouse.cz\/#website","url":"https:\/\/kidshouse.cz\/","name":"KIDSHOUSE.cz","description":"Port\u00e1l pro d\u011bti a jejich rodi\u010de...","publisher":{"@id":"https:\/\/kidshouse.cz\/#organization"},"potentialAction":[{"@type":"SearchAction","target":{"@type":"EntryPoint","urlTemplate":"https:\/\/kidshouse.cz\/?s={search_term_string}"},"query-input":"required name=search_term_string"}],"inLanguage":"cs"},{"@type":"Organization","@id":"https:\/\/kidshouse.cz\/#organization","name":"KIDSHOUSE.cz","url":"https:\/\/kidshouse.cz\/","logo":{"@type":"ImageObject","inLanguage":"cs","@id":"https:\/\/kidshouse.cz\/#\/schema\/logo\/image\/","url":"https:\/\/kidshouse.cz\/wp-content\/uploads\/2020\/06\/Logo_KIDSHOUSE_2.jpg","contentUrl":"https:\/\/kidshouse.cz\/wp-content\/uploads\/2020\/06\/Logo_KIDSHOUSE_2.jpg","width":996,"height":357,"caption":"KIDSHOUSE.cz"},"image":{"@id":"https:\/\/kidshouse.cz\/#\/schema\/logo\/image\/"}},{"@type":"Person","@id":"https:\/\/kidshouse.cz\/#\/schema\/person\/1467438b3f6af2e8c3992789b0967193","name":"Jordana Pechov\u00e1","image":{"@type":"ImageObject","inLanguage":"cs","@id":"https:\/\/kidshouse.cz\/#\/schema\/person\/image\/","url":"https:\/\/secure.gravatar.com\/avatar\/349e898f7fe64c4a4839cc48a802dd9a?s=96&d=mm&r=g","contentUrl":"https:\/\/secure.gravatar.com\/avatar\/349e898f7fe64c4a4839cc48a802dd9a?s=96&d=mm&r=g","caption":"Jordana Pechov\u00e1"},"sameAs":["http:\/\/KIDSHOUSE.cz"],"url":"https:\/\/kidshouse.cz\/index.php\/author\/jorpech\/"}]}},"_links":{"self":[{"href":"https:\/\/kidshouse.cz\/index.php\/wp-json\/wp\/v2\/posts\/4117"}],"collection":[{"href":"https:\/\/kidshouse.cz\/index.php\/wp-json\/wp\/v2\/posts"}],"about":[{"href":"https:\/\/kidshouse.cz\/index.php\/wp-json\/wp\/v2\/types\/post"}],"author":[{"embeddable":true,"href":"https:\/\/kidshouse.cz\/index.php\/wp-json\/wp\/v2\/users\/8"}],"replies":[{"embeddable":true,"href":"https:\/\/kidshouse.cz\/index.php\/wp-json\/wp\/v2\/comments?post=4117"}],"version-history":[{"count":1,"href":"https:\/\/kidshouse.cz\/index.php\/wp-json\/wp\/v2\/posts\/4117\/revisions"}],"predecessor-version":[{"id":4122,"href":"https:\/\/kidshouse.cz\/index.php\/wp-json\/wp\/v2\/posts\/4117\/revisions\/4122"}],"wp:featuredmedia":[{"embeddable":true,"href":"https:\/\/kidshouse.cz\/index.php\/wp-json\/wp\/v2\/media\/4118"}],"wp:attachment":[{"href":"https:\/\/kidshouse.cz\/index.php\/wp-json\/wp\/v2\/media?parent=4117"}],"wp:term":[{"taxonomy":"category","embeddable":true,"href":"https:\/\/kidshouse.cz\/index.php\/wp-json\/wp\/v2\/categories?post=4117"},{"taxonomy":"post_tag","embeddable":true,"href":"https:\/\/kidshouse.cz\/index.php\/wp-json\/wp\/v2\/tags?post=4117"}],"curies":[{"name":"wp","href":"https:\/\/api.w.org\/{rel}","templated":true}]}}