{"id":4241,"date":"2023-09-06T12:11:07","date_gmt":"2023-09-06T10:11:07","guid":{"rendered":"https:\/\/kidshouse.cz\/?p=4241"},"modified":"2023-09-06T12:13:56","modified_gmt":"2023-09-06T10:13:56","slug":"36-tyden-tehotenstvi-aneb-zacatek-velkeho-finale","status":"publish","type":"post","link":"https:\/\/kidshouse.cz\/index.php\/2023\/09\/06\/36-tyden-tehotenstvi-aneb-zacatek-velkeho-finale\/","title":{"rendered":"36. t\u00fdden t\u011bhotenstv\u00ed Aneb za\u010d\u00e1tek velk\u00e9ho fin\u00e1le"},"content":{"rendered":"\n<div style=\"height:54px\" aria-hidden=\"true\" class=\"wp-block-spacer\"><\/div>\n\n\n\n<p><strong>Prvn\u00ed dva trimestry m\u00e1te za sebou \u2013 a pr\u00e1v\u011b ve 36. t\u00fddnu t\u011bhotenstv\u00ed vstupujete pomyslnou branou do posledn\u00ed f\u00e1ze. Term\u00edn porodu se ne\u00faprosn\u011b bl\u00ed\u017e\u00ed a na v\u00e1s je, abyste se na velk\u00fd den n\u00e1le\u017eit\u011b p\u0159ipravila. Stejn\u00fd \u00fakol m\u00e1 i va\u0161e miminko, kter\u00e9 se bude postupn\u011b p\u0159esouvat n\u00ed\u017e do oblasti p\u00e1nevn\u00edho dna. D\u00edky tomu poc\u00edt\u00edte zna\u010dnou \u00falevu a bude se v\u00e1m l\u00e9pe d\u00fdchat.<\/strong><\/p>\n\n\n\n<div style=\"height:38px\" aria-hidden=\"true\" class=\"wp-block-spacer\"><\/div>\n\n\n\n<div class=\"wp-block-image\"><figure class=\"aligncenter size-large\"><img loading=\"lazy\" decoding=\"async\" width=\"1024\" height=\"683\" src=\"https:\/\/kidshouse.cz\/wp-content\/uploads\/2023\/09\/kidshouse.cz_modrykonik_uvodni-1024x683.jpg\" alt=\"36. t\u00fdden t\u011bhotenstv\u00ed Aneb za\u010d\u00e1tek velk\u00e9ho fin\u00e1le\" class=\"wp-image-4243\" srcset=\"https:\/\/kidshouse.cz\/wp-content\/uploads\/2023\/09\/kidshouse.cz_modrykonik_uvodni-1024x683.jpg 1024w, https:\/\/kidshouse.cz\/wp-content\/uploads\/2023\/09\/kidshouse.cz_modrykonik_uvodni-300x200.jpg 300w, https:\/\/kidshouse.cz\/wp-content\/uploads\/2023\/09\/kidshouse.cz_modrykonik_uvodni-768x512.jpg 768w, https:\/\/kidshouse.cz\/wp-content\/uploads\/2023\/09\/kidshouse.cz_modrykonik_uvodni.jpg 1200w\" sizes=\"(max-width: 1024px) 100vw, 1024px\" \/><\/figure><\/div>\n\n\n\n<div style=\"height:38px\" aria-hidden=\"true\" class=\"wp-block-spacer\"><\/div>\n\n\n\n<h2 class=\"wp-block-heading\">Pohoda se pozvolna vytr\u00e1c\u00ed<\/h2>\n\n\n\n<div style=\"height:20px\" aria-hidden=\"true\" class=\"wp-block-spacer\"><\/div>\n\n\n\n<p>S t\u00edm, jak miminko sestupuje n\u00ed\u017e do p\u00e1nve, se plic\u00edm dost\u00e1v\u00e1 v\u00edce m\u00edsta. To je ov\u0161em prov\u00e1zeno p\u0159\u00edznaky v podob\u011b&nbsp;<strong>m\u00edrn\u011bj\u0161\u00ed a\u017e st\u0159edn\u00ed bolesti v oblasti p\u00e1nevn\u00edho dna, tvrdnut\u00ed b\u0159icha a posl\u00ed\u010dk\u016f<\/strong>. Takov\u00fd diskomfort je od 36. t\u00fddne t\u011bhotenstv\u00ed b\u011b\u017en\u00fd, ale i tak bu\u010fte ostra\u017eit\u00e1, abyste kv\u016fli nim neignorovala skute\u010dn\u00fd porod.<\/p>\n\n\n\n<p>Smi\u0159te se tak\u00e9 s t\u00edm, \u017ee b\u011bhem posledn\u00edho trimestru za\u017eijete ur\u010dit\u00e9&nbsp;<strong>nepohodl\u00ed p\u0159i sp\u00e1nku<\/strong>. Zv\u011bt\u0161uj\u00edc\u00ed se b\u0159\u00ed\u0161ko v\u00e1m znemo\u017en\u00ed zaujmout pohodlnou polohu, budete se \u010dast\u011bji budit, a nav\u00edc v\u00e1s na sebe ka\u017edou chv\u00edli upozorn\u00ed miminko. A proto \u2013 kdy\u017e nebudete moct usnout \u2013&nbsp;<strong>vyu\u017eijte tento \u010das k relaxaci<\/strong>. Koupel, \u010dten\u00ed knihy nebo poslech hudby jsou v\u017edy lep\u0161\u00ed ne\u017e nekone\u010dn\u00e9 p\u0159evalov\u00e1n\u00ed v posteli.<\/p>\n\n\n\n<p>Spousta maminek si po\u010d\u00ednaje t\u0159et\u00edm trimestrem st\u011b\u017euje na nep\u0159\u00edjemn\u00e9&nbsp;<strong>p\u00e1len\u00ed \u017e\u00e1hy<\/strong>. Zm\u011bna j\u00eddeln\u00ed\u010dku v\u011bt\u0161inou nepom\u00e1h\u00e1, v b\u0159\u00ed\u0161ku je zkr\u00e1tka t\u011bsno a v\u0161e se vr\u00e1t\u00ed do norm\u00e1lu a\u017e po porodu. Pokud se rozhodnete pro u\u017e\u00edv\u00e1n\u00ed antacit, rozhodn\u011b se o tom pora\u010fte se sv\u00fdm l\u00e9ka\u0159em.<\/p>\n\n\n\n<p>B\u011b\u017en\u00e9 jsou i&nbsp;<strong>otoky nohou a rukou<\/strong>. Pro jistotu o nich \u0159ekn\u011bte sv\u00e9mu l\u00e9ka\u0159i, aby vylou\u010dil za\u010d\u00ednaj\u00edc\u00ed preeklampsii.<\/p>\n\n\n\n<div style=\"height:35px\" aria-hidden=\"true\" class=\"wp-block-spacer\"><\/div>\n\n\n\n<div class=\"wp-block-image\"><figure class=\"aligncenter size-large\"><img loading=\"lazy\" decoding=\"async\" width=\"1024\" height=\"683\" src=\"https:\/\/kidshouse.cz\/wp-content\/uploads\/2023\/09\/kidshouse.cz_modrykonik_01-1024x683.jpg\" alt=\"36. t\u00fdden t\u011bhotenstv\u00ed Aneb za\u010d\u00e1tek velk\u00e9ho fin\u00e1le\" class=\"wp-image-4242\" srcset=\"https:\/\/kidshouse.cz\/wp-content\/uploads\/2023\/09\/kidshouse.cz_modrykonik_01-1024x683.jpg 1024w, https:\/\/kidshouse.cz\/wp-content\/uploads\/2023\/09\/kidshouse.cz_modrykonik_01-300x200.jpg 300w, https:\/\/kidshouse.cz\/wp-content\/uploads\/2023\/09\/kidshouse.cz_modrykonik_01-768x512.jpg 768w, https:\/\/kidshouse.cz\/wp-content\/uploads\/2023\/09\/kidshouse.cz_modrykonik_01.jpg 1200w\" sizes=\"(max-width: 1024px) 100vw, 1024px\" \/><\/figure><\/div>\n\n\n\n<div style=\"height:35px\" aria-hidden=\"true\" class=\"wp-block-spacer\"><\/div>\n\n\n\n<h2 class=\"wp-block-heading\">Co d\u011bl\u00e1 va\u0161e miminko?<\/h2>\n\n\n\n<div style=\"height:20px\" aria-hidden=\"true\" class=\"wp-block-spacer\"><\/div>\n\n\n\n<p>Miminko je v obdob\u00ed za\u010d\u00e1tku t\u0159et\u00edho trimestru t\u011bhotenstv\u00ed velmi \u010dil\u00e9. Otev\u00edr\u00e1 a zav\u00edr\u00e1 pusinku, \u0161pul\u00ed rt\u00edky a cvi\u010d\u00ed sv\u00e9 mimick\u00e9 svaly. A tak\u00e9 intenzivn\u011b nab\u00edr\u00e1 podko\u017en\u00ed tuk, co\u017e se citeln\u011b projevuje na jeho hmotnosti. Pr\u016fm\u011brn\u00e1 v\u00e1ha se ke konci 36. t\u00fddne pohybuje kolem&nbsp;<strong>2,6 kg<\/strong>&nbsp;a d\u00e9lka cca&nbsp;<strong>47,5 cm<\/strong>. Pokud se nov\u00fd \u010dlen va\u0161\u00ed rodiny rozhodne na sv\u011bt pr\u00e1v\u011b v tento \u010das, budou na n\u011bj l\u00e9ka\u0159i pohl\u00ed\u017eet jako na&nbsp;<strong>lehce nedono\u0161en\u00e9<\/strong>.<\/p>\n\n\n\n<p>Chcete se o 36. t\u00fddnu t\u011bhotenstv\u00ed&nbsp;<a href=\"https:\/\/www.modrykonik.cz\/jsem-tehotna\/36-tyden-tehotenstvi\/\"><strong>dozv\u011bd\u011bt v\u00edce<\/strong><\/a>? Informace o v\u0161ech jednotliv\u00fdch f\u00e1z\u00edch porodu najdete na port\u00e1lu&nbsp;<strong>Modr\u00fd kon\u00edk<\/strong>.<\/p>\n\n\n\n<div style=\"height:100px\" aria-hidden=\"true\" class=\"wp-block-spacer\"><\/div>\n\n\n\n<figure class=\"wp-block-gallery columns-2 is-cropped wp-block-gallery-1 is-layout-flex wp-block-gallery-is-layout-flex\"><ul class=\"blocks-gallery-grid\"><li class=\"blocks-gallery-item\"><figure><img loading=\"lazy\" decoding=\"async\" width=\"1024\" height=\"683\" src=\"https:\/\/kidshouse.cz\/wp-content\/uploads\/2023\/09\/kidshouse.cz_modrykonik_01-1024x683.jpg\" alt=\"36. t\u00fdden t\u011bhotenstv\u00ed Aneb za\u010d\u00e1tek velk\u00e9ho fin\u00e1le\" data-id=\"4242\" data-full-url=\"https:\/\/kidshouse.cz\/wp-content\/uploads\/2023\/09\/kidshouse.cz_modrykonik_01.jpg\" data-link=\"https:\/\/kidshouse.cz\/?attachment_id=4242\" class=\"wp-image-4242\" srcset=\"https:\/\/kidshouse.cz\/wp-content\/uploads\/2023\/09\/kidshouse.cz_modrykonik_01-1024x683.jpg 1024w, https:\/\/kidshouse.cz\/wp-content\/uploads\/2023\/09\/kidshouse.cz_modrykonik_01-300x200.jpg 300w, https:\/\/kidshouse.cz\/wp-content\/uploads\/2023\/09\/kidshouse.cz_modrykonik_01-768x512.jpg 768w, https:\/\/kidshouse.cz\/wp-content\/uploads\/2023\/09\/kidshouse.cz_modrykonik_01.jpg 1200w\" sizes=\"(max-width: 1024px) 100vw, 1024px\" \/><\/figure><\/li><li class=\"blocks-gallery-item\"><figure><img loading=\"lazy\" decoding=\"async\" width=\"1024\" height=\"683\" src=\"https:\/\/kidshouse.cz\/wp-content\/uploads\/2023\/09\/kidshouse.cz_modrykonik_uvodni-1024x683.jpg\" alt=\"36. t\u00fdden t\u011bhotenstv\u00ed Aneb za\u010d\u00e1tek velk\u00e9ho fin\u00e1le\" data-id=\"4243\" data-full-url=\"https:\/\/kidshouse.cz\/wp-content\/uploads\/2023\/09\/kidshouse.cz_modrykonik_uvodni.jpg\" data-link=\"https:\/\/kidshouse.cz\/?attachment_id=4243\" class=\"wp-image-4243\" srcset=\"https:\/\/kidshouse.cz\/wp-content\/uploads\/2023\/09\/kidshouse.cz_modrykonik_uvodni-1024x683.jpg 1024w, https:\/\/kidshouse.cz\/wp-content\/uploads\/2023\/09\/kidshouse.cz_modrykonik_uvodni-300x200.jpg 300w, https:\/\/kidshouse.cz\/wp-content\/uploads\/2023\/09\/kidshouse.cz_modrykonik_uvodni-768x512.jpg 768w, https:\/\/kidshouse.cz\/wp-content\/uploads\/2023\/09\/kidshouse.cz_modrykonik_uvodni.jpg 1200w\" sizes=\"(max-width: 1024px) 100vw, 1024px\" \/><\/figure><\/li><\/ul><\/figure>\n\n\n\n<p><strong>Zdroj foto: <\/strong>Modrykonik.cz<\/p>\n\n\n\n<div style=\"height:100px\" aria-hidden=\"true\" class=\"wp-block-spacer\"><\/div>\n","protected":false},"excerpt":{"rendered":"<p>Prvn\u00ed dva trimestry m\u00e1te za sebou \u2013 a pr\u00e1v\u011b ve 36. t\u00fddnu t\u011bhotenstv\u00ed vstupujete pomyslnou branou do posledn\u00ed f\u00e1ze. Term\u00edn porodu se ne\u00faprosn\u011b bl\u00ed\u017e\u00ed a na v\u00e1s je, abyste se na velk\u00fd den n\u00e1le\u017eit\u011b&#46;&#46;&#46;<\/p>\n","protected":false},"author":3,"featured_media":4243,"comment_status":"closed","ping_status":"closed","sticky":false,"template":"","format":"standard","meta":{"_monsterinsights_skip_tracking":false,"_monsterinsights_sitenote_active":false,"_monsterinsights_sitenote_note":"","_monsterinsights_sitenote_category":0,"footnotes":""},"categories":[4,2,13,9],"tags":[],"yoast_head":"<!-- This site is optimized with the Yoast SEO plugin v21.5 - https:\/\/yoast.com\/wordpress\/plugins\/seo\/ -->\n<title>36. t\u00fdden t\u011bhotenstv\u00ed Aneb za\u010d\u00e1tek velk\u00e9ho fin\u00e1le - KIDSHOUSE.cz<\/title>\n<meta name=\"robots\" content=\"index, follow, max-snippet:-1, max-image-preview:large, max-video-preview:-1\" \/>\n<link rel=\"canonical\" href=\"https:\/\/kidshouse.cz\/index.php\/2023\/09\/06\/36-tyden-tehotenstvi-aneb-zacatek-velkeho-finale\/\" \/>\n<meta property=\"og:locale\" content=\"cs_CZ\" \/>\n<meta property=\"og:type\" content=\"article\" \/>\n<meta property=\"og:title\" content=\"36. t\u00fdden t\u011bhotenstv\u00ed Aneb za\u010d\u00e1tek velk\u00e9ho fin\u00e1le - KIDSHOUSE.cz\" \/>\n<meta property=\"og:description\" content=\"Prvn\u00ed dva trimestry m\u00e1te za sebou \u2013 a pr\u00e1v\u011b ve 36. t\u00fddnu t\u011bhotenstv\u00ed vstupujete pomyslnou branou do posledn\u00ed f\u00e1ze. Term\u00edn porodu se ne\u00faprosn\u011b bl\u00ed\u017e\u00ed a na v\u00e1s je, abyste se na velk\u00fd den n\u00e1le\u017eit\u011b&#046;&#046;&#046;\" \/>\n<meta property=\"og:url\" content=\"https:\/\/kidshouse.cz\/index.php\/2023\/09\/06\/36-tyden-tehotenstvi-aneb-zacatek-velkeho-finale\/\" \/>\n<meta property=\"og:site_name\" content=\"KIDSHOUSE.cz\" \/>\n<meta property=\"article:published_time\" content=\"2023-09-06T10:11:07+00:00\" \/>\n<meta property=\"article:modified_time\" content=\"2023-09-06T10:13:56+00:00\" \/>\n<meta property=\"og:image\" content=\"https:\/\/kidshouse.cz\/wp-content\/uploads\/2023\/09\/kidshouse.cz_modrykonik_uvodni.jpg\" \/>\n\t<meta property=\"og:image:width\" content=\"1200\" \/>\n\t<meta property=\"og:image:height\" content=\"800\" \/>\n\t<meta property=\"og:image:type\" content=\"image\/jpeg\" \/>\n<meta name=\"author\" content=\"Jolana Hol\u00e1\u0148ov\u00e1\" \/>\n<meta name=\"twitter:card\" content=\"summary_large_image\" \/>\n<meta name=\"twitter:label1\" content=\"Napsal(a)\" \/>\n\t<meta name=\"twitter:data1\" content=\"Jolana Hol\u00e1\u0148ov\u00e1\" \/>\n\t<meta name=\"twitter:label2\" content=\"Odhadovan\u00e1 doba \u010dten\u00ed\" \/>\n\t<meta name=\"twitter:data2\" content=\"2 minuty\" \/>\n<script type=\"application\/ld+json\" class=\"yoast-schema-graph\">{\"@context\":\"https:\/\/schema.org\",\"@graph\":[{\"@type\":\"Article\",\"@id\":\"https:\/\/kidshouse.cz\/index.php\/2023\/09\/06\/36-tyden-tehotenstvi-aneb-zacatek-velkeho-finale\/#article\",\"isPartOf\":{\"@id\":\"https:\/\/kidshouse.cz\/index.php\/2023\/09\/06\/36-tyden-tehotenstvi-aneb-zacatek-velkeho-finale\/\"},\"author\":{\"name\":\"Jolana Hol\u00e1\u0148ov\u00e1\",\"@id\":\"https:\/\/kidshouse.cz\/#\/schema\/person\/a5afba4610b78f4b36768d101e412526\"},\"headline\":\"36. t\u00fdden t\u011bhotenstv\u00ed Aneb za\u010d\u00e1tek velk\u00e9ho fin\u00e1le\",\"datePublished\":\"2023-09-06T10:11:07+00:00\",\"dateModified\":\"2023-09-06T10:13:56+00:00\",\"mainEntityOfPage\":{\"@id\":\"https:\/\/kidshouse.cz\/index.php\/2023\/09\/06\/36-tyden-tehotenstvi-aneb-zacatek-velkeho-finale\/\"},\"wordCount\":488,\"publisher\":{\"@id\":\"https:\/\/kidshouse.cz\/#organization\"},\"articleSection\":[\"FOTOREPORTY\",\"NEWS\",\"PRO NEJMEN\u0160\u00cd\",\"TIPY\"],\"inLanguage\":\"cs\"},{\"@type\":\"WebPage\",\"@id\":\"https:\/\/kidshouse.cz\/index.php\/2023\/09\/06\/36-tyden-tehotenstvi-aneb-zacatek-velkeho-finale\/\",\"url\":\"https:\/\/kidshouse.cz\/index.php\/2023\/09\/06\/36-tyden-tehotenstvi-aneb-zacatek-velkeho-finale\/\",\"name\":\"36. t\u00fdden t\u011bhotenstv\u00ed Aneb za\u010d\u00e1tek velk\u00e9ho fin\u00e1le - KIDSHOUSE.cz\",\"isPartOf\":{\"@id\":\"https:\/\/kidshouse.cz\/#website\"},\"datePublished\":\"2023-09-06T10:11:07+00:00\",\"dateModified\":\"2023-09-06T10:13:56+00:00\",\"breadcrumb\":{\"@id\":\"https:\/\/kidshouse.cz\/index.php\/2023\/09\/06\/36-tyden-tehotenstvi-aneb-zacatek-velkeho-finale\/#breadcrumb\"},\"inLanguage\":\"cs\",\"potentialAction\":[{\"@type\":\"ReadAction\",\"target\":[\"https:\/\/kidshouse.cz\/index.php\/2023\/09\/06\/36-tyden-tehotenstvi-aneb-zacatek-velkeho-finale\/\"]}]},{\"@type\":\"BreadcrumbList\",\"@id\":\"https:\/\/kidshouse.cz\/index.php\/2023\/09\/06\/36-tyden-tehotenstvi-aneb-zacatek-velkeho-finale\/#breadcrumb\",\"itemListElement\":[{\"@type\":\"ListItem\",\"position\":1,\"name\":\"Dom\u016f\",\"item\":\"https:\/\/kidshouse.cz\/\"},{\"@type\":\"ListItem\",\"position\":2,\"name\":\"36. t\u00fdden t\u011bhotenstv\u00ed Aneb za\u010d\u00e1tek velk\u00e9ho fin\u00e1le\"}]},{\"@type\":\"WebSite\",\"@id\":\"https:\/\/kidshouse.cz\/#website\",\"url\":\"https:\/\/kidshouse.cz\/\",\"name\":\"KIDSHOUSE.cz\",\"description\":\"Port\u00e1l pro d\u011bti a jejich rodi\u010de...\",\"publisher\":{\"@id\":\"https:\/\/kidshouse.cz\/#organization\"},\"potentialAction\":[{\"@type\":\"SearchAction\",\"target\":{\"@type\":\"EntryPoint\",\"urlTemplate\":\"https:\/\/kidshouse.cz\/?s={search_term_string}\"},\"query-input\":\"required name=search_term_string\"}],\"inLanguage\":\"cs\"},{\"@type\":\"Organization\",\"@id\":\"https:\/\/kidshouse.cz\/#organization\",\"name\":\"KIDSHOUSE.cz\",\"url\":\"https:\/\/kidshouse.cz\/\",\"logo\":{\"@type\":\"ImageObject\",\"inLanguage\":\"cs\",\"@id\":\"https:\/\/kidshouse.cz\/#\/schema\/logo\/image\/\",\"url\":\"https:\/\/kidshouse.cz\/wp-content\/uploads\/2020\/06\/Logo_KIDSHOUSE_2.jpg\",\"contentUrl\":\"https:\/\/kidshouse.cz\/wp-content\/uploads\/2020\/06\/Logo_KIDSHOUSE_2.jpg\",\"width\":996,\"height\":357,\"caption\":\"KIDSHOUSE.cz\"},\"image\":{\"@id\":\"https:\/\/kidshouse.cz\/#\/schema\/logo\/image\/\"}},{\"@type\":\"Person\",\"@id\":\"https:\/\/kidshouse.cz\/#\/schema\/person\/a5afba4610b78f4b36768d101e412526\",\"name\":\"Jolana Hol\u00e1\u0148ov\u00e1\",\"image\":{\"@type\":\"ImageObject\",\"inLanguage\":\"cs\",\"@id\":\"https:\/\/kidshouse.cz\/#\/schema\/person\/image\/\",\"url\":\"https:\/\/secure.gravatar.com\/avatar\/5863c504ed89cd419ff3a5e812c722ff?s=96&d=mm&r=g\",\"contentUrl\":\"https:\/\/secure.gravatar.com\/avatar\/5863c504ed89cd419ff3a5e812c722ff?s=96&d=mm&r=g\",\"caption\":\"Jolana Hol\u00e1\u0148ov\u00e1\"},\"sameAs\":[\"http:\/\/www.kidshouse.cz\"],\"url\":\"https:\/\/kidshouse.cz\/index.php\/author\/jolhol\/\"}]}<\/script>\n<!-- \/ Yoast SEO plugin. -->","yoast_head_json":{"title":"36. t\u00fdden t\u011bhotenstv\u00ed Aneb za\u010d\u00e1tek velk\u00e9ho fin\u00e1le - KIDSHOUSE.cz","robots":{"index":"index","follow":"follow","max-snippet":"max-snippet:-1","max-image-preview":"max-image-preview:large","max-video-preview":"max-video-preview:-1"},"canonical":"https:\/\/kidshouse.cz\/index.php\/2023\/09\/06\/36-tyden-tehotenstvi-aneb-zacatek-velkeho-finale\/","og_locale":"cs_CZ","og_type":"article","og_title":"36. t\u00fdden t\u011bhotenstv\u00ed Aneb za\u010d\u00e1tek velk\u00e9ho fin\u00e1le - KIDSHOUSE.cz","og_description":"Prvn\u00ed dva trimestry m\u00e1te za sebou \u2013 a pr\u00e1v\u011b ve 36. t\u00fddnu t\u011bhotenstv\u00ed vstupujete pomyslnou branou do posledn\u00ed f\u00e1ze. Term\u00edn porodu se ne\u00faprosn\u011b bl\u00ed\u017e\u00ed a na v\u00e1s je, abyste se na velk\u00fd den n\u00e1le\u017eit\u011b&#46;&#46;&#46;","og_url":"https:\/\/kidshouse.cz\/index.php\/2023\/09\/06\/36-tyden-tehotenstvi-aneb-zacatek-velkeho-finale\/","og_site_name":"KIDSHOUSE.cz","article_published_time":"2023-09-06T10:11:07+00:00","article_modified_time":"2023-09-06T10:13:56+00:00","og_image":[{"width":1200,"height":800,"url":"https:\/\/kidshouse.cz\/wp-content\/uploads\/2023\/09\/kidshouse.cz_modrykonik_uvodni.jpg","type":"image\/jpeg"}],"author":"Jolana Hol\u00e1\u0148ov\u00e1","twitter_card":"summary_large_image","twitter_misc":{"Napsal(a)":"Jolana Hol\u00e1\u0148ov\u00e1","Odhadovan\u00e1 doba \u010dten\u00ed":"2 minuty"},"schema":{"@context":"https:\/\/schema.org","@graph":[{"@type":"Article","@id":"https:\/\/kidshouse.cz\/index.php\/2023\/09\/06\/36-tyden-tehotenstvi-aneb-zacatek-velkeho-finale\/#article","isPartOf":{"@id":"https:\/\/kidshouse.cz\/index.php\/2023\/09\/06\/36-tyden-tehotenstvi-aneb-zacatek-velkeho-finale\/"},"author":{"name":"Jolana Hol\u00e1\u0148ov\u00e1","@id":"https:\/\/kidshouse.cz\/#\/schema\/person\/a5afba4610b78f4b36768d101e412526"},"headline":"36. t\u00fdden t\u011bhotenstv\u00ed Aneb za\u010d\u00e1tek velk\u00e9ho fin\u00e1le","datePublished":"2023-09-06T10:11:07+00:00","dateModified":"2023-09-06T10:13:56+00:00","mainEntityOfPage":{"@id":"https:\/\/kidshouse.cz\/index.php\/2023\/09\/06\/36-tyden-tehotenstvi-aneb-zacatek-velkeho-finale\/"},"wordCount":488,"publisher":{"@id":"https:\/\/kidshouse.cz\/#organization"},"articleSection":["FOTOREPORTY","NEWS","PRO NEJMEN\u0160\u00cd","TIPY"],"inLanguage":"cs"},{"@type":"WebPage","@id":"https:\/\/kidshouse.cz\/index.php\/2023\/09\/06\/36-tyden-tehotenstvi-aneb-zacatek-velkeho-finale\/","url":"https:\/\/kidshouse.cz\/index.php\/2023\/09\/06\/36-tyden-tehotenstvi-aneb-zacatek-velkeho-finale\/","name":"36. t\u00fdden t\u011bhotenstv\u00ed Aneb za\u010d\u00e1tek velk\u00e9ho fin\u00e1le - KIDSHOUSE.cz","isPartOf":{"@id":"https:\/\/kidshouse.cz\/#website"},"datePublished":"2023-09-06T10:11:07+00:00","dateModified":"2023-09-06T10:13:56+00:00","breadcrumb":{"@id":"https:\/\/kidshouse.cz\/index.php\/2023\/09\/06\/36-tyden-tehotenstvi-aneb-zacatek-velkeho-finale\/#breadcrumb"},"inLanguage":"cs","potentialAction":[{"@type":"ReadAction","target":["https:\/\/kidshouse.cz\/index.php\/2023\/09\/06\/36-tyden-tehotenstvi-aneb-zacatek-velkeho-finale\/"]}]},{"@type":"BreadcrumbList","@id":"https:\/\/kidshouse.cz\/index.php\/2023\/09\/06\/36-tyden-tehotenstvi-aneb-zacatek-velkeho-finale\/#breadcrumb","itemListElement":[{"@type":"ListItem","position":1,"name":"Dom\u016f","item":"https:\/\/kidshouse.cz\/"},{"@type":"ListItem","position":2,"name":"36. t\u00fdden t\u011bhotenstv\u00ed Aneb za\u010d\u00e1tek velk\u00e9ho fin\u00e1le"}]},{"@type":"WebSite","@id":"https:\/\/kidshouse.cz\/#website","url":"https:\/\/kidshouse.cz\/","name":"KIDSHOUSE.cz","description":"Port\u00e1l pro d\u011bti a jejich rodi\u010de...","publisher":{"@id":"https:\/\/kidshouse.cz\/#organization"},"potentialAction":[{"@type":"SearchAction","target":{"@type":"EntryPoint","urlTemplate":"https:\/\/kidshouse.cz\/?s={search_term_string}"},"query-input":"required name=search_term_string"}],"inLanguage":"cs"},{"@type":"Organization","@id":"https:\/\/kidshouse.cz\/#organization","name":"KIDSHOUSE.cz","url":"https:\/\/kidshouse.cz\/","logo":{"@type":"ImageObject","inLanguage":"cs","@id":"https:\/\/kidshouse.cz\/#\/schema\/logo\/image\/","url":"https:\/\/kidshouse.cz\/wp-content\/uploads\/2020\/06\/Logo_KIDSHOUSE_2.jpg","contentUrl":"https:\/\/kidshouse.cz\/wp-content\/uploads\/2020\/06\/Logo_KIDSHOUSE_2.jpg","width":996,"height":357,"caption":"KIDSHOUSE.cz"},"image":{"@id":"https:\/\/kidshouse.cz\/#\/schema\/logo\/image\/"}},{"@type":"Person","@id":"https:\/\/kidshouse.cz\/#\/schema\/person\/a5afba4610b78f4b36768d101e412526","name":"Jolana Hol\u00e1\u0148ov\u00e1","image":{"@type":"ImageObject","inLanguage":"cs","@id":"https:\/\/kidshouse.cz\/#\/schema\/person\/image\/","url":"https:\/\/secure.gravatar.com\/avatar\/5863c504ed89cd419ff3a5e812c722ff?s=96&d=mm&r=g","contentUrl":"https:\/\/secure.gravatar.com\/avatar\/5863c504ed89cd419ff3a5e812c722ff?s=96&d=mm&r=g","caption":"Jolana Hol\u00e1\u0148ov\u00e1"},"sameAs":["http:\/\/www.kidshouse.cz"],"url":"https:\/\/kidshouse.cz\/index.php\/author\/jolhol\/"}]}},"_links":{"self":[{"href":"https:\/\/kidshouse.cz\/index.php\/wp-json\/wp\/v2\/posts\/4241"}],"collection":[{"href":"https:\/\/kidshouse.cz\/index.php\/wp-json\/wp\/v2\/posts"}],"about":[{"href":"https:\/\/kidshouse.cz\/index.php\/wp-json\/wp\/v2\/types\/post"}],"author":[{"embeddable":true,"href":"https:\/\/kidshouse.cz\/index.php\/wp-json\/wp\/v2\/users\/3"}],"replies":[{"embeddable":true,"href":"https:\/\/kidshouse.cz\/index.php\/wp-json\/wp\/v2\/comments?post=4241"}],"version-history":[{"count":3,"href":"https:\/\/kidshouse.cz\/index.php\/wp-json\/wp\/v2\/posts\/4241\/revisions"}],"predecessor-version":[{"id":4246,"href":"https:\/\/kidshouse.cz\/index.php\/wp-json\/wp\/v2\/posts\/4241\/revisions\/4246"}],"wp:featuredmedia":[{"embeddable":true,"href":"https:\/\/kidshouse.cz\/index.php\/wp-json\/wp\/v2\/media\/4243"}],"wp:attachment":[{"href":"https:\/\/kidshouse.cz\/index.php\/wp-json\/wp\/v2\/media?parent=4241"}],"wp:term":[{"taxonomy":"category","embeddable":true,"href":"https:\/\/kidshouse.cz\/index.php\/wp-json\/wp\/v2\/categories?post=4241"},{"taxonomy":"post_tag","embeddable":true,"href":"https:\/\/kidshouse.cz\/index.php\/wp-json\/wp\/v2\/tags?post=4241"}],"curies":[{"name":"wp","href":"https:\/\/api.w.org\/{rel}","templated":true}]}}