{"id":4248,"date":"2023-09-12T00:01:00","date_gmt":"2023-09-11T22:01:00","guid":{"rendered":"https:\/\/kidshouse.cz\/?p=4248"},"modified":"2023-09-06T17:24:31","modified_gmt":"2023-09-06T15:24:31","slug":"v-zoo-praha-se-narodila-dvojcata-brazilskych-kun","status":"publish","type":"post","link":"https:\/\/kidshouse.cz\/index.php\/2023\/09\/12\/v-zoo-praha-se-narodila-dvojcata-brazilskych-kun\/","title":{"rendered":"V\u00a0Zoo Praha se narodila dvoj\u010data brazilsk\u00fdch kun"},"content":{"rendered":"\n<div style=\"height:44px\" aria-hidden=\"true\" class=\"wp-block-spacer\"><\/div>\n\n\n\n<p><strong>Nov\u011b jsou v&nbsp;Zoo Praha k&nbsp;vid\u011bn\u00ed dv\u011b ml\u00e1\u010fata tayry neboli kuny brazilsk\u00e9. N\u00e1v\u0161t\u011bvn\u00edci je mohou od tohoto t\u00fddne pozorovat v expozici pobl\u00ed\u017e v\u00fdb\u011bhu ledn\u00edch medv\u011bd\u016f. Mal\u00e9 \u0161elmy pod dohledem matky opou\u0161t\u011bj\u00ed noru nej\u010dast\u011bji r\u00e1no a pot\u00e9 p\u0159i odpoledn\u00edm krmen\u00ed po 15. hodin\u011b. Tento p\u00e1tek se na n\u011b mohou p\u0159ij\u00edt pod\u00edvat mal\u00ed n\u00e1v\u0161t\u011bvn\u00edci za symbolick\u00e9 vstupn\u00e9 \u2013 1. z\u00e1\u0159\u00ed maj\u00ed d\u011bti do 15 let vstup do pra\u017esk\u00e9 zoo za pouhou 1 K\u010d.<\/strong><\/p>\n\n\n\n<div style=\"height:35px\" aria-hidden=\"true\" class=\"wp-block-spacer\"><\/div>\n\n\n\n<div class=\"wp-block-image\"><figure class=\"aligncenter size-large\"><img loading=\"lazy\" decoding=\"async\" width=\"1024\" height=\"682\" src=\"https:\/\/kidshouse.cz\/wp-content\/uploads\/2023\/09\/Foto-2_Z09_0396_export-1024x682.jpg\" alt=\"\" class=\"wp-image-4250\" srcset=\"https:\/\/kidshouse.cz\/wp-content\/uploads\/2023\/09\/Foto-2_Z09_0396_export-1024x682.jpg 1024w, https:\/\/kidshouse.cz\/wp-content\/uploads\/2023\/09\/Foto-2_Z09_0396_export-300x200.jpg 300w, https:\/\/kidshouse.cz\/wp-content\/uploads\/2023\/09\/Foto-2_Z09_0396_export-768x511.jpg 768w, https:\/\/kidshouse.cz\/wp-content\/uploads\/2023\/09\/Foto-2_Z09_0396_export.jpg 1500w\" sizes=\"(max-width: 1024px) 100vw, 1024px\" \/><\/figure><\/div>\n\n\n\n<div style=\"height:35px\" aria-hidden=\"true\" class=\"wp-block-spacer\"><\/div>\n\n\n\n<p>\u201e<em>Samice tayry je pe\u010dliv\u00e1 matka, kter\u00e1 sv\u00e1 nejprve slep\u00e1 a pot\u00e9 je\u0161t\u011b dlouho bezmocn\u00e1 ml\u00e1\u010fata koj\u00ed a\u017e t\u0159i m\u011bs\u00edce a i pak je n\u011bjakou dobu hl\u00edd\u00e1. Vy\u017eaduj\u00ed tedy klid, a proto odhalujeme expozici pro n\u00e1v\u0161t\u011bvn\u00edky a\u017e nyn\u00ed, kdy u\u017e maj\u00ed dvoj\u010data nejkriti\u010dt\u011bj\u0161\u00ed obdob\u00ed za sebou,\u201c<\/em> vysv\u011btluje vrchn\u00ed chovatelka mal\u00fdch savc\u016f Denisa Zb\u011bhl\u00edkov\u00e1 rozhodnut\u00ed zp\u0159\u00edstupnit v\u00fdb\u011bh a\u017e po dvou m\u011bs\u00edc\u00edch od narozen\u00ed ml\u00e1\u010fat.<\/p>\n\n\n\n<p>Mal\u00e9 tayry se narodily 21. \u010dervna dvan\u00e1ctilet\u00e9mu samci, kter\u00fd p\u0159i\u0161el do Zoo Praha v&nbsp;roce 2011 ze \u0161v\u00fdcarsk\u00e9 zoo Papiliorama, a v&nbsp;Praze narozen\u00e9 osmilet\u00e9 samici. V&nbsp;t\u011bchto dnech ji\u017e dvoj\u010data vedle mate\u0159sk\u00e9ho ml\u00e9ka ochutn\u00e1vaj\u00ed i&nbsp;masitou stravu v&nbsp;podob\u011b drobn\u00fdch hlodavc\u016f \u010di ku\u0159at a v&nbsp;men\u0161\u00ed m\u00ed\u0159e tak\u00e9 m\u011bkk\u00e9 ovoce, jako jsou ban\u00e1ny, melouny \u010di kiwi, o kter\u00e9 se s&nbsp;nimi d\u011bl\u00ed matka ze sv\u00e9 krmn\u00e9 d\u00e1vky.<\/p>\n\n\n\n<div style=\"height:35px\" aria-hidden=\"true\" class=\"wp-block-spacer\"><\/div>\n\n\n\n<figure class=\"wp-block-image size-large\"><img loading=\"lazy\" decoding=\"async\" width=\"1024\" height=\"683\" src=\"https:\/\/kidshouse.cz\/wp-content\/uploads\/2023\/09\/Foto-1_Z09_0315_export-1024x683.jpg\" alt=\"\" class=\"wp-image-4249\" srcset=\"https:\/\/kidshouse.cz\/wp-content\/uploads\/2023\/09\/Foto-1_Z09_0315_export-1024x683.jpg 1024w, https:\/\/kidshouse.cz\/wp-content\/uploads\/2023\/09\/Foto-1_Z09_0315_export-300x200.jpg 300w, https:\/\/kidshouse.cz\/wp-content\/uploads\/2023\/09\/Foto-1_Z09_0315_export-768x512.jpg 768w, https:\/\/kidshouse.cz\/wp-content\/uploads\/2023\/09\/Foto-1_Z09_0315_export.jpg 1500w\" sizes=\"(max-width: 1024px) 100vw, 1024px\" \/><\/figure>\n\n\n\n<div style=\"height:35px\" aria-hidden=\"true\" class=\"wp-block-spacer\"><\/div>\n\n\n\n<p>\u201e<em>Ml\u00e1\u010fata jsou na prvn\u00ed pohled toto\u017en\u00e1, ale pozorn\u00e9mu oku neujde, \u017ee jedno z&nbsp;nich, jako by m\u011blo po otci tmav\u011bji zbarvenou hlavu, a druh\u00e9 je naopak po matce sv\u011btlej\u0161\u00ed,\u201c <\/em>dopl\u0148uje Zb\u011bhl\u00edkov\u00e1 s&nbsp;t\u00edm, \u017ee pohlav\u00ed obou dvoj\u010dat je zat\u00edm nezn\u00e1m\u00e9.<\/p>\n\n\n\n<p>Tayry ob\u00fdvaj\u00ed rozs\u00e1hl\u00fd are\u00e1l od Mexika a\u017e po severn\u00ed Argentinu. Na rozd\u00edl od v\u011bt\u0161iny lasicovit\u00fdch \u0161elem jsou aktivn\u00ed i ve dne, co\u017e z&nbsp;nich \u010din\u00ed atraktivn\u00ed druh i pro n\u00e1v\u0161t\u011bvn\u00edky. Oproti \u010desk\u00fdm kun\u00e1m jsou nav\u00edc o pozn\u00e1n\u00ed mohutn\u011bj\u0161\u00ed, p\u0159i\u010dem\u017e dosp\u011bl\u00ed jedinci dosahuj\u00ed hmotnosti a\u017e p\u011bti kilogram\u016f. Zoo Praha chov\u00e1 tayry od roku 2004 a prvn\u00ed \u00fasp\u011b\u0161n\u00fd odchov se zde poda\u0159il v&nbsp;roce 2011. Tehdy se jednalo o v\u016fbec prvn\u00ed odchovan\u00e9 ml\u00e1d\u011b tohoto druhu v&nbsp;\u010cesk\u00e9 republice.<\/p>\n\n\n\n<div style=\"height:35px\" aria-hidden=\"true\" class=\"wp-block-spacer\"><\/div>\n\n\n\n<figure class=\"wp-block-gallery columns-2 is-cropped wp-block-gallery-1 is-layout-flex wp-block-gallery-is-layout-flex\"><ul class=\"blocks-gallery-grid\"><li class=\"blocks-gallery-item\"><figure><img loading=\"lazy\" decoding=\"async\" width=\"1024\" height=\"682\" src=\"https:\/\/kidshouse.cz\/wp-content\/uploads\/2023\/09\/Foto-2_Z09_0396_export-1024x682.jpg\" alt=\"\" data-id=\"4250\" data-full-url=\"https:\/\/kidshouse.cz\/wp-content\/uploads\/2023\/09\/Foto-2_Z09_0396_export.jpg\" data-link=\"https:\/\/kidshouse.cz\/?attachment_id=4250\" class=\"wp-image-4250\" srcset=\"https:\/\/kidshouse.cz\/wp-content\/uploads\/2023\/09\/Foto-2_Z09_0396_export-1024x682.jpg 1024w, https:\/\/kidshouse.cz\/wp-content\/uploads\/2023\/09\/Foto-2_Z09_0396_export-300x200.jpg 300w, https:\/\/kidshouse.cz\/wp-content\/uploads\/2023\/09\/Foto-2_Z09_0396_export-768x511.jpg 768w, https:\/\/kidshouse.cz\/wp-content\/uploads\/2023\/09\/Foto-2_Z09_0396_export.jpg 1500w\" sizes=\"(max-width: 1024px) 100vw, 1024px\" \/><\/figure><\/li><li class=\"blocks-gallery-item\"><figure><img loading=\"lazy\" decoding=\"async\" width=\"1024\" height=\"683\" src=\"https:\/\/kidshouse.cz\/wp-content\/uploads\/2023\/09\/Foto-1_Z09_0315_export-1024x683.jpg\" alt=\"\" data-id=\"4249\" data-full-url=\"https:\/\/kidshouse.cz\/wp-content\/uploads\/2023\/09\/Foto-1_Z09_0315_export.jpg\" data-link=\"https:\/\/kidshouse.cz\/?attachment_id=4249\" class=\"wp-image-4249\" srcset=\"https:\/\/kidshouse.cz\/wp-content\/uploads\/2023\/09\/Foto-1_Z09_0315_export-1024x683.jpg 1024w, https:\/\/kidshouse.cz\/wp-content\/uploads\/2023\/09\/Foto-1_Z09_0315_export-300x200.jpg 300w, https:\/\/kidshouse.cz\/wp-content\/uploads\/2023\/09\/Foto-1_Z09_0315_export-768x512.jpg 768w, https:\/\/kidshouse.cz\/wp-content\/uploads\/2023\/09\/Foto-1_Z09_0315_export.jpg 1500w\" sizes=\"(max-width: 1024px) 100vw, 1024px\" \/><\/figure><\/li><\/ul><\/figure>\n\n\n\n<p><strong>Zdroj foto: <\/strong>ZOO Praha<\/p>\n\n\n\n<div style=\"height:100px\" aria-hidden=\"true\" class=\"wp-block-spacer\"><\/div>\n","protected":false},"excerpt":{"rendered":"<p>Nov\u011b jsou v&nbsp;Zoo Praha k&nbsp;vid\u011bn\u00ed dv\u011b ml\u00e1\u010fata tayry neboli kuny brazilsk\u00e9. N\u00e1v\u0161t\u011bvn\u00edci je mohou od tohoto t\u00fddne pozorovat v expozici pobl\u00ed\u017e v\u00fdb\u011bhu ledn\u00edch medv\u011bd\u016f. Mal\u00e9 \u0161elmy pod dohledem matky opou\u0161t\u011bj\u00ed noru nej\u010dast\u011bji r\u00e1no a&#46;&#46;&#46;<\/p>\n","protected":false},"author":8,"featured_media":4250,"comment_status":"closed","ping_status":"closed","sticky":false,"template":"","format":"standard","meta":{"_monsterinsights_skip_tracking":false,"_monsterinsights_sitenote_active":false,"_monsterinsights_sitenote_note":"","_monsterinsights_sitenote_category":0,"footnotes":""},"categories":[4,2,13],"tags":[],"yoast_head":"<!-- This site is optimized with the Yoast SEO plugin v21.5 - https:\/\/yoast.com\/wordpress\/plugins\/seo\/ -->\n<title>V\u00a0Zoo Praha se narodila dvoj\u010data brazilsk\u00fdch kun - KIDSHOUSE.cz<\/title>\n<meta name=\"robots\" content=\"index, follow, max-snippet:-1, max-image-preview:large, max-video-preview:-1\" \/>\n<link rel=\"canonical\" href=\"https:\/\/kidshouse.cz\/index.php\/2023\/09\/12\/v-zoo-praha-se-narodila-dvojcata-brazilskych-kun\/\" \/>\n<meta property=\"og:locale\" content=\"cs_CZ\" \/>\n<meta property=\"og:type\" content=\"article\" \/>\n<meta property=\"og:title\" content=\"V\u00a0Zoo Praha se narodila dvoj\u010data brazilsk\u00fdch kun - KIDSHOUSE.cz\" \/>\n<meta property=\"og:description\" content=\"Nov\u011b jsou v&nbsp;Zoo Praha k&nbsp;vid\u011bn\u00ed dv\u011b ml\u00e1\u010fata tayry neboli kuny brazilsk\u00e9. N\u00e1v\u0161t\u011bvn\u00edci je mohou od tohoto t\u00fddne pozorovat v expozici pobl\u00ed\u017e v\u00fdb\u011bhu ledn\u00edch medv\u011bd\u016f. Mal\u00e9 \u0161elmy pod dohledem matky opou\u0161t\u011bj\u00ed noru nej\u010dast\u011bji r\u00e1no a&#046;&#046;&#046;\" \/>\n<meta property=\"og:url\" content=\"https:\/\/kidshouse.cz\/index.php\/2023\/09\/12\/v-zoo-praha-se-narodila-dvojcata-brazilskych-kun\/\" \/>\n<meta property=\"og:site_name\" content=\"KIDSHOUSE.cz\" \/>\n<meta property=\"article:published_time\" content=\"2023-09-11T22:01:00+00:00\" \/>\n<meta property=\"article:modified_time\" content=\"2023-09-06T15:24:31+00:00\" \/>\n<meta property=\"og:image\" content=\"https:\/\/kidshouse.cz\/wp-content\/uploads\/2023\/09\/Foto-2_Z09_0396_export.jpg\" \/>\n\t<meta property=\"og:image:width\" content=\"1500\" \/>\n\t<meta property=\"og:image:height\" content=\"999\" \/>\n\t<meta property=\"og:image:type\" content=\"image\/jpeg\" \/>\n<meta name=\"author\" content=\"Jordana Pechov\u00e1\" \/>\n<meta name=\"twitter:card\" content=\"summary_large_image\" \/>\n<meta name=\"twitter:label1\" content=\"Napsal(a)\" \/>\n\t<meta name=\"twitter:data1\" content=\"Jordana Pechov\u00e1\" \/>\n\t<meta name=\"twitter:label2\" content=\"Odhadovan\u00e1 doba \u010dten\u00ed\" \/>\n\t<meta name=\"twitter:data2\" content=\"2 minuty\" \/>\n<script type=\"application\/ld+json\" class=\"yoast-schema-graph\">{\"@context\":\"https:\/\/schema.org\",\"@graph\":[{\"@type\":\"Article\",\"@id\":\"https:\/\/kidshouse.cz\/index.php\/2023\/09\/12\/v-zoo-praha-se-narodila-dvojcata-brazilskych-kun\/#article\",\"isPartOf\":{\"@id\":\"https:\/\/kidshouse.cz\/index.php\/2023\/09\/12\/v-zoo-praha-se-narodila-dvojcata-brazilskych-kun\/\"},\"author\":{\"name\":\"Jordana Pechov\u00e1\",\"@id\":\"https:\/\/kidshouse.cz\/#\/schema\/person\/1467438b3f6af2e8c3992789b0967193\"},\"headline\":\"V\u00a0Zoo Praha se narodila dvoj\u010data brazilsk\u00fdch kun\",\"datePublished\":\"2023-09-11T22:01:00+00:00\",\"dateModified\":\"2023-09-06T15:24:31+00:00\",\"mainEntityOfPage\":{\"@id\":\"https:\/\/kidshouse.cz\/index.php\/2023\/09\/12\/v-zoo-praha-se-narodila-dvojcata-brazilskych-kun\/\"},\"wordCount\":447,\"publisher\":{\"@id\":\"https:\/\/kidshouse.cz\/#organization\"},\"articleSection\":[\"FOTOREPORTY\",\"NEWS\",\"PRO NEJMEN\u0160\u00cd\"],\"inLanguage\":\"cs\"},{\"@type\":\"WebPage\",\"@id\":\"https:\/\/kidshouse.cz\/index.php\/2023\/09\/12\/v-zoo-praha-se-narodila-dvojcata-brazilskych-kun\/\",\"url\":\"https:\/\/kidshouse.cz\/index.php\/2023\/09\/12\/v-zoo-praha-se-narodila-dvojcata-brazilskych-kun\/\",\"name\":\"V\u00a0Zoo Praha se narodila dvoj\u010data brazilsk\u00fdch kun - KIDSHOUSE.cz\",\"isPartOf\":{\"@id\":\"https:\/\/kidshouse.cz\/#website\"},\"datePublished\":\"2023-09-11T22:01:00+00:00\",\"dateModified\":\"2023-09-06T15:24:31+00:00\",\"breadcrumb\":{\"@id\":\"https:\/\/kidshouse.cz\/index.php\/2023\/09\/12\/v-zoo-praha-se-narodila-dvojcata-brazilskych-kun\/#breadcrumb\"},\"inLanguage\":\"cs\",\"potentialAction\":[{\"@type\":\"ReadAction\",\"target\":[\"https:\/\/kidshouse.cz\/index.php\/2023\/09\/12\/v-zoo-praha-se-narodila-dvojcata-brazilskych-kun\/\"]}]},{\"@type\":\"BreadcrumbList\",\"@id\":\"https:\/\/kidshouse.cz\/index.php\/2023\/09\/12\/v-zoo-praha-se-narodila-dvojcata-brazilskych-kun\/#breadcrumb\",\"itemListElement\":[{\"@type\":\"ListItem\",\"position\":1,\"name\":\"Dom\u016f\",\"item\":\"https:\/\/kidshouse.cz\/\"},{\"@type\":\"ListItem\",\"position\":2,\"name\":\"V\u00a0Zoo Praha se narodila dvoj\u010data brazilsk\u00fdch kun\"}]},{\"@type\":\"WebSite\",\"@id\":\"https:\/\/kidshouse.cz\/#website\",\"url\":\"https:\/\/kidshouse.cz\/\",\"name\":\"KIDSHOUSE.cz\",\"description\":\"Port\u00e1l pro d\u011bti a jejich rodi\u010de...\",\"publisher\":{\"@id\":\"https:\/\/kidshouse.cz\/#organization\"},\"potentialAction\":[{\"@type\":\"SearchAction\",\"target\":{\"@type\":\"EntryPoint\",\"urlTemplate\":\"https:\/\/kidshouse.cz\/?s={search_term_string}\"},\"query-input\":\"required name=search_term_string\"}],\"inLanguage\":\"cs\"},{\"@type\":\"Organization\",\"@id\":\"https:\/\/kidshouse.cz\/#organization\",\"name\":\"KIDSHOUSE.cz\",\"url\":\"https:\/\/kidshouse.cz\/\",\"logo\":{\"@type\":\"ImageObject\",\"inLanguage\":\"cs\",\"@id\":\"https:\/\/kidshouse.cz\/#\/schema\/logo\/image\/\",\"url\":\"https:\/\/kidshouse.cz\/wp-content\/uploads\/2020\/06\/Logo_KIDSHOUSE_2.jpg\",\"contentUrl\":\"https:\/\/kidshouse.cz\/wp-content\/uploads\/2020\/06\/Logo_KIDSHOUSE_2.jpg\",\"width\":996,\"height\":357,\"caption\":\"KIDSHOUSE.cz\"},\"image\":{\"@id\":\"https:\/\/kidshouse.cz\/#\/schema\/logo\/image\/\"}},{\"@type\":\"Person\",\"@id\":\"https:\/\/kidshouse.cz\/#\/schema\/person\/1467438b3f6af2e8c3992789b0967193\",\"name\":\"Jordana Pechov\u00e1\",\"image\":{\"@type\":\"ImageObject\",\"inLanguage\":\"cs\",\"@id\":\"https:\/\/kidshouse.cz\/#\/schema\/person\/image\/\",\"url\":\"https:\/\/secure.gravatar.com\/avatar\/349e898f7fe64c4a4839cc48a802dd9a?s=96&d=mm&r=g\",\"contentUrl\":\"https:\/\/secure.gravatar.com\/avatar\/349e898f7fe64c4a4839cc48a802dd9a?s=96&d=mm&r=g\",\"caption\":\"Jordana Pechov\u00e1\"},\"sameAs\":[\"http:\/\/KIDSHOUSE.cz\"],\"url\":\"https:\/\/kidshouse.cz\/index.php\/author\/jorpech\/\"}]}<\/script>\n<!-- \/ Yoast SEO plugin. -->","yoast_head_json":{"title":"V\u00a0Zoo Praha se narodila dvoj\u010data brazilsk\u00fdch kun - KIDSHOUSE.cz","robots":{"index":"index","follow":"follow","max-snippet":"max-snippet:-1","max-image-preview":"max-image-preview:large","max-video-preview":"max-video-preview:-1"},"canonical":"https:\/\/kidshouse.cz\/index.php\/2023\/09\/12\/v-zoo-praha-se-narodila-dvojcata-brazilskych-kun\/","og_locale":"cs_CZ","og_type":"article","og_title":"V\u00a0Zoo Praha se narodila dvoj\u010data brazilsk\u00fdch kun - KIDSHOUSE.cz","og_description":"Nov\u011b jsou v&nbsp;Zoo Praha k&nbsp;vid\u011bn\u00ed dv\u011b ml\u00e1\u010fata tayry neboli kuny brazilsk\u00e9. N\u00e1v\u0161t\u011bvn\u00edci je mohou od tohoto t\u00fddne pozorovat v expozici pobl\u00ed\u017e v\u00fdb\u011bhu ledn\u00edch medv\u011bd\u016f. Mal\u00e9 \u0161elmy pod dohledem matky opou\u0161t\u011bj\u00ed noru nej\u010dast\u011bji r\u00e1no a&#46;&#46;&#46;","og_url":"https:\/\/kidshouse.cz\/index.php\/2023\/09\/12\/v-zoo-praha-se-narodila-dvojcata-brazilskych-kun\/","og_site_name":"KIDSHOUSE.cz","article_published_time":"2023-09-11T22:01:00+00:00","article_modified_time":"2023-09-06T15:24:31+00:00","og_image":[{"width":1500,"height":999,"url":"https:\/\/kidshouse.cz\/wp-content\/uploads\/2023\/09\/Foto-2_Z09_0396_export.jpg","type":"image\/jpeg"}],"author":"Jordana Pechov\u00e1","twitter_card":"summary_large_image","twitter_misc":{"Napsal(a)":"Jordana Pechov\u00e1","Odhadovan\u00e1 doba \u010dten\u00ed":"2 minuty"},"schema":{"@context":"https:\/\/schema.org","@graph":[{"@type":"Article","@id":"https:\/\/kidshouse.cz\/index.php\/2023\/09\/12\/v-zoo-praha-se-narodila-dvojcata-brazilskych-kun\/#article","isPartOf":{"@id":"https:\/\/kidshouse.cz\/index.php\/2023\/09\/12\/v-zoo-praha-se-narodila-dvojcata-brazilskych-kun\/"},"author":{"name":"Jordana Pechov\u00e1","@id":"https:\/\/kidshouse.cz\/#\/schema\/person\/1467438b3f6af2e8c3992789b0967193"},"headline":"V\u00a0Zoo Praha se narodila dvoj\u010data brazilsk\u00fdch kun","datePublished":"2023-09-11T22:01:00+00:00","dateModified":"2023-09-06T15:24:31+00:00","mainEntityOfPage":{"@id":"https:\/\/kidshouse.cz\/index.php\/2023\/09\/12\/v-zoo-praha-se-narodila-dvojcata-brazilskych-kun\/"},"wordCount":447,"publisher":{"@id":"https:\/\/kidshouse.cz\/#organization"},"articleSection":["FOTOREPORTY","NEWS","PRO NEJMEN\u0160\u00cd"],"inLanguage":"cs"},{"@type":"WebPage","@id":"https:\/\/kidshouse.cz\/index.php\/2023\/09\/12\/v-zoo-praha-se-narodila-dvojcata-brazilskych-kun\/","url":"https:\/\/kidshouse.cz\/index.php\/2023\/09\/12\/v-zoo-praha-se-narodila-dvojcata-brazilskych-kun\/","name":"V\u00a0Zoo Praha se narodila dvoj\u010data brazilsk\u00fdch kun - KIDSHOUSE.cz","isPartOf":{"@id":"https:\/\/kidshouse.cz\/#website"},"datePublished":"2023-09-11T22:01:00+00:00","dateModified":"2023-09-06T15:24:31+00:00","breadcrumb":{"@id":"https:\/\/kidshouse.cz\/index.php\/2023\/09\/12\/v-zoo-praha-se-narodila-dvojcata-brazilskych-kun\/#breadcrumb"},"inLanguage":"cs","potentialAction":[{"@type":"ReadAction","target":["https:\/\/kidshouse.cz\/index.php\/2023\/09\/12\/v-zoo-praha-se-narodila-dvojcata-brazilskych-kun\/"]}]},{"@type":"BreadcrumbList","@id":"https:\/\/kidshouse.cz\/index.php\/2023\/09\/12\/v-zoo-praha-se-narodila-dvojcata-brazilskych-kun\/#breadcrumb","itemListElement":[{"@type":"ListItem","position":1,"name":"Dom\u016f","item":"https:\/\/kidshouse.cz\/"},{"@type":"ListItem","position":2,"name":"V\u00a0Zoo Praha se narodila dvoj\u010data brazilsk\u00fdch kun"}]},{"@type":"WebSite","@id":"https:\/\/kidshouse.cz\/#website","url":"https:\/\/kidshouse.cz\/","name":"KIDSHOUSE.cz","description":"Port\u00e1l pro d\u011bti a jejich rodi\u010de...","publisher":{"@id":"https:\/\/kidshouse.cz\/#organization"},"potentialAction":[{"@type":"SearchAction","target":{"@type":"EntryPoint","urlTemplate":"https:\/\/kidshouse.cz\/?s={search_term_string}"},"query-input":"required name=search_term_string"}],"inLanguage":"cs"},{"@type":"Organization","@id":"https:\/\/kidshouse.cz\/#organization","name":"KIDSHOUSE.cz","url":"https:\/\/kidshouse.cz\/","logo":{"@type":"ImageObject","inLanguage":"cs","@id":"https:\/\/kidshouse.cz\/#\/schema\/logo\/image\/","url":"https:\/\/kidshouse.cz\/wp-content\/uploads\/2020\/06\/Logo_KIDSHOUSE_2.jpg","contentUrl":"https:\/\/kidshouse.cz\/wp-content\/uploads\/2020\/06\/Logo_KIDSHOUSE_2.jpg","width":996,"height":357,"caption":"KIDSHOUSE.cz"},"image":{"@id":"https:\/\/kidshouse.cz\/#\/schema\/logo\/image\/"}},{"@type":"Person","@id":"https:\/\/kidshouse.cz\/#\/schema\/person\/1467438b3f6af2e8c3992789b0967193","name":"Jordana Pechov\u00e1","image":{"@type":"ImageObject","inLanguage":"cs","@id":"https:\/\/kidshouse.cz\/#\/schema\/person\/image\/","url":"https:\/\/secure.gravatar.com\/avatar\/349e898f7fe64c4a4839cc48a802dd9a?s=96&d=mm&r=g","contentUrl":"https:\/\/secure.gravatar.com\/avatar\/349e898f7fe64c4a4839cc48a802dd9a?s=96&d=mm&r=g","caption":"Jordana Pechov\u00e1"},"sameAs":["http:\/\/KIDSHOUSE.cz"],"url":"https:\/\/kidshouse.cz\/index.php\/author\/jorpech\/"}]}},"_links":{"self":[{"href":"https:\/\/kidshouse.cz\/index.php\/wp-json\/wp\/v2\/posts\/4248"}],"collection":[{"href":"https:\/\/kidshouse.cz\/index.php\/wp-json\/wp\/v2\/posts"}],"about":[{"href":"https:\/\/kidshouse.cz\/index.php\/wp-json\/wp\/v2\/types\/post"}],"author":[{"embeddable":true,"href":"https:\/\/kidshouse.cz\/index.php\/wp-json\/wp\/v2\/users\/8"}],"replies":[{"embeddable":true,"href":"https:\/\/kidshouse.cz\/index.php\/wp-json\/wp\/v2\/comments?post=4248"}],"version-history":[{"count":2,"href":"https:\/\/kidshouse.cz\/index.php\/wp-json\/wp\/v2\/posts\/4248\/revisions"}],"predecessor-version":[{"id":4281,"href":"https:\/\/kidshouse.cz\/index.php\/wp-json\/wp\/v2\/posts\/4248\/revisions\/4281"}],"wp:featuredmedia":[{"embeddable":true,"href":"https:\/\/kidshouse.cz\/index.php\/wp-json\/wp\/v2\/media\/4250"}],"wp:attachment":[{"href":"https:\/\/kidshouse.cz\/index.php\/wp-json\/wp\/v2\/media?parent=4248"}],"wp:term":[{"taxonomy":"category","embeddable":true,"href":"https:\/\/kidshouse.cz\/index.php\/wp-json\/wp\/v2\/categories?post=4248"},{"taxonomy":"post_tag","embeddable":true,"href":"https:\/\/kidshouse.cz\/index.php\/wp-json\/wp\/v2\/tags?post=4248"}],"curies":[{"name":"wp","href":"https:\/\/api.w.org\/{rel}","templated":true}]}}