{"id":4771,"date":"2023-11-20T00:01:00","date_gmt":"2023-11-19T23:01:00","guid":{"rendered":"https:\/\/kidshouse.cz\/?p=4771"},"modified":"2023-11-22T01:13:29","modified_gmt":"2023-11-22T00:13:29","slug":"disney-a-pixar-predstavuje-prvni-trailer-k-animovanemu-filmu-v-hlave-2-2","status":"publish","type":"post","link":"https:\/\/kidshouse.cz\/index.php\/2023\/11\/20\/disney-a-pixar-predstavuje-prvni-trailer-k-animovanemu-filmu-v-hlave-2-2\/","title":{"rendered":"Disney a Pixar p\u0159edstavuje prvn\u00ed trailer k animovan\u00e9mu filmu V HLAV\u011a 2"},"content":{"rendered":"\n<div style=\"height:41px\" aria-hidden=\"true\" class=\"wp-block-spacer\"><\/div>\n\n\n\n<p><strong>Velk\u00e9 zm\u011bny, nov\u00e9 emoce&#8230;.<\/strong><\/p>\n\n\n\n<p><strong>Disney a Pixar p\u0159ich\u00e1zej\u00ed se zcela nov\u00fdmi emocemi v traileru k animovan\u00e9mu filmu V&nbsp;hlav\u011b 2.<\/strong> <\/p>\n\n\n\n<p><strong>Budeme si na n\u011bj ale je\u0161t\u011b muset po\u010dkat a\u017e do 13. \u010dervna 2024<\/strong>,<strong> kdy se p\u0159edstav\u00ed v \u010cesk\u00fdch kinech!<\/strong><\/p>\n\n\n\n<div style=\"height:33px\" aria-hidden=\"true\" class=\"wp-block-spacer\"><\/div>\n\n\n<div class=\"wp-block-image\">\n<figure class=\"aligncenter size-large\"><img loading=\"lazy\" decoding=\"async\" width=\"994\" height=\"662\" src=\"https:\/\/kidshouse.cz\/wp-content\/uploads\/2023\/11\/HARBOR_TEASER_POSTER_CZECH-REPUBLIC.jpg\" alt=\"Disney a Pixar p\u0159edstavuje prvn\u00ed trailer k animovan\u00e9mu filmu V HLAV\u011a 2\" class=\"wp-image-4772\" srcset=\"https:\/\/kidshouse.cz\/wp-content\/uploads\/2023\/11\/HARBOR_TEASER_POSTER_CZECH-REPUBLIC.jpg 994w, https:\/\/kidshouse.cz\/wp-content\/uploads\/2023\/11\/HARBOR_TEASER_POSTER_CZECH-REPUBLIC-300x200.jpg 300w, https:\/\/kidshouse.cz\/wp-content\/uploads\/2023\/11\/HARBOR_TEASER_POSTER_CZECH-REPUBLIC-768x511.jpg 768w\" sizes=\"(max-width: 994px) 100vw, 994px\" \/><\/figure><\/div>\n\n\n<div style=\"height:33px\" aria-hidden=\"true\" class=\"wp-block-spacer\"><\/div>\n\n\n\n<p>Nejo\u010dek\u00e1van\u011bj\u0161\u00ed animovan\u00fd film roku 2024, V hlav\u011b 2, vstoup\u00ed v p\u0159\u00ed\u0161t\u00edm roce 13. \u010dervna do kin. Pokra\u010dov\u00e1n\u00ed \u00fasp\u011b\u0161n\u00e9ho sn\u00edmku z roku 2015 se zam\u011b\u0159uje na dosp\u00edv\u00e1n\u00ed hlavn\u00ed hrdinky Riley, kter\u00e1 se s rodinou p\u0159est\u011bhuje do nov\u00e9ho m\u011bsta. To pro ni znamen\u00e1 nejen nov\u00e9 v\u00fdzvy, ale tak\u00e9 nov\u00e9 emoce.<\/p>\n\n\n\n<p>A pr\u00e1v\u011b nov\u00fd trailer, kter\u00fd nazna\u010duje, \u017ee V hlav\u011b 2 bude stejn\u011b z\u00e1bavn\u00fd a pou\u010dn\u00fd jako prvn\u00ed film. Trailer ukazuje, jak se Riley sna\u017e\u00ed vyrovnat se s nov\u00fdmi emocemi a jak se j\u00ed to da\u0159\u00ed.<\/p>\n\n\n\n<p>V hlav\u011b 2 je bezpochyby jedn\u00edm z nejo\u010dek\u00e1van\u011bj\u0161\u00edch film\u016f roku 2024.A ukazuje, \u017ee si na sv\u00e9 p\u0159ijde op\u011bt cel\u00e1 rodina&#8230;<\/p>\n\n\n\n<div style=\"height:33px\" aria-hidden=\"true\" class=\"wp-block-spacer\"><\/div>\n\n\n\n<figure class=\"wp-block-embed is-type-video is-provider-youtube wp-block-embed-youtube wp-embed-aspect-16-9 wp-has-aspect-ratio\"><div class=\"wp-block-embed__wrapper\">\n<div class=\"video-container\"><iframe loading=\"lazy\" title=\"V HLAV\u011a 2 (2024) HD trailer | CZ dabing\" width=\"500\" height=\"281\" src=\"https:\/\/www.youtube.com\/embed\/ewDLLsXHlGw?feature=oembed&#038;wmode=opaque\" frameborder=\"0\" allow=\"accelerometer; autoplay; clipboard-write; encrypted-media; gyroscope; picture-in-picture; web-share\" allowfullscreen><\/iframe><\/div>\n<\/div><\/figure>\n\n\n\n<div style=\"height:33px\" aria-hidden=\"true\" class=\"wp-block-spacer\"><\/div>\n\n\n\n<h2 class=\"wp-block-heading\">V hlav\u011b 2<\/h2>\n\n\n\n<div style=\"height:33px\" aria-hidden=\"true\" class=\"wp-block-spacer\"><\/div>\n\n\n\n<p><strong>Premi\u00e9ra:<\/strong> V&nbsp;kinech od 13. \u010dervna 2024.<\/p>\n\n\n\n<p><strong>Sc\u00e9n\u00e1\u0159:<\/strong> Meg LeFauve<\/p>\n\n\n\n<p><strong>Re\u017eie:<\/strong> Pete Docter, Kelsey Mann<\/p>\n\n\n\n<p><strong>Hraj\u00ed:<\/strong> Amy Poehler, Phyllis Smith, Lewis Black<\/p>\n\n\n\n<div style=\"height:33px\" aria-hidden=\"true\" class=\"wp-block-spacer\"><\/div>\n\n\n\n<figure class=\"wp-block-gallery has-nested-images columns-2 is-cropped wp-block-gallery-1 is-layout-flex wp-block-gallery-is-layout-flex\">\n<figure class=\"wp-block-image size-large\"><img loading=\"lazy\" decoding=\"async\" width=\"994\" height=\"662\" data-id=\"4772\" src=\"https:\/\/kidshouse.cz\/wp-content\/uploads\/2023\/11\/HARBOR_TEASER_POSTER_CZECH-REPUBLIC.jpg\" alt=\"Disney a Pixar p\u0159edstavuje prvn\u00ed trailer k animovan\u00e9mu filmu V HLAV\u011a 2\" class=\"wp-image-4772\" srcset=\"https:\/\/kidshouse.cz\/wp-content\/uploads\/2023\/11\/HARBOR_TEASER_POSTER_CZECH-REPUBLIC.jpg 994w, https:\/\/kidshouse.cz\/wp-content\/uploads\/2023\/11\/HARBOR_TEASER_POSTER_CZECH-REPUBLIC-300x200.jpg 300w, https:\/\/kidshouse.cz\/wp-content\/uploads\/2023\/11\/HARBOR_TEASER_POSTER_CZECH-REPUBLIC-768x511.jpg 768w\" sizes=\"(max-width: 994px) 100vw, 994px\" \/><\/figure>\n\n\n\n<figure class=\"wp-block-image size-large\"><img loading=\"lazy\" decoding=\"async\" width=\"1000\" height=\"417\" data-id=\"4778\" src=\"https:\/\/kidshouse.cz\/wp-content\/uploads\/2023\/11\/02.jpg\" alt=\"Disney a Pixar p\u0159edstavuje prvn\u00ed trailer k animovan\u00e9mu filmu V HLAV\u011a 2\" class=\"wp-image-4778\" srcset=\"https:\/\/kidshouse.cz\/wp-content\/uploads\/2023\/11\/02.jpg 1000w, https:\/\/kidshouse.cz\/wp-content\/uploads\/2023\/11\/02-300x125.jpg 300w, https:\/\/kidshouse.cz\/wp-content\/uploads\/2023\/11\/02-768x320.jpg 768w\" sizes=\"(max-width: 1000px) 100vw, 1000px\" \/><\/figure>\n\n\n\n<figure class=\"wp-block-image size-large\"><img loading=\"lazy\" decoding=\"async\" width=\"1000\" height=\"413\" data-id=\"4773\" src=\"https:\/\/kidshouse.cz\/wp-content\/uploads\/2023\/11\/03.jpg\" alt=\"Disney a Pixar p\u0159edstavuje prvn\u00ed trailer k animovan\u00e9mu filmu V HLAV\u011a 2\" class=\"wp-image-4773\" srcset=\"https:\/\/kidshouse.cz\/wp-content\/uploads\/2023\/11\/03.jpg 1000w, https:\/\/kidshouse.cz\/wp-content\/uploads\/2023\/11\/03-300x124.jpg 300w, https:\/\/kidshouse.cz\/wp-content\/uploads\/2023\/11\/03-768x317.jpg 768w\" sizes=\"(max-width: 1000px) 100vw, 1000px\" \/><\/figure>\n\n\n\n<figure class=\"wp-block-image size-large\"><img loading=\"lazy\" decoding=\"async\" width=\"1000\" height=\"413\" data-id=\"4777\" src=\"https:\/\/kidshouse.cz\/wp-content\/uploads\/2023\/11\/01.jpg\" alt=\"Disney a Pixar p\u0159edstavuje prvn\u00ed trailer k animovan\u00e9mu filmu V HLAV\u011a 2\" class=\"wp-image-4777\" srcset=\"https:\/\/kidshouse.cz\/wp-content\/uploads\/2023\/11\/01.jpg 1000w, https:\/\/kidshouse.cz\/wp-content\/uploads\/2023\/11\/01-300x124.jpg 300w, https:\/\/kidshouse.cz\/wp-content\/uploads\/2023\/11\/01-768x317.jpg 768w\" sizes=\"(max-width: 1000px) 100vw, 1000px\" \/><\/figure>\n\n\n\n<figure class=\"wp-block-image size-large\"><img loading=\"lazy\" decoding=\"async\" width=\"717\" height=\"1024\" data-id=\"4776\" src=\"https:\/\/kidshouse.cz\/wp-content\/uploads\/2023\/11\/HARBOR_TEASER_POSTER_CZECH-REPUBLIC-2-717x1024.jpg\" alt=\"Disney a Pixar p\u0159edstavuje prvn\u00ed trailer k animovan\u00e9mu filmu V HLAV\u011a 2\" class=\"wp-image-4776\" srcset=\"https:\/\/kidshouse.cz\/wp-content\/uploads\/2023\/11\/HARBOR_TEASER_POSTER_CZECH-REPUBLIC-2-717x1024.jpg 717w, https:\/\/kidshouse.cz\/wp-content\/uploads\/2023\/11\/HARBOR_TEASER_POSTER_CZECH-REPUBLIC-2-210x300.jpg 210w, https:\/\/kidshouse.cz\/wp-content\/uploads\/2023\/11\/HARBOR_TEASER_POSTER_CZECH-REPUBLIC-2-768x1097.jpg 768w, https:\/\/kidshouse.cz\/wp-content\/uploads\/2023\/11\/HARBOR_TEASER_POSTER_CZECH-REPUBLIC-2.jpg 1000w\" sizes=\"(max-width: 717px) 100vw, 717px\" \/><\/figure>\n<\/figure>\n\n\n\n<div style=\"height:33px\" aria-hidden=\"true\" class=\"wp-block-spacer\"><\/div>\n\n\n\n<p><strong>Zdroj foto a video: <\/strong>Falcon<\/p>\n\n\n\n<div style=\"height:100px\" aria-hidden=\"true\" class=\"wp-block-spacer\"><\/div>\n\n\n\n<p><\/p>\n","protected":false},"excerpt":{"rendered":"<p>Velk\u00e9 zm\u011bny, nov\u00e9 emoce&#8230;. Disney a Pixar p\u0159ich\u00e1zej\u00ed se zcela nov\u00fdmi emocemi v traileru k animovan\u00e9mu filmu V&nbsp;hlav\u011b 2. Budeme si na n\u011bj ale je\u0161t\u011b muset po\u010dkat a\u017e do 13. \u010dervna 2024, kdy se&#46;&#46;&#46;<\/p>\n","protected":false},"author":3,"featured_media":4772,"comment_status":"closed","ping_status":"closed","sticky":false,"template":"","format":"standard","meta":{"_monsterinsights_skip_tracking":false,"_monsterinsights_sitenote_active":false,"_monsterinsights_sitenote_note":"","_monsterinsights_sitenote_category":0,"footnotes":""},"categories":[16,2,14,13,9],"tags":[],"yoast_head":"<!-- This site is optimized with the Yoast SEO plugin v21.5 - https:\/\/yoast.com\/wordpress\/plugins\/seo\/ -->\n<title>Disney a Pixar p\u0159edstavuje prvn\u00ed trailer k animovan\u00e9mu filmu V HLAV\u011a 2 - KIDSHOUSE.cz<\/title>\n<meta name=\"description\" content=\"Disney a Pixar p\u0159ich\u00e1zej\u00ed se zcela nov\u00fdmi emocemi v traileru k animovan\u00e9mu filmu V\u00a0hlav\u011b 2. Budeme si na n\u011bj ale je\u0161t\u011b muset po\u010dkat a\u017e do 13. \u010dervna 2024, kdy se p\u0159edstav\u00ed v \u010cesk\u00fdch kinech!\" \/>\n<meta name=\"robots\" content=\"index, follow, max-snippet:-1, max-image-preview:large, max-video-preview:-1\" \/>\n<link rel=\"canonical\" href=\"https:\/\/kidshouse.cz\/index.php\/2023\/11\/20\/disney-a-pixar-predstavuje-prvni-trailer-k-animovanemu-filmu-v-hlave-2-2\/\" \/>\n<meta property=\"og:locale\" content=\"cs_CZ\" \/>\n<meta property=\"og:type\" content=\"article\" \/>\n<meta property=\"og:title\" content=\"Disney a Pixar p\u0159edstavuje prvn\u00ed trailer k animovan\u00e9mu filmu V HLAV\u011a 2 - KIDSHOUSE.cz\" \/>\n<meta property=\"og:description\" content=\"Disney a Pixar p\u0159ich\u00e1zej\u00ed se zcela nov\u00fdmi emocemi v traileru k animovan\u00e9mu filmu V\u00a0hlav\u011b 2. Budeme si na n\u011bj ale je\u0161t\u011b muset po\u010dkat a\u017e do 13. \u010dervna 2024, kdy se p\u0159edstav\u00ed v \u010cesk\u00fdch kinech!\" \/>\n<meta property=\"og:url\" content=\"https:\/\/kidshouse.cz\/index.php\/2023\/11\/20\/disney-a-pixar-predstavuje-prvni-trailer-k-animovanemu-filmu-v-hlave-2-2\/\" \/>\n<meta property=\"og:site_name\" content=\"KIDSHOUSE.cz\" \/>\n<meta property=\"article:published_time\" content=\"2023-11-19T23:01:00+00:00\" \/>\n<meta property=\"article:modified_time\" content=\"2023-11-22T00:13:29+00:00\" \/>\n<meta property=\"og:image\" content=\"https:\/\/kidshouse.cz\/wp-content\/uploads\/2023\/11\/HARBOR_TEASER_POSTER_CZECH-REPUBLIC.jpg\" \/>\n\t<meta property=\"og:image:width\" content=\"994\" \/>\n\t<meta property=\"og:image:height\" content=\"662\" \/>\n\t<meta property=\"og:image:type\" content=\"image\/jpeg\" \/>\n<meta name=\"author\" content=\"Jolana Hol\u00e1\u0148ov\u00e1\" \/>\n<meta name=\"twitter:card\" content=\"summary_large_image\" \/>\n<meta name=\"twitter:label1\" content=\"Napsal(a)\" \/>\n\t<meta name=\"twitter:data1\" content=\"Jolana Hol\u00e1\u0148ov\u00e1\" \/>\n\t<meta name=\"twitter:label2\" content=\"Odhadovan\u00e1 doba \u010dten\u00ed\" \/>\n\t<meta name=\"twitter:data2\" content=\"3 minuty\" \/>\n<script type=\"application\/ld+json\" class=\"yoast-schema-graph\">{\"@context\":\"https:\/\/schema.org\",\"@graph\":[{\"@type\":\"Article\",\"@id\":\"https:\/\/kidshouse.cz\/index.php\/2023\/11\/20\/disney-a-pixar-predstavuje-prvni-trailer-k-animovanemu-filmu-v-hlave-2-2\/#article\",\"isPartOf\":{\"@id\":\"https:\/\/kidshouse.cz\/index.php\/2023\/11\/20\/disney-a-pixar-predstavuje-prvni-trailer-k-animovanemu-filmu-v-hlave-2-2\/\"},\"author\":{\"name\":\"Jolana Hol\u00e1\u0148ov\u00e1\",\"@id\":\"https:\/\/kidshouse.cz\/#\/schema\/person\/a5afba4610b78f4b36768d101e412526\"},\"headline\":\"Disney a Pixar p\u0159edstavuje prvn\u00ed trailer k animovan\u00e9mu filmu V HLAV\u011a 2\",\"datePublished\":\"2023-11-19T23:01:00+00:00\",\"dateModified\":\"2023-11-22T00:13:29+00:00\",\"mainEntityOfPage\":{\"@id\":\"https:\/\/kidshouse.cz\/index.php\/2023\/11\/20\/disney-a-pixar-predstavuje-prvni-trailer-k-animovanemu-filmu-v-hlave-2-2\/\"},\"wordCount\":222,\"publisher\":{\"@id\":\"https:\/\/kidshouse.cz\/#organization\"},\"articleSection\":[\"FILMY a KINO\",\"NEWS\",\"POH\u00c1DKY\",\"PRO NEJMEN\u0160\u00cd\",\"TIPY\"],\"inLanguage\":\"cs\"},{\"@type\":\"WebPage\",\"@id\":\"https:\/\/kidshouse.cz\/index.php\/2023\/11\/20\/disney-a-pixar-predstavuje-prvni-trailer-k-animovanemu-filmu-v-hlave-2-2\/\",\"url\":\"https:\/\/kidshouse.cz\/index.php\/2023\/11\/20\/disney-a-pixar-predstavuje-prvni-trailer-k-animovanemu-filmu-v-hlave-2-2\/\",\"name\":\"Disney a Pixar p\u0159edstavuje prvn\u00ed trailer k animovan\u00e9mu filmu V HLAV\u011a 2 - KIDSHOUSE.cz\",\"isPartOf\":{\"@id\":\"https:\/\/kidshouse.cz\/#website\"},\"datePublished\":\"2023-11-19T23:01:00+00:00\",\"dateModified\":\"2023-11-22T00:13:29+00:00\",\"description\":\"Disney a Pixar p\u0159ich\u00e1zej\u00ed se zcela nov\u00fdmi emocemi v traileru k animovan\u00e9mu filmu V\u00a0hlav\u011b 2. Budeme si na n\u011bj ale je\u0161t\u011b muset po\u010dkat a\u017e do 13. \u010dervna 2024, kdy se p\u0159edstav\u00ed v \u010cesk\u00fdch kinech!\",\"breadcrumb\":{\"@id\":\"https:\/\/kidshouse.cz\/index.php\/2023\/11\/20\/disney-a-pixar-predstavuje-prvni-trailer-k-animovanemu-filmu-v-hlave-2-2\/#breadcrumb\"},\"inLanguage\":\"cs\",\"potentialAction\":[{\"@type\":\"ReadAction\",\"target\":[\"https:\/\/kidshouse.cz\/index.php\/2023\/11\/20\/disney-a-pixar-predstavuje-prvni-trailer-k-animovanemu-filmu-v-hlave-2-2\/\"]}]},{\"@type\":\"BreadcrumbList\",\"@id\":\"https:\/\/kidshouse.cz\/index.php\/2023\/11\/20\/disney-a-pixar-predstavuje-prvni-trailer-k-animovanemu-filmu-v-hlave-2-2\/#breadcrumb\",\"itemListElement\":[{\"@type\":\"ListItem\",\"position\":1,\"name\":\"Dom\u016f\",\"item\":\"https:\/\/kidshouse.cz\/\"},{\"@type\":\"ListItem\",\"position\":2,\"name\":\"Disney a Pixar p\u0159edstavuje prvn\u00ed trailer k animovan\u00e9mu filmu V HLAV\u011a 2\"}]},{\"@type\":\"WebSite\",\"@id\":\"https:\/\/kidshouse.cz\/#website\",\"url\":\"https:\/\/kidshouse.cz\/\",\"name\":\"KIDSHOUSE.cz\",\"description\":\"Port\u00e1l pro d\u011bti a jejich rodi\u010de...\",\"publisher\":{\"@id\":\"https:\/\/kidshouse.cz\/#organization\"},\"potentialAction\":[{\"@type\":\"SearchAction\",\"target\":{\"@type\":\"EntryPoint\",\"urlTemplate\":\"https:\/\/kidshouse.cz\/?s={search_term_string}\"},\"query-input\":\"required name=search_term_string\"}],\"inLanguage\":\"cs\"},{\"@type\":\"Organization\",\"@id\":\"https:\/\/kidshouse.cz\/#organization\",\"name\":\"KIDSHOUSE.cz\",\"url\":\"https:\/\/kidshouse.cz\/\",\"logo\":{\"@type\":\"ImageObject\",\"inLanguage\":\"cs\",\"@id\":\"https:\/\/kidshouse.cz\/#\/schema\/logo\/image\/\",\"url\":\"https:\/\/kidshouse.cz\/wp-content\/uploads\/2020\/06\/Logo_KIDSHOUSE_2.jpg\",\"contentUrl\":\"https:\/\/kidshouse.cz\/wp-content\/uploads\/2020\/06\/Logo_KIDSHOUSE_2.jpg\",\"width\":996,\"height\":357,\"caption\":\"KIDSHOUSE.cz\"},\"image\":{\"@id\":\"https:\/\/kidshouse.cz\/#\/schema\/logo\/image\/\"}},{\"@type\":\"Person\",\"@id\":\"https:\/\/kidshouse.cz\/#\/schema\/person\/a5afba4610b78f4b36768d101e412526\",\"name\":\"Jolana Hol\u00e1\u0148ov\u00e1\",\"image\":{\"@type\":\"ImageObject\",\"inLanguage\":\"cs\",\"@id\":\"https:\/\/kidshouse.cz\/#\/schema\/person\/image\/\",\"url\":\"https:\/\/secure.gravatar.com\/avatar\/5863c504ed89cd419ff3a5e812c722ff?s=96&d=mm&r=g\",\"contentUrl\":\"https:\/\/secure.gravatar.com\/avatar\/5863c504ed89cd419ff3a5e812c722ff?s=96&d=mm&r=g\",\"caption\":\"Jolana Hol\u00e1\u0148ov\u00e1\"},\"sameAs\":[\"http:\/\/www.kidshouse.cz\"],\"url\":\"https:\/\/kidshouse.cz\/index.php\/author\/jolhol\/\"}]}<\/script>\n<!-- \/ Yoast SEO plugin. -->","yoast_head_json":{"title":"Disney a Pixar p\u0159edstavuje prvn\u00ed trailer k animovan\u00e9mu filmu V HLAV\u011a 2 - KIDSHOUSE.cz","description":"Disney a Pixar p\u0159ich\u00e1zej\u00ed se zcela nov\u00fdmi emocemi v traileru k animovan\u00e9mu filmu V\u00a0hlav\u011b 2. Budeme si na n\u011bj ale je\u0161t\u011b muset po\u010dkat a\u017e do 13. \u010dervna 2024, kdy se p\u0159edstav\u00ed v \u010cesk\u00fdch kinech!","robots":{"index":"index","follow":"follow","max-snippet":"max-snippet:-1","max-image-preview":"max-image-preview:large","max-video-preview":"max-video-preview:-1"},"canonical":"https:\/\/kidshouse.cz\/index.php\/2023\/11\/20\/disney-a-pixar-predstavuje-prvni-trailer-k-animovanemu-filmu-v-hlave-2-2\/","og_locale":"cs_CZ","og_type":"article","og_title":"Disney a Pixar p\u0159edstavuje prvn\u00ed trailer k animovan\u00e9mu filmu V HLAV\u011a 2 - KIDSHOUSE.cz","og_description":"Disney a Pixar p\u0159ich\u00e1zej\u00ed se zcela nov\u00fdmi emocemi v traileru k animovan\u00e9mu filmu V\u00a0hlav\u011b 2. Budeme si na n\u011bj ale je\u0161t\u011b muset po\u010dkat a\u017e do 13. \u010dervna 2024, kdy se p\u0159edstav\u00ed v \u010cesk\u00fdch kinech!","og_url":"https:\/\/kidshouse.cz\/index.php\/2023\/11\/20\/disney-a-pixar-predstavuje-prvni-trailer-k-animovanemu-filmu-v-hlave-2-2\/","og_site_name":"KIDSHOUSE.cz","article_published_time":"2023-11-19T23:01:00+00:00","article_modified_time":"2023-11-22T00:13:29+00:00","og_image":[{"width":994,"height":662,"url":"https:\/\/kidshouse.cz\/wp-content\/uploads\/2023\/11\/HARBOR_TEASER_POSTER_CZECH-REPUBLIC.jpg","type":"image\/jpeg"}],"author":"Jolana Hol\u00e1\u0148ov\u00e1","twitter_card":"summary_large_image","twitter_misc":{"Napsal(a)":"Jolana Hol\u00e1\u0148ov\u00e1","Odhadovan\u00e1 doba \u010dten\u00ed":"3 minuty"},"schema":{"@context":"https:\/\/schema.org","@graph":[{"@type":"Article","@id":"https:\/\/kidshouse.cz\/index.php\/2023\/11\/20\/disney-a-pixar-predstavuje-prvni-trailer-k-animovanemu-filmu-v-hlave-2-2\/#article","isPartOf":{"@id":"https:\/\/kidshouse.cz\/index.php\/2023\/11\/20\/disney-a-pixar-predstavuje-prvni-trailer-k-animovanemu-filmu-v-hlave-2-2\/"},"author":{"name":"Jolana Hol\u00e1\u0148ov\u00e1","@id":"https:\/\/kidshouse.cz\/#\/schema\/person\/a5afba4610b78f4b36768d101e412526"},"headline":"Disney a Pixar p\u0159edstavuje prvn\u00ed trailer k animovan\u00e9mu filmu V HLAV\u011a 2","datePublished":"2023-11-19T23:01:00+00:00","dateModified":"2023-11-22T00:13:29+00:00","mainEntityOfPage":{"@id":"https:\/\/kidshouse.cz\/index.php\/2023\/11\/20\/disney-a-pixar-predstavuje-prvni-trailer-k-animovanemu-filmu-v-hlave-2-2\/"},"wordCount":222,"publisher":{"@id":"https:\/\/kidshouse.cz\/#organization"},"articleSection":["FILMY a KINO","NEWS","POH\u00c1DKY","PRO NEJMEN\u0160\u00cd","TIPY"],"inLanguage":"cs"},{"@type":"WebPage","@id":"https:\/\/kidshouse.cz\/index.php\/2023\/11\/20\/disney-a-pixar-predstavuje-prvni-trailer-k-animovanemu-filmu-v-hlave-2-2\/","url":"https:\/\/kidshouse.cz\/index.php\/2023\/11\/20\/disney-a-pixar-predstavuje-prvni-trailer-k-animovanemu-filmu-v-hlave-2-2\/","name":"Disney a Pixar p\u0159edstavuje prvn\u00ed trailer k animovan\u00e9mu filmu V HLAV\u011a 2 - KIDSHOUSE.cz","isPartOf":{"@id":"https:\/\/kidshouse.cz\/#website"},"datePublished":"2023-11-19T23:01:00+00:00","dateModified":"2023-11-22T00:13:29+00:00","description":"Disney a Pixar p\u0159ich\u00e1zej\u00ed se zcela nov\u00fdmi emocemi v traileru k animovan\u00e9mu filmu V\u00a0hlav\u011b 2. Budeme si na n\u011bj ale je\u0161t\u011b muset po\u010dkat a\u017e do 13. \u010dervna 2024, kdy se p\u0159edstav\u00ed v \u010cesk\u00fdch kinech!","breadcrumb":{"@id":"https:\/\/kidshouse.cz\/index.php\/2023\/11\/20\/disney-a-pixar-predstavuje-prvni-trailer-k-animovanemu-filmu-v-hlave-2-2\/#breadcrumb"},"inLanguage":"cs","potentialAction":[{"@type":"ReadAction","target":["https:\/\/kidshouse.cz\/index.php\/2023\/11\/20\/disney-a-pixar-predstavuje-prvni-trailer-k-animovanemu-filmu-v-hlave-2-2\/"]}]},{"@type":"BreadcrumbList","@id":"https:\/\/kidshouse.cz\/index.php\/2023\/11\/20\/disney-a-pixar-predstavuje-prvni-trailer-k-animovanemu-filmu-v-hlave-2-2\/#breadcrumb","itemListElement":[{"@type":"ListItem","position":1,"name":"Dom\u016f","item":"https:\/\/kidshouse.cz\/"},{"@type":"ListItem","position":2,"name":"Disney a Pixar p\u0159edstavuje prvn\u00ed trailer k animovan\u00e9mu filmu V HLAV\u011a 2"}]},{"@type":"WebSite","@id":"https:\/\/kidshouse.cz\/#website","url":"https:\/\/kidshouse.cz\/","name":"KIDSHOUSE.cz","description":"Port\u00e1l pro d\u011bti a jejich rodi\u010de...","publisher":{"@id":"https:\/\/kidshouse.cz\/#organization"},"potentialAction":[{"@type":"SearchAction","target":{"@type":"EntryPoint","urlTemplate":"https:\/\/kidshouse.cz\/?s={search_term_string}"},"query-input":"required name=search_term_string"}],"inLanguage":"cs"},{"@type":"Organization","@id":"https:\/\/kidshouse.cz\/#organization","name":"KIDSHOUSE.cz","url":"https:\/\/kidshouse.cz\/","logo":{"@type":"ImageObject","inLanguage":"cs","@id":"https:\/\/kidshouse.cz\/#\/schema\/logo\/image\/","url":"https:\/\/kidshouse.cz\/wp-content\/uploads\/2020\/06\/Logo_KIDSHOUSE_2.jpg","contentUrl":"https:\/\/kidshouse.cz\/wp-content\/uploads\/2020\/06\/Logo_KIDSHOUSE_2.jpg","width":996,"height":357,"caption":"KIDSHOUSE.cz"},"image":{"@id":"https:\/\/kidshouse.cz\/#\/schema\/logo\/image\/"}},{"@type":"Person","@id":"https:\/\/kidshouse.cz\/#\/schema\/person\/a5afba4610b78f4b36768d101e412526","name":"Jolana Hol\u00e1\u0148ov\u00e1","image":{"@type":"ImageObject","inLanguage":"cs","@id":"https:\/\/kidshouse.cz\/#\/schema\/person\/image\/","url":"https:\/\/secure.gravatar.com\/avatar\/5863c504ed89cd419ff3a5e812c722ff?s=96&d=mm&r=g","contentUrl":"https:\/\/secure.gravatar.com\/avatar\/5863c504ed89cd419ff3a5e812c722ff?s=96&d=mm&r=g","caption":"Jolana Hol\u00e1\u0148ov\u00e1"},"sameAs":["http:\/\/www.kidshouse.cz"],"url":"https:\/\/kidshouse.cz\/index.php\/author\/jolhol\/"}]}},"_links":{"self":[{"href":"https:\/\/kidshouse.cz\/index.php\/wp-json\/wp\/v2\/posts\/4771"}],"collection":[{"href":"https:\/\/kidshouse.cz\/index.php\/wp-json\/wp\/v2\/posts"}],"about":[{"href":"https:\/\/kidshouse.cz\/index.php\/wp-json\/wp\/v2\/types\/post"}],"author":[{"embeddable":true,"href":"https:\/\/kidshouse.cz\/index.php\/wp-json\/wp\/v2\/users\/3"}],"replies":[{"embeddable":true,"href":"https:\/\/kidshouse.cz\/index.php\/wp-json\/wp\/v2\/comments?post=4771"}],"version-history":[{"count":2,"href":"https:\/\/kidshouse.cz\/index.php\/wp-json\/wp\/v2\/posts\/4771\/revisions"}],"predecessor-version":[{"id":4811,"href":"https:\/\/kidshouse.cz\/index.php\/wp-json\/wp\/v2\/posts\/4771\/revisions\/4811"}],"wp:featuredmedia":[{"embeddable":true,"href":"https:\/\/kidshouse.cz\/index.php\/wp-json\/wp\/v2\/media\/4772"}],"wp:attachment":[{"href":"https:\/\/kidshouse.cz\/index.php\/wp-json\/wp\/v2\/media?parent=4771"}],"wp:term":[{"taxonomy":"category","embeddable":true,"href":"https:\/\/kidshouse.cz\/index.php\/wp-json\/wp\/v2\/categories?post=4771"},{"taxonomy":"post_tag","embeddable":true,"href":"https:\/\/kidshouse.cz\/index.php\/wp-json\/wp\/v2\/tags?post=4771"}],"curies":[{"name":"wp","href":"https:\/\/api.w.org\/{rel}","templated":true}]}}