{"id":4898,"date":"2023-12-22T00:01:00","date_gmt":"2023-12-21T23:01:00","guid":{"rendered":"https:\/\/kidshouse.cz\/?p=4898"},"modified":"2023-12-26T22:17:59","modified_gmt":"2023-12-26T21:17:59","slug":"vanoce-a-novy-rok-v-zoo-praha-vstup-pro-deti-za-korunu-a-nadilka-u-zvirat","status":"publish","type":"post","link":"https:\/\/kidshouse.cz\/index.php\/2023\/12\/22\/vanoce-a-novy-rok-v-zoo-praha-vstup-pro-deti-za-korunu-a-nadilka-u-zvirat\/","title":{"rendered":"V\u00e1noce a Nov\u00fd rok v\u00a0Zoo Praha: vstup pro d\u011bti\u00a0za\u00a0korunu a nad\u00edlka u zv\u00ed\u0159at"},"content":{"rendered":"\n<div style=\"height:40px\" aria-hidden=\"true\" class=\"wp-block-spacer\"><\/div>\n\n\n\n<p><strong>Na \u0160t\u011bdr\u00fd den a oba v\u00e1no\u010dn\u00ed sv\u00e1tky budou m\u00edt d\u011bti do 15 let vstup do&nbsp;Zoo&nbsp;Praha za 1 K\u010d. Na Nov\u00fd rok potom v\u0161ichni Pra\u017ean\u00e9 \u2013 prok\u00e1zat se budou moci kartou \u010di aplikac\u00ed L\u00edta\u010dka. Po\u010d\u00ednaje dne\u0161kem a\u017e&nbsp;do&nbsp;26.&nbsp;prosince mohou lid\u00e9 nosit zv\u00ed\u0159at\u016fm jedl\u00e9 d\u00e1rky. V\u00edtan\u00e1 jsou jablka, mrkev \u010di neslazen\u00e9 such\u00e9 pe\u010divo. Mezi sv\u00e1tky se mohou n\u00e1v\u0161t\u011bvn\u00edci pra\u017esk\u00e9 zoo t\u011b\u0161it tak\u00e9 na tradi\u010dn\u00ed nad\u00edlku u&nbsp;zv\u00ed\u0159at \u2013&nbsp;od&nbsp;27.&nbsp;do&nbsp;29.&nbsp;prosince budou vybran\u00e9 druhy dost\u00e1vat neprodan\u00e9 v\u00e1no\u010dn\u00ed stromky. Jak si s nimi porad\u00ed gorily, sloni nebo t\u0159eba papou\u0161ci?<\/strong><\/p>\n\n\n\n<div style=\"height:40px\" aria-hidden=\"true\" class=\"wp-block-spacer\"><\/div>\n\n\n<div class=\"wp-block-image\">\n<figure class=\"aligncenter size-full\"><img loading=\"lazy\" decoding=\"async\" width=\"1000\" height=\"562\" src=\"https:\/\/kidshouse.cz\/wp-content\/uploads\/2023\/12\/Z50_8311_export.jpg\" alt=\"V\u00e1noce a Nov\u00fd rok v\u00a0Zoo Praha\" class=\"wp-image-4900\" srcset=\"https:\/\/kidshouse.cz\/wp-content\/uploads\/2023\/12\/Z50_8311_export.jpg 1000w, https:\/\/kidshouse.cz\/wp-content\/uploads\/2023\/12\/Z50_8311_export-300x169.jpg 300w, https:\/\/kidshouse.cz\/wp-content\/uploads\/2023\/12\/Z50_8311_export-768x432.jpg 768w\" sizes=\"(max-width: 1000px) 100vw, 1000px\" \/><\/figure><\/div>\n\n\n<div style=\"height:40px\" aria-hidden=\"true\" class=\"wp-block-spacer\"><\/div>\n\n\n\n<h3 class=\"wp-block-heading\">Otev\u00edrac\u00ed doba:<\/h3>\n\n\n\n<p><strong>24. prosince<\/strong>&nbsp;je otev\u0159eno&nbsp;<strong>do 14.00<\/strong>, v are\u00e1lu se m\u016f\u017eete proch\u00e1zet a\u017e do 16.00.&nbsp;<\/p>\n\n\n\n<p><strong>25. a 26. prosince<\/strong>&nbsp; jsou v\u0161echny vchody otev\u0159eny&nbsp;<strong>do 15.30<\/strong>.<\/p>\n\n\n\n<p>Ve v\u0161edn\u00ed dny jsou hlavn\u00ed vchod a vchod Sklen\u00e1\u0159ka otev\u0159eny do 15.30, severn\u00ed a ji\u017en\u00ed vchody jsou otev\u0159eny do 14.00.<\/p>\n\n\n\n<p><strong>Ve dnech 24., 25. a 26. prosince budou m\u00edt d\u011bti do 15 let vstup do zoo za 1 K\u010d.<\/strong><\/p>\n\n\n\n<h3 class=\"wp-block-heading\">17. 12. Betl\u00e9msk\u00e9 sv\u011btlo v Zoo Praha<\/h3>\n\n\n\n<p>Skauti p\u0159inesou do Zoo Praha Betl\u00e9msk\u00e9 sv\u011btlo, kter\u00e9 bude pro n\u00e1v\u0161t\u011bvn\u00edky a\u017e do \u0160t\u011bdr\u00e9ho dne k dispozici u hlavn\u00edho vchodu.<\/p>\n\n\n\n<h3 class=\"wp-block-heading\">18. a\u017e 26. 12. Mo\u017enost nosit jedl\u00e9 d\u00e1rky<\/h3>\n\n\n\n<p>Chcete don\u00e9st zv\u00ed\u0159at\u016fm jedl\u00e9 v\u00e1no\u010dn\u00ed d\u00e1rky? Uv\u00edtali bychom zejm\u00e9na jablka, mrkev, p\u0159\u00edpadn\u011b nesladk\u00e9 such\u00e9 pe\u010divo. Naopak ur\u010dit\u011b nevyu\u017eijeme ka\u0161tany, sal\u00e1ty, tropick\u00e9 ovoce, zrniny, maso, kosti apod. Jedl\u00e9 d\u00e1rky vyb\u00edr\u00e1me od 18. do 26. prosince u hlavn\u00edho vchodu do zoo a m\u016f\u017eete se t\u011b\u0161it i na drobn\u00fd d\u00e1re\u010dek.<\/p>\n\n\n\n<div style=\"height:40px\" aria-hidden=\"true\" class=\"wp-block-spacer\"><\/div>\n\n\n<div class=\"wp-block-image\">\n<figure class=\"aligncenter size-large\"><img loading=\"lazy\" decoding=\"async\" width=\"1024\" height=\"683\" src=\"https:\/\/kidshouse.cz\/wp-content\/uploads\/2023\/12\/Foto-4_Z07_4551_export-1024x683.jpg\" alt=\"V\u00e1noce a Nov\u00fd rok v\u00a0Zoo Praha\" class=\"wp-image-4902\" srcset=\"https:\/\/kidshouse.cz\/wp-content\/uploads\/2023\/12\/Foto-4_Z07_4551_export-1024x683.jpg 1024w, https:\/\/kidshouse.cz\/wp-content\/uploads\/2023\/12\/Foto-4_Z07_4551_export-300x200.jpg 300w, https:\/\/kidshouse.cz\/wp-content\/uploads\/2023\/12\/Foto-4_Z07_4551_export-768x512.jpg 768w, https:\/\/kidshouse.cz\/wp-content\/uploads\/2023\/12\/Foto-4_Z07_4551_export-1536x1024.jpg 1536w, https:\/\/kidshouse.cz\/wp-content\/uploads\/2023\/12\/Foto-4_Z07_4551_export-2048x1366.jpg 2048w\" sizes=\"(max-width: 1024px) 100vw, 1024px\" \/><\/figure><\/div>\n\n\n<div style=\"height:40px\" aria-hidden=\"true\" class=\"wp-block-spacer\"><\/div>\n\n\n\n<h3 class=\"wp-block-heading\">24. 12. \u0160t\u011bdr\u00fd den v Zoo Praha<\/h3>\n\n\n\n<p><strong>V\u00e1no\u010dn\u00ed koulov\u00e1n\u00ed \u2013 pozorujte, jak si zv\u00ed\u0159ata porad\u00ed s v\u00e1no\u010dn\u00edmi prout\u011bn\u00fdmi koulemi.<\/strong><\/p>\n\n\n\n<ul>\n<li>&nbsp; 9:30 \u2013 tayry \u2013&nbsp;<em>Nap\u0159\u00ed\u010d kontinenty<\/em><\/li>\n\n\n\n<li>10:00 \u2013 psi pralesn\u00ed \u2013&nbsp;<em>Nap\u0159\u00ed\u010d kontinenty<\/em><\/li>\n\n\n\n<li>10:30 \u2013 medojedi \u2013&nbsp;<em>Afrika zbl\u00edzka<\/em><\/li>\n\n\n\n<li>10:30 \u2013 gorily \u2013&nbsp;<em>Centrum M\u00e9fou<\/em><\/li>\n\n\n\n<li>13:30 \u2013 nesto\u0159i \u2013&nbsp;<em>R\u00e1kos\u016fv pavilon<\/em><\/li>\n<\/ul>\n\n\n\n<p><strong>10.00\u201313.30 V\u00e1no\u010dn\u00ed komentovan\u00e1 krmen\u00ed a setk\u00e1n\u00ed<\/strong><\/p>\n\n\n\n<ul>\n<li>10.00 krmen\u00ed hrab\u00e1\u010d\u016f \u2013&nbsp;<em>Africk\u00fd d\u016fm<\/em><\/li>\n\n\n\n<li>10.30 krmen\u00ed klokan\u016f obrovsk\u00fdch a klokan\u016f rudokrk\u00fdch \u2013&nbsp;<em>Darwin\u016fv kr\u00e1ter<\/em><\/li>\n\n\n\n<li>11.00 krmen\u00ed tu\u010d\u0148\u00e1k\u016f \u2013&nbsp;<em>Pavilon tu\u010d\u0148\u00e1k\u016f<\/em><\/li>\n\n\n\n<li>11.00 setk\u00e1n\u00ed u ko\u010dkodan\u016f \u2013&nbsp;<em>Rezervace Dja<\/em><\/li>\n\n\n\n<li>11.15 setk\u00e1n\u00ed u \u0161t\u011btkoun\u016f \u2013&nbsp;<em>Rezervace Dja<\/em><\/li>\n\n\n\n<li>12.30 setk\u00e1n\u00ed u \u017eiraf \u2013&nbsp;<em>Africk\u00fd d\u016fm<\/em><\/li>\n\n\n\n<li>13.15 setk\u00e1n\u00ed u slon\u016f \u2013&nbsp;<em>\u00dadol\u00ed slon\u016f<\/em><\/li>\n\n\n\n<li>13.30 tr\u00e9nink lachtan\u016f \u2013&nbsp;<em>expozice lachtan\u016f<\/em><\/li>\n<\/ul>\n\n\n\n<p>D\u011bti do 15 let maj\u00ed 24.\u201326. prosince vstup do zoo za symbolickou 1 K\u010d.<\/p>\n\n\n\n<h3 class=\"wp-block-heading\">25. 12. Prvn\u00ed sv\u00e1tek v\u00e1no\u010dn\u00ed v Zoo Praha<\/h3>\n\n\n\n<p><strong>V\u00e1no\u010dn\u00ed koulov\u00e1n\u00ed \u2013 pozorujte, jak si zv\u00ed\u0159ata porad\u00ed s v\u00e1no\u010dn\u00edmi prout\u011bn\u00fdmi koulemi.<\/strong><\/p>\n\n\n\n<ul>\n<li>&nbsp; 9:30 \u2013 psi u\u0161at\u00ed \u2013<em>&nbsp;Afrika zbl\u00edzka<\/em><\/li>\n\n\n\n<li>10:00 \u2013 vydry severoamerick\u00e9 \u2013&nbsp;<em>Nap\u0159\u00ed\u010d kontinenty<\/em><\/li>\n\n\n\n<li>10:30 \u2013 medojedi \u2013<em>&nbsp;Afrika zbl\u00edzka<\/em><\/li>\n\n\n\n<li>13:30 \u2013 nesto\u0159i&nbsp;\u2013&nbsp;<em>R\u00e1kos\u016fv pavilon<\/em><\/li>\n<\/ul>\n\n\n\n<p><strong>10.00\u201315.30 V\u00e1no\u010dn\u011b lad\u011bn\u00e1 komentovan\u00e1 krmen\u00ed a setk\u00e1n\u00ed<\/strong><\/p>\n\n\n\n<ul>\n<li>10.00 krmen\u00ed hrab\u00e1\u010d\u016f&nbsp;\u2013&nbsp;<em>Africk\u00fd d\u016fm<\/em><\/li>\n\n\n\n<li>10.30 krmen\u00ed klokan\u016f obrovsk\u00fdch a klokan\u016f rudokrk\u00fdch \u2013&nbsp;<em>Darwin\u016fv kr\u00e1ter<\/em><\/li>\n\n\n\n<li>11.00 krmen\u00ed tu\u010d\u0148\u00e1k\u016f \u2013&nbsp;<em>Pavilon tu\u010d\u0148\u00e1k\u016f<\/em><\/li>\n\n\n\n<li>11.00 setk\u00e1n\u00ed u ko\u010dkodan\u016f \u2013&nbsp;<em>Rezervace Dja<\/em><\/li>\n\n\n\n<li>11.15 setk\u00e1n\u00ed u \u0161t\u011btkoun\u016f \u2013&nbsp;<em>Rezervace Dja<\/em><\/li>\n\n\n\n<li>12.30 setk\u00e1n\u00ed u \u017eiraf \u2013&nbsp;<em>Africk\u00fd d\u016fm<\/em><\/li>\n\n\n\n<li>13.15 setk\u00e1n\u00ed u slon\u016f \u2013&nbsp;<em>\u00dadol\u00ed slon\u016f<\/em><\/li>\n\n\n\n<li>14.00 krmen\u00ed vombat\u016f \u2013&nbsp;<em>Darwin\u016fv kr\u00e1ter<\/em><\/li>\n\n\n\n<li>14.30 setk\u00e1n\u00ed u \u010f\u00e1bl\u016f medv\u011bdovit\u00fdch \u2013&nbsp;<em>Darwin\u016fv kr\u00e1ter<\/em><\/li>\n\n\n\n<li>15.30 krmen\u00ed luskoun\u016f \u2013&nbsp;<em>Indon\u00e9sk\u00e1 d\u017eungle<\/em><\/li>\n<\/ul>\n\n\n\n<p><strong>10.00, 13.00, 15.00 Sv\u00e1te\u010dn\u00ed prohl\u00eddky Rezervace Dja<\/strong><\/p>\n\n\n\n<p>Vychutnejte si sv\u00e1tky v tropick\u00e9m de\u0161tn\u00e9m lese! Prohl\u00eddky jsou zdarma k platn\u00e9 vstupence do zoo. Sraz s pr\u016fvodcem u Toulav\u00e9ho autobusu p\u0159ed vstupem do Rezervace Dja.<\/p>\n\n\n\n<p>D\u011bti do 15 let maj\u00ed 24.\u201326. prosince vstup do zoo za symbolickou 1 K\u010d.&nbsp;<\/p>\n\n\n\n<div style=\"height:40px\" aria-hidden=\"true\" class=\"wp-block-spacer\"><\/div>\n\n\n<div class=\"wp-block-image\">\n<figure class=\"aligncenter size-large\"><img loading=\"lazy\" decoding=\"async\" width=\"1024\" height=\"683\" src=\"https:\/\/kidshouse.cz\/wp-content\/uploads\/2023\/12\/Foto-2_DSC08559_export-1024x683.jpg\" alt=\"V\u00e1noce a Nov\u00fd rok v\u00a0Zoo Praha\" class=\"wp-image-4901\" srcset=\"https:\/\/kidshouse.cz\/wp-content\/uploads\/2023\/12\/Foto-2_DSC08559_export-1024x683.jpg 1024w, https:\/\/kidshouse.cz\/wp-content\/uploads\/2023\/12\/Foto-2_DSC08559_export-300x200.jpg 300w, https:\/\/kidshouse.cz\/wp-content\/uploads\/2023\/12\/Foto-2_DSC08559_export-768x512.jpg 768w, https:\/\/kidshouse.cz\/wp-content\/uploads\/2023\/12\/Foto-2_DSC08559_export-1536x1024.jpg 1536w, https:\/\/kidshouse.cz\/wp-content\/uploads\/2023\/12\/Foto-2_DSC08559_export-2048x1366.jpg 2048w\" sizes=\"(max-width: 1024px) 100vw, 1024px\" \/><\/figure><\/div>\n\n\n<div style=\"height:40px\" aria-hidden=\"true\" class=\"wp-block-spacer\"><\/div>\n\n\n\n<h3 class=\"wp-block-heading\">26. 12. Druh\u00fd sv\u00e1tek v\u00e1no\u010dn\u00ed v Zoo Praha<\/h3>\n\n\n\n<p><strong>V\u00e1no\u010dn\u00ed koulov\u00e1n\u00ed&nbsp;\u2013 pozorujte, jak si zv\u00ed\u0159ata porad\u00ed s v\u00e1no\u010dn\u00edmi prout\u011bn\u00fdmi koulemi.<\/strong><\/p>\n\n\n\n<ul>\n<li>11:00 \u2013 ch\u00e1pani \u2013&nbsp;<em>Vodn\u00ed sv\u011bt a opi\u010d\u00ed ostrovy<\/em><\/li>\n\n\n\n<li>12:30 \u2013 k\u0159e\u010dek velk\u00fd \u2013&nbsp;<em>Afrika zbl\u00edzka<\/em><\/li>\n\n\n\n<li>12:45 \u2013 komby Garnettovy a mangusty trpasli\u010d\u00ed \u2013&nbsp;<em>Afrika zbl\u00edzka<\/em><\/li>\n\n\n\n<li>13:30 \u2013 nesto\u0159i \u2013&nbsp;<em>R\u00e1kos\u016fv pavilon<\/em><\/li>\n<\/ul>\n\n\n\n<p><strong>10.00\u201315.30 V\u00e1no\u010dn\u011b lad\u011bn\u00e1 komentovan\u00e1 krmen\u00ed a setk\u00e1n\u00ed<\/strong><\/p>\n\n\n\n<ul>\n<li>10.00 krmen\u00ed hrab\u00e1\u010d\u016f&nbsp;\u2013&nbsp;<em>Africk\u00fd d\u016fm<\/em><\/li>\n\n\n\n<li>10.30 krmen\u00ed klokan\u016f obrovsk\u00fdch a klokan\u016f rudokrk\u00fdch \u2013&nbsp;<em>Darwin\u016fv kr\u00e1ter<\/em><\/li>\n\n\n\n<li>11.00 krmen\u00ed tu\u010d\u0148\u00e1k\u016f \u2013&nbsp;<em>Pavilon tu\u010d\u0148\u00e1k\u016f<\/em><\/li>\n\n\n\n<li>11.00 setk\u00e1n\u00ed u ko\u010dkodan\u016f \u2013&nbsp;<em>Rezervace Dja<\/em><\/li>\n\n\n\n<li>11.15 setk\u00e1n\u00ed u \u0161t\u011btkoun\u016f \u2013&nbsp;<em>Rezervace Dja<\/em><\/li>\n\n\n\n<li>12.30 setk\u00e1n\u00ed u \u017eiraf \u2013&nbsp;<em>Africk\u00fd d\u016fm<\/em><\/li>\n\n\n\n<li>13.00 setk\u00e1n\u00ed u velk\u00fdch \u017eelv \u2013&nbsp;<em>Pavilon velk\u00fdch \u017eelv<\/em><\/li>\n\n\n\n<li>13.15 setk\u00e1n\u00ed u slon\u016f \u2013&nbsp;<em>\u00dadol\u00ed slon\u016f<\/em><\/li>\n\n\n\n<li>14.00 krmen\u00ed vombat\u016f \u2013&nbsp;<em>Darwin\u016fv kr\u00e1ter<\/em><\/li>\n\n\n\n<li>14.30 setk\u00e1n\u00ed u \u010f\u00e1bl\u016f medv\u011bdovit\u00fdch \u2013&nbsp;<em>Darwin\u016fv kr\u00e1ter<\/em><\/li>\n\n\n\n<li>15.30 krmen\u00ed luskoun\u016f \u2013&nbsp;<em>Indon\u00e9sk\u00e1 d\u017eungle<\/em><\/li>\n<\/ul>\n\n\n\n<p><strong>10.00, 13.00, 15.00 Sv\u00e1te\u010dn\u00ed prohl\u00eddky Rezervace Dja<\/strong><\/p>\n\n\n\n<p>Vychutnejte si sv\u00e1tky v tropick\u00e9m de\u0161tn\u00e9m lese! Prohl\u00eddky jsou zdarma k platn\u00e9 vstupence do zoo. Sraz s pr\u016fvodcem u Toulav\u00e9ho autobusu p\u0159ed vstupem do Rezervace Dja.<\/p>\n\n\n\n<p>D\u011bti do 15 let maj\u00ed 24.\u201326. prosince vstup do zoo za symbolickou 1 K\u010d.<\/p>\n\n\n\n<h3 class=\"wp-block-heading\">27. 12. Nad\u00edlka u zv\u00ed\u0159at: komentovan\u00e9 p\u0159ed\u00e1n\u00ed stromk\u016f<\/h3>\n\n\n\n<p><strong>10.30\u201315.00 Komentovan\u00e1 setk\u00e1n\u00ed s p\u0159ed\u00e1n\u00edm stromk\u016f<\/strong><\/p>\n\n\n\n<ul>\n<li>10.30 setk\u00e1n\u00ed u medojed\u016f \u2013&nbsp;<em>Afrika zbl\u00edzka<\/em><\/li>\n\n\n\n<li>12.45 setk\u00e1n\u00ed u levhart\u016f mand\u017eusk\u00fdch \u2013&nbsp;<em>Seversk\u00fd les<\/em><\/li>\n\n\n\n<li>13.15 setk\u00e1n\u00ed u slon\u016f \u2013&nbsp;<em>\u00dadol\u00ed slon\u016f<\/em><\/li>\n\n\n\n<li>14.00 setk\u00e1n\u00ed u \u0161t\u011btkoun\u016f a ko\u010dkodan\u016f \u2013&nbsp;<em>Rezervace Dja<\/em><\/li>\n\n\n\n<li>14.30 setk\u00e1n\u00ed u paovc\u00ed \u2013&nbsp;<em>Skaln\u00ed masiv (hor\u0161t\u00ed kopytn\u00edci)<\/em><\/li>\n\n\n\n<li>15.00 setk\u00e1n\u00ed u ch\u00e1pan\u016f \u2013&nbsp;<em>Vodn\u00ed sv\u011bt a Opi\u010d\u00ed ostrovy<\/em><\/li>\n<\/ul>\n\n\n\n<div style=\"height:40px\" aria-hidden=\"true\" class=\"wp-block-spacer\"><\/div>\n\n\n<div class=\"wp-block-image\">\n<figure class=\"aligncenter size-full\"><img loading=\"lazy\" decoding=\"async\" width=\"1000\" height=\"667\" src=\"https:\/\/kidshouse.cz\/wp-content\/uploads\/2023\/12\/Foto_2_D85_6738_export_re.jpg\" alt=\"V\u00e1noce a Nov\u00fd rok v\u00a0Zoo Praha\" class=\"wp-image-4904\" srcset=\"https:\/\/kidshouse.cz\/wp-content\/uploads\/2023\/12\/Foto_2_D85_6738_export_re.jpg 1000w, https:\/\/kidshouse.cz\/wp-content\/uploads\/2023\/12\/Foto_2_D85_6738_export_re-300x200.jpg 300w, https:\/\/kidshouse.cz\/wp-content\/uploads\/2023\/12\/Foto_2_D85_6738_export_re-768x512.jpg 768w\" sizes=\"(max-width: 1000px) 100vw, 1000px\" \/><\/figure><\/div>\n\n\n<div style=\"height:40px\" aria-hidden=\"true\" class=\"wp-block-spacer\"><\/div>\n\n\n\n<h3 class=\"wp-block-heading\">28. 12. Nad\u00edlka u zv\u00ed\u0159at: komentovan\u00e9 p\u0159ed\u00e1n\u00ed stromk\u016f<\/h3>\n\n\n\n<p><strong>10.30\u201315.00 Komentovan\u00e1 setk\u00e1n\u00ed s p\u0159ed\u00e1n\u00edm stromk\u016f<\/strong><\/p>\n\n\n\n<ul>\n<li>10.30 setk\u00e1n\u00ed u medojed\u016f \u2013&nbsp;<em>Afrika zbl\u00edzka<\/em><\/li>\n\n\n\n<li>11.00 setk\u00e1n\u00ed u vari\u016f b\u011blop\u00e1s\u00fdch \u2013&nbsp;<em>Vodn\u00ed sv\u011bt a&nbsp;Opi\u010d\u00ed ostrovy<\/em><\/li>\n\n\n\n<li>12.45 setk\u00e1n\u00ed u tygr\u016f ussurijsk\u00fdch&nbsp;\u2013&nbsp;<em>Seversk\u00fd les<\/em><\/li>\n\n\n\n<li>13.15 setk\u00e1n\u00ed u slon\u016f&nbsp;\u2013&nbsp;<em>\u00dadol\u00ed slon\u016f<\/em><\/li>\n\n\n\n<li>14.00 setk\u00e1n\u00ed u \u0161t\u011btkoun\u016f a ko\u010dkodan\u016f \u2013&nbsp;<em>Rezervace Dja<\/em><\/li>\n\n\n\n<li>14.30 setk\u00e1n\u00ed u \u010f\u00e1bl\u016f&nbsp;\u2013&nbsp;<em>Darwin\u016fv kr\u00e1ter<\/em><\/li>\n\n\n\n<li>15.00 setk\u00e1n\u00ed u goril&nbsp;\u2013&nbsp;<em>Centrum M\u00e9fou<\/em><\/li>\n<\/ul>\n\n\n\n<h3 class=\"wp-block-heading\">29. 12. Nad\u00edlka u zv\u00ed\u0159at: komentovan\u00e9 p\u0159ed\u00e1n\u00ed stromk\u016f<\/h3>\n\n\n\n<p><strong>10.30\u201315.00 Komentovan\u00e1 setk\u00e1n\u00ed s p\u0159ed\u00e1n\u00edm stromk\u016f<\/strong><\/p>\n\n\n\n<ul>\n<li>10.00 setk\u00e1n\u00ed u nestor\u016f \u2013&nbsp;<em>R\u00e1kos\u016fv pavilon<\/em><\/li>\n\n\n\n<li>10.30 setk\u00e1n\u00ed u medojed\u016f \u2013&nbsp;<em>Afrika zbl\u00edzka<\/em><\/li>\n\n\n\n<li>11.00 setk\u00e1n\u00ed u talapoin\u016f \u2013&nbsp;<em>Rezervace Dja<\/em><\/li>\n\n\n\n<li>12.45 setk\u00e1n\u00ed u hyen \u2013&nbsp;<em>horn\u00ed \u010d\u00e1st zoo naproti \u00dadol\u00ed slon\u016f<\/em><\/li>\n\n\n\n<li>13.15 setk\u00e1n\u00ed u slon\u016f \u2013&nbsp;<em>\u00dadol\u00ed slon\u016f<\/em><\/li>\n\n\n\n<li>14.00 setk\u00e1n\u00ed u \u0161t\u011btkoun\u016f a ko\u010dkodan\u016f \u2013&nbsp;<em>Rezervace Dja<\/em><\/li>\n\n\n\n<li>14.30 setk\u00e1n\u00ed u paovc\u00ed \u2013&nbsp;<em>Hor\u0161t\u00ed kopytn\u00edci<\/em><\/li>\n\n\n\n<li>15.00 setk\u00e1n\u00ed u lemur\u016f kata \u2013\u00a0<em>Ostrov lemur\u016f<\/em><\/li>\n<\/ul>\n\n\n\n<div style=\"height:40px\" aria-hidden=\"true\" class=\"wp-block-spacer\"><\/div>\n\n\n<div class=\"wp-block-image\">\n<figure class=\"aligncenter size-large\"><img loading=\"lazy\" decoding=\"async\" width=\"1024\" height=\"683\" src=\"https:\/\/kidshouse.cz\/wp-content\/uploads\/2023\/12\/Foto-3_DSC08370_export-1024x683.jpg\" alt=\"V\u00e1noce a Nov\u00fd rok v\u00a0Zoo Praha\" class=\"wp-image-4903\" title=\"Neprodan\u00e9 v\u00e1no\u010dn\u00ed stromky nedostanou jen zv\u00ed\u0159ata, kter\u00e1 je zkonzumuj\u00ed. Jako enrichment v podob\u011b hra\u010dky si ho u\u017eije i samec levharta mand\u017eusk\u00e9ho Manchurian. Foto Petr Hamern\u00edk, Zoo Praha\" srcset=\"https:\/\/kidshouse.cz\/wp-content\/uploads\/2023\/12\/Foto-3_DSC08370_export-1024x683.jpg 1024w, https:\/\/kidshouse.cz\/wp-content\/uploads\/2023\/12\/Foto-3_DSC08370_export-300x200.jpg 300w, https:\/\/kidshouse.cz\/wp-content\/uploads\/2023\/12\/Foto-3_DSC08370_export-768x512.jpg 768w, https:\/\/kidshouse.cz\/wp-content\/uploads\/2023\/12\/Foto-3_DSC08370_export-1536x1024.jpg 1536w, https:\/\/kidshouse.cz\/wp-content\/uploads\/2023\/12\/Foto-3_DSC08370_export-2048x1365.jpg 2048w\" sizes=\"(max-width: 1024px) 100vw, 1024px\" \/><\/figure><\/div>\n\n\n<div style=\"height:40px\" aria-hidden=\"true\" class=\"wp-block-spacer\"><\/div>\n\n\n\n<h3 class=\"wp-block-heading\">30. a 31. 12. Komentovan\u00e1 krmen\u00ed a setk\u00e1n\u00ed<\/h3>\n\n\n\n<ul>\n<li>10.00 krmen\u00ed hrab\u00e1\u010d\u016f \u2013&nbsp;<em>Africk\u00fd d\u016fm<\/em><\/li>\n\n\n\n<li>10.30 krmen\u00ed klokan\u016f obrovsk\u00fdch a klokan\u016f rudokrk\u00fdch \u2013&nbsp;<em>Darwin\u016fv kr\u00e1ter<\/em><\/li>\n\n\n\n<li>11.00 krmen\u00ed tu\u010d\u0148\u00e1k\u016f \u2013&nbsp;<em>Pavilon tu\u010d\u0148\u00e1k\u016f<\/em><\/li>\n\n\n\n<li>11.00 setk\u00e1n\u00ed u ko\u010dkodan\u016f \u2013&nbsp;<em>Rezervace Dja<\/em><\/li>\n\n\n\n<li>11.15 setk\u00e1n\u00ed u \u0161t\u011btkoun\u016f \u2013&nbsp;<em>Rezervace Dja<\/em><\/li>\n\n\n\n<li>12.30 setk\u00e1n\u00ed u \u017eiraf \u2013&nbsp;<em>Africk\u00fd d\u016fm<\/em><\/li>\n\n\n\n<li>13.00 setk\u00e1n\u00ed u velk\u00fdch \u017eelv \u2013&nbsp;<em>Pavilon velk\u00fdch \u017eelv<\/em><\/li>\n\n\n\n<li>13.15 setk\u00e1n\u00ed u slon\u016f \u2013&nbsp;<em>\u00dadol\u00ed slon\u016f<\/em><\/li>\n\n\n\n<li>14.00 krmen\u00ed vombat\u016f \u2013&nbsp;<em>Darwin\u016fv kr\u00e1ter<\/em><\/li>\n\n\n\n<li>14.00 setk\u00e1n\u00ed u plaz\u016f \u2013&nbsp;<em>Pavilon ko\u010dkovit\u00fdch \u0161elem a plaz\u016f<\/em><\/li>\n\n\n\n<li>14.30 setk\u00e1n\u00ed u \u010f\u00e1bl\u016f medv\u011bdovit\u00fdch \u2013&nbsp;<em>Darwin\u016fv kr\u00e1ter<\/em><\/li>\n\n\n\n<li>15.30 krmen\u00ed luskoun\u016f \u2013&nbsp;<em>Indon\u00e9sk\u00e1 d\u017eungle<\/em><\/li>\n\n\n\n<li>15.30 krmen\u00ed gavi\u00e1l\u016f indick\u00fdch (pouze v ned\u011bli 31.12.)&nbsp;\u2013&nbsp;<em>\u010cambal<\/em>&nbsp;<\/li>\n<\/ul>\n\n\n\n<h3 class=\"wp-block-heading\">1. 1. Novoro\u010dn\u00ed komentovan\u00e1 krmen\u00ed a setk\u00e1n\u00ed<\/h3>\n\n\n\n<p>Speci\u00e1ln\u00ed komentovan\u00e1 krmen\u00ed budou dopln\u011bna o sout\u011b\u017en\u00ed ot\u00e1zky pro mal\u00e9 n\u00e1v\u0161t\u011bvn\u00edky: po ka\u017ed\u00e9m komentovan\u00e9m krmen\u00ed zazn\u00ed sout\u011b\u017en\u00ed ot\u00e1zka, vych\u00e1zej\u00edc\u00ed z v\u00fdkladu pr\u016fvodce a d\u011bti, kter\u00e9 spr\u00e1vn\u011b odpov\u00ed nebo se alespo\u0148 aktivn\u011b zapoj\u00ed, dostanou drobnou odm\u011bnu.<\/p>\n\n\n\n<ul>\n<li>10.00 krmen\u00ed hrab\u00e1\u010d\u016f \u2013&nbsp;<em>Africk\u00fd d\u016fm<\/em><\/li>\n\n\n\n<li>10.30 krmen\u00ed klokan\u016f obrovsk\u00fdch a klokan\u016f rudokrk\u00fdch \u2013&nbsp;<em>Darwin\u016fv kr\u00e1ter<\/em><\/li>\n\n\n\n<li>11.00 krmen\u00ed tu\u010d\u0148\u00e1k\u016f \u2013&nbsp;<em>Pavilon tu\u010d\u0148\u00e1k\u016f<\/em><\/li>\n\n\n\n<li>11.00 setk\u00e1n\u00ed u ko\u010dkodan\u016f \u2013&nbsp;<em>Rezervace Dja<\/em><\/li>\n\n\n\n<li>11.15 setk\u00e1n\u00ed u \u0161t\u011btkoun\u016f \u2013&nbsp;<em>Rezervace Dja<\/em><\/li>\n\n\n\n<li>12.30 setk\u00e1n\u00ed u \u017eiraf \u2013&nbsp;<em>Africk\u00fd d\u016fm<\/em><\/li>\n\n\n\n<li>13.00 setk\u00e1n\u00ed u velk\u00fdch \u017eelv \u2013&nbsp;<em>Pavilon velk\u00fdch \u017eelv<\/em><\/li>\n\n\n\n<li>13.15 setk\u00e1n\u00ed u slon\u016f \u2013&nbsp;<em>\u00dadol\u00ed slon\u016f<\/em><\/li>\n\n\n\n<li>13.30 uk\u00e1zka tr\u00e9ninku lachtan\u016f&nbsp;\u2013 lachtani&nbsp;<\/li>\n\n\n\n<li>14.00 krmen\u00ed vombat\u016f \u2013&nbsp;<em>Darwin\u016fv kr\u00e1ter<\/em><\/li>\n\n\n\n<li>14.30 setk\u00e1n\u00ed u \u010f\u00e1bl\u016f medv\u011bdovit\u00fdch \u2013&nbsp;<em>Darwin\u016fv kr\u00e1ter<\/em><\/li>\n\n\n\n<li>15.30 krmen\u00ed luskoun\u016f \u2013&nbsp;<em>Indon\u00e9sk\u00e1 d\u017eungle<\/em><\/li>\n<\/ul>\n\n\n\n<div style=\"height:40px\" aria-hidden=\"true\" class=\"wp-block-spacer\"><\/div>\n\n\n\n<div class=\"wp-block-group is-layout-flow wp-block-group-is-layout-flow\"><div class=\"wp-block-group__inner-container\">\n<div class=\"wp-block-group is-layout-flow wp-block-group-is-layout-flow\"><div class=\"wp-block-group__inner-container\">\n<figure class=\"wp-block-gallery aligncenter has-nested-images columns-2 is-cropped wp-block-gallery-1 is-layout-flex wp-block-gallery-is-layout-flex\">\n<figure class=\"wp-block-image size-full\"><img loading=\"lazy\" decoding=\"async\" width=\"1000\" height=\"562\" src=\"https:\/\/kidshouse.cz\/wp-content\/uploads\/2023\/12\/Z50_8311_export.jpg\" alt=\"V\u00e1noce a Nov\u00fd rok v\u00a0Zoo Praha\" class=\"wp-image-4900\" srcset=\"https:\/\/kidshouse.cz\/wp-content\/uploads\/2023\/12\/Z50_8311_export.jpg 1000w, https:\/\/kidshouse.cz\/wp-content\/uploads\/2023\/12\/Z50_8311_export-300x169.jpg 300w, https:\/\/kidshouse.cz\/wp-content\/uploads\/2023\/12\/Z50_8311_export-768x432.jpg 768w\" sizes=\"(max-width: 1000px) 100vw, 1000px\" \/><\/figure>\n\n\n\n<figure class=\"wp-block-image size-large\"><img loading=\"lazy\" decoding=\"async\" width=\"1024\" height=\"683\" src=\"https:\/\/kidshouse.cz\/wp-content\/uploads\/2023\/12\/Foto-4_Z07_4551_export-1024x683.jpg\" alt=\"V\u00e1noce a Nov\u00fd rok v\u00a0Zoo Praha\" class=\"wp-image-4902\" srcset=\"https:\/\/kidshouse.cz\/wp-content\/uploads\/2023\/12\/Foto-4_Z07_4551_export-1024x683.jpg 1024w, https:\/\/kidshouse.cz\/wp-content\/uploads\/2023\/12\/Foto-4_Z07_4551_export-300x200.jpg 300w, https:\/\/kidshouse.cz\/wp-content\/uploads\/2023\/12\/Foto-4_Z07_4551_export-768x512.jpg 768w, https:\/\/kidshouse.cz\/wp-content\/uploads\/2023\/12\/Foto-4_Z07_4551_export-1536x1024.jpg 1536w, https:\/\/kidshouse.cz\/wp-content\/uploads\/2023\/12\/Foto-4_Z07_4551_export-2048x1366.jpg 2048w\" sizes=\"(max-width: 1024px) 100vw, 1024px\" \/><\/figure>\n\n\n\n<figure class=\"wp-block-image size-large\"><img loading=\"lazy\" decoding=\"async\" width=\"1024\" height=\"683\" src=\"https:\/\/kidshouse.cz\/wp-content\/uploads\/2023\/12\/Foto-2_DSC08559_export-1024x683.jpg\" alt=\"V\u00e1noce a Nov\u00fd rok v\u00a0Zoo Praha\" class=\"wp-image-4901\" srcset=\"https:\/\/kidshouse.cz\/wp-content\/uploads\/2023\/12\/Foto-2_DSC08559_export-1024x683.jpg 1024w, https:\/\/kidshouse.cz\/wp-content\/uploads\/2023\/12\/Foto-2_DSC08559_export-300x200.jpg 300w, https:\/\/kidshouse.cz\/wp-content\/uploads\/2023\/12\/Foto-2_DSC08559_export-768x512.jpg 768w, https:\/\/kidshouse.cz\/wp-content\/uploads\/2023\/12\/Foto-2_DSC08559_export-1536x1024.jpg 1536w, https:\/\/kidshouse.cz\/wp-content\/uploads\/2023\/12\/Foto-2_DSC08559_export-2048x1366.jpg 2048w\" sizes=\"(max-width: 1024px) 100vw, 1024px\" \/><figcaption class=\"wp-element-caption\">i<\/figcaption><\/figure>\n\n\n\n<figure class=\"wp-block-image size-full\"><img loading=\"lazy\" decoding=\"async\" width=\"1000\" height=\"667\" src=\"https:\/\/kidshouse.cz\/wp-content\/uploads\/2023\/12\/Foto_2_D85_6738_export_re.jpg\" alt=\"V\u00e1noce a Nov\u00fd rok v\u00a0Zoo Praha\" class=\"wp-image-4904\" srcset=\"https:\/\/kidshouse.cz\/wp-content\/uploads\/2023\/12\/Foto_2_D85_6738_export_re.jpg 1000w, https:\/\/kidshouse.cz\/wp-content\/uploads\/2023\/12\/Foto_2_D85_6738_export_re-300x200.jpg 300w, https:\/\/kidshouse.cz\/wp-content\/uploads\/2023\/12\/Foto_2_D85_6738_export_re-768x512.jpg 768w\" sizes=\"(max-width: 1000px) 100vw, 1000px\" \/><\/figure>\n\n\n\n<figure class=\"wp-block-image size-large\"><img loading=\"lazy\" decoding=\"async\" width=\"1024\" height=\"683\" src=\"https:\/\/kidshouse.cz\/wp-content\/uploads\/2023\/12\/Foto-3_DSC08370_export-1024x683.jpg\" alt=\"V\u00e1noce a Nov\u00fd rok v\u00a0Zoo Praha\" class=\"wp-image-4903\" srcset=\"https:\/\/kidshouse.cz\/wp-content\/uploads\/2023\/12\/Foto-3_DSC08370_export-1024x683.jpg 1024w, https:\/\/kidshouse.cz\/wp-content\/uploads\/2023\/12\/Foto-3_DSC08370_export-300x200.jpg 300w, https:\/\/kidshouse.cz\/wp-content\/uploads\/2023\/12\/Foto-3_DSC08370_export-768x512.jpg 768w, https:\/\/kidshouse.cz\/wp-content\/uploads\/2023\/12\/Foto-3_DSC08370_export-1536x1024.jpg 1536w, https:\/\/kidshouse.cz\/wp-content\/uploads\/2023\/12\/Foto-3_DSC08370_export-2048x1365.jpg 2048w\" sizes=\"(max-width: 1024px) 100vw, 1024px\" \/><\/figure>\n\n\n\n<figure class=\"wp-block-image size-large\"><img loading=\"lazy\" decoding=\"async\" width=\"1024\" height=\"683\" src=\"https:\/\/kidshouse.cz\/wp-content\/uploads\/2023\/12\/Foto-1_DSC08631_export-1024x683.jpg\" alt=\"V\u00e1noce a Nov\u00fd rok v\u00a0Zoo Praha\" class=\"wp-image-4899\" srcset=\"https:\/\/kidshouse.cz\/wp-content\/uploads\/2023\/12\/Foto-1_DSC08631_export-1024x683.jpg 1024w, https:\/\/kidshouse.cz\/wp-content\/uploads\/2023\/12\/Foto-1_DSC08631_export-300x200.jpg 300w, https:\/\/kidshouse.cz\/wp-content\/uploads\/2023\/12\/Foto-1_DSC08631_export-768x512.jpg 768w, https:\/\/kidshouse.cz\/wp-content\/uploads\/2023\/12\/Foto-1_DSC08631_export-1536x1024.jpg 1536w, https:\/\/kidshouse.cz\/wp-content\/uploads\/2023\/12\/Foto-1_DSC08631_export-2048x1366.jpg 2048w\" sizes=\"(max-width: 1024px) 100vw, 1024px\" \/><\/figure>\n<\/figure>\n<\/div><\/div>\n\n\n\n<div style=\"height:40px\" aria-hidden=\"true\" class=\"wp-block-spacer\"><\/div>\n<\/div><\/div>\n\n\n\n<p><strong>Zdroj foto:<\/strong> ZOO Praha<\/p>\n\n\n\n<div style=\"height:40px\" aria-hidden=\"true\" class=\"wp-block-spacer\"><\/div>\n","protected":false},"excerpt":{"rendered":"<p>Na \u0160t\u011bdr\u00fd den a oba v\u00e1no\u010dn\u00ed sv\u00e1tky budou m\u00edt d\u011bti do 15 let vstup do&nbsp;Zoo&nbsp;Praha za 1 K\u010d. Na Nov\u00fd rok potom v\u0161ichni Pra\u017ean\u00e9 \u2013 prok\u00e1zat se budou moci kartou \u010di aplikac\u00ed L\u00edta\u010dka. Po\u010d\u00ednaje&#46;&#46;&#46;<\/p>\n","protected":false},"author":9,"featured_media":4900,"comment_status":"closed","ping_status":"closed","sticky":false,"template":"","format":"standard","meta":{"_monsterinsights_skip_tracking":false,"_monsterinsights_sitenote_active":false,"_monsterinsights_sitenote_note":"","_monsterinsights_sitenote_category":0,"footnotes":""},"categories":[17,4,2,13,9],"tags":[],"yoast_head":"<!-- This site is optimized with the Yoast SEO plugin v21.5 - https:\/\/yoast.com\/wordpress\/plugins\/seo\/ -->\n<title>V\u00e1noce a Nov\u00fd rok v\u00a0Zoo Praha: vstup pro d\u011bti\u00a0za\u00a0korunu a nad\u00edlka u zv\u00ed\u0159at - KIDSHOUSE.cz<\/title>\n<meta name=\"description\" content=\"Mezi sv\u00e1tky se mohou n\u00e1v\u0161t\u011bvn\u00edci pra\u017esk\u00e9 zoo t\u011b\u0161it tak\u00e9 na tradi\u010dn\u00ed nad\u00edlku u\u00a0zv\u00ed\u0159at, vybran\u00e9 druhy budou dost\u00e1vat neprodan\u00e9 v\u00e1no\u010dn\u00ed stromky.\" \/>\n<meta name=\"robots\" content=\"index, follow, max-snippet:-1, max-image-preview:large, max-video-preview:-1\" \/>\n<link rel=\"canonical\" href=\"https:\/\/kidshouse.cz\/index.php\/2023\/12\/22\/vanoce-a-novy-rok-v-zoo-praha-vstup-pro-deti-za-korunu-a-nadilka-u-zvirat\/\" \/>\n<meta property=\"og:locale\" content=\"cs_CZ\" \/>\n<meta property=\"og:type\" content=\"article\" \/>\n<meta property=\"og:title\" content=\"V\u00e1noce a Nov\u00fd rok v\u00a0Zoo Praha: vstup pro d\u011bti\u00a0za\u00a0korunu a nad\u00edlka u zv\u00ed\u0159at - KIDSHOUSE.cz\" \/>\n<meta property=\"og:description\" content=\"Mezi sv\u00e1tky se mohou n\u00e1v\u0161t\u011bvn\u00edci pra\u017esk\u00e9 zoo t\u011b\u0161it tak\u00e9 na tradi\u010dn\u00ed nad\u00edlku u\u00a0zv\u00ed\u0159at, vybran\u00e9 druhy budou dost\u00e1vat neprodan\u00e9 v\u00e1no\u010dn\u00ed stromky.\" \/>\n<meta property=\"og:url\" content=\"https:\/\/kidshouse.cz\/index.php\/2023\/12\/22\/vanoce-a-novy-rok-v-zoo-praha-vstup-pro-deti-za-korunu-a-nadilka-u-zvirat\/\" \/>\n<meta property=\"og:site_name\" content=\"KIDSHOUSE.cz\" \/>\n<meta property=\"article:published_time\" content=\"2023-12-21T23:01:00+00:00\" \/>\n<meta property=\"article:modified_time\" content=\"2023-12-26T21:17:59+00:00\" \/>\n<meta property=\"og:image\" content=\"https:\/\/kidshouse.cz\/wp-content\/uploads\/2023\/12\/Z50_8311_export.jpg\" \/>\n\t<meta property=\"og:image:width\" content=\"1000\" \/>\n\t<meta property=\"og:image:height\" content=\"562\" \/>\n\t<meta property=\"og:image:type\" content=\"image\/jpeg\" \/>\n<meta name=\"author\" content=\"Martina Pechov\u00e1\" \/>\n<meta name=\"twitter:card\" content=\"summary_large_image\" \/>\n<meta name=\"twitter:label1\" content=\"Napsal(a)\" \/>\n\t<meta name=\"twitter:data1\" content=\"Martina Pechov\u00e1\" \/>\n\t<meta name=\"twitter:label2\" content=\"Odhadovan\u00e1 doba \u010dten\u00ed\" \/>\n\t<meta name=\"twitter:data2\" content=\"9 minut\" \/>\n<script type=\"application\/ld+json\" class=\"yoast-schema-graph\">{\"@context\":\"https:\/\/schema.org\",\"@graph\":[{\"@type\":\"Article\",\"@id\":\"https:\/\/kidshouse.cz\/index.php\/2023\/12\/22\/vanoce-a-novy-rok-v-zoo-praha-vstup-pro-deti-za-korunu-a-nadilka-u-zvirat\/#article\",\"isPartOf\":{\"@id\":\"https:\/\/kidshouse.cz\/index.php\/2023\/12\/22\/vanoce-a-novy-rok-v-zoo-praha-vstup-pro-deti-za-korunu-a-nadilka-u-zvirat\/\"},\"author\":{\"name\":\"Martina Pechov\u00e1\",\"@id\":\"https:\/\/kidshouse.cz\/#\/schema\/person\/f0eea6c2eacd40fd22a3dc8c932f263d\"},\"headline\":\"V\u00e1noce a Nov\u00fd rok v\u00a0Zoo Praha: vstup pro d\u011bti\u00a0za\u00a0korunu a nad\u00edlka u zv\u00ed\u0159at\",\"datePublished\":\"2023-12-21T23:01:00+00:00\",\"dateModified\":\"2023-12-26T21:17:59+00:00\",\"mainEntityOfPage\":{\"@id\":\"https:\/\/kidshouse.cz\/index.php\/2023\/12\/22\/vanoce-a-novy-rok-v-zoo-praha-vstup-pro-deti-za-korunu-a-nadilka-u-zvirat\/\"},\"wordCount\":1442,\"publisher\":{\"@id\":\"https:\/\/kidshouse.cz\/#organization\"},\"articleSection\":[\"AKCE\",\"FOTOREPORTY\",\"NEWS\",\"PRO NEJMEN\u0160\u00cd\",\"TIPY\"],\"inLanguage\":\"cs\"},{\"@type\":\"WebPage\",\"@id\":\"https:\/\/kidshouse.cz\/index.php\/2023\/12\/22\/vanoce-a-novy-rok-v-zoo-praha-vstup-pro-deti-za-korunu-a-nadilka-u-zvirat\/\",\"url\":\"https:\/\/kidshouse.cz\/index.php\/2023\/12\/22\/vanoce-a-novy-rok-v-zoo-praha-vstup-pro-deti-za-korunu-a-nadilka-u-zvirat\/\",\"name\":\"V\u00e1noce a Nov\u00fd rok v\u00a0Zoo Praha: vstup pro d\u011bti\u00a0za\u00a0korunu a nad\u00edlka u zv\u00ed\u0159at - KIDSHOUSE.cz\",\"isPartOf\":{\"@id\":\"https:\/\/kidshouse.cz\/#website\"},\"datePublished\":\"2023-12-21T23:01:00+00:00\",\"dateModified\":\"2023-12-26T21:17:59+00:00\",\"description\":\"Mezi sv\u00e1tky se mohou n\u00e1v\u0161t\u011bvn\u00edci pra\u017esk\u00e9 zoo t\u011b\u0161it tak\u00e9 na tradi\u010dn\u00ed nad\u00edlku u\u00a0zv\u00ed\u0159at, vybran\u00e9 druhy budou dost\u00e1vat neprodan\u00e9 v\u00e1no\u010dn\u00ed stromky.\",\"breadcrumb\":{\"@id\":\"https:\/\/kidshouse.cz\/index.php\/2023\/12\/22\/vanoce-a-novy-rok-v-zoo-praha-vstup-pro-deti-za-korunu-a-nadilka-u-zvirat\/#breadcrumb\"},\"inLanguage\":\"cs\",\"potentialAction\":[{\"@type\":\"ReadAction\",\"target\":[\"https:\/\/kidshouse.cz\/index.php\/2023\/12\/22\/vanoce-a-novy-rok-v-zoo-praha-vstup-pro-deti-za-korunu-a-nadilka-u-zvirat\/\"]}]},{\"@type\":\"BreadcrumbList\",\"@id\":\"https:\/\/kidshouse.cz\/index.php\/2023\/12\/22\/vanoce-a-novy-rok-v-zoo-praha-vstup-pro-deti-za-korunu-a-nadilka-u-zvirat\/#breadcrumb\",\"itemListElement\":[{\"@type\":\"ListItem\",\"position\":1,\"name\":\"Dom\u016f\",\"item\":\"https:\/\/kidshouse.cz\/\"},{\"@type\":\"ListItem\",\"position\":2,\"name\":\"V\u00e1noce a Nov\u00fd rok v\u00a0Zoo Praha: vstup pro d\u011bti\u00a0za\u00a0korunu a nad\u00edlka u zv\u00ed\u0159at\"}]},{\"@type\":\"WebSite\",\"@id\":\"https:\/\/kidshouse.cz\/#website\",\"url\":\"https:\/\/kidshouse.cz\/\",\"name\":\"KIDSHOUSE.cz\",\"description\":\"Port\u00e1l pro d\u011bti a jejich rodi\u010de...\",\"publisher\":{\"@id\":\"https:\/\/kidshouse.cz\/#organization\"},\"potentialAction\":[{\"@type\":\"SearchAction\",\"target\":{\"@type\":\"EntryPoint\",\"urlTemplate\":\"https:\/\/kidshouse.cz\/?s={search_term_string}\"},\"query-input\":\"required name=search_term_string\"}],\"inLanguage\":\"cs\"},{\"@type\":\"Organization\",\"@id\":\"https:\/\/kidshouse.cz\/#organization\",\"name\":\"KIDSHOUSE.cz\",\"url\":\"https:\/\/kidshouse.cz\/\",\"logo\":{\"@type\":\"ImageObject\",\"inLanguage\":\"cs\",\"@id\":\"https:\/\/kidshouse.cz\/#\/schema\/logo\/image\/\",\"url\":\"https:\/\/kidshouse.cz\/wp-content\/uploads\/2020\/06\/Logo_KIDSHOUSE_2.jpg\",\"contentUrl\":\"https:\/\/kidshouse.cz\/wp-content\/uploads\/2020\/06\/Logo_KIDSHOUSE_2.jpg\",\"width\":996,\"height\":357,\"caption\":\"KIDSHOUSE.cz\"},\"image\":{\"@id\":\"https:\/\/kidshouse.cz\/#\/schema\/logo\/image\/\"}},{\"@type\":\"Person\",\"@id\":\"https:\/\/kidshouse.cz\/#\/schema\/person\/f0eea6c2eacd40fd22a3dc8c932f263d\",\"name\":\"Martina Pechov\u00e1\",\"image\":{\"@type\":\"ImageObject\",\"inLanguage\":\"cs\",\"@id\":\"https:\/\/kidshouse.cz\/#\/schema\/person\/image\/\",\"url\":\"https:\/\/secure.gravatar.com\/avatar\/d3ad7f43789eed68b221d01c6d7ac4e5?s=96&d=mm&r=g\",\"contentUrl\":\"https:\/\/secure.gravatar.com\/avatar\/d3ad7f43789eed68b221d01c6d7ac4e5?s=96&d=mm&r=g\",\"caption\":\"Martina Pechov\u00e1\"},\"sameAs\":[\"http:\/\/KIDSHOUSE.cz\"],\"url\":\"https:\/\/kidshouse.cz\/index.php\/author\/marpech\/\"}]}<\/script>\n<!-- \/ Yoast SEO plugin. -->","yoast_head_json":{"title":"V\u00e1noce a Nov\u00fd rok v\u00a0Zoo Praha: vstup pro d\u011bti\u00a0za\u00a0korunu a nad\u00edlka u zv\u00ed\u0159at - KIDSHOUSE.cz","description":"Mezi sv\u00e1tky se mohou n\u00e1v\u0161t\u011bvn\u00edci pra\u017esk\u00e9 zoo t\u011b\u0161it tak\u00e9 na tradi\u010dn\u00ed nad\u00edlku u\u00a0zv\u00ed\u0159at, vybran\u00e9 druhy budou dost\u00e1vat neprodan\u00e9 v\u00e1no\u010dn\u00ed stromky.","robots":{"index":"index","follow":"follow","max-snippet":"max-snippet:-1","max-image-preview":"max-image-preview:large","max-video-preview":"max-video-preview:-1"},"canonical":"https:\/\/kidshouse.cz\/index.php\/2023\/12\/22\/vanoce-a-novy-rok-v-zoo-praha-vstup-pro-deti-za-korunu-a-nadilka-u-zvirat\/","og_locale":"cs_CZ","og_type":"article","og_title":"V\u00e1noce a Nov\u00fd rok v\u00a0Zoo Praha: vstup pro d\u011bti\u00a0za\u00a0korunu a nad\u00edlka u zv\u00ed\u0159at - KIDSHOUSE.cz","og_description":"Mezi sv\u00e1tky se mohou n\u00e1v\u0161t\u011bvn\u00edci pra\u017esk\u00e9 zoo t\u011b\u0161it tak\u00e9 na tradi\u010dn\u00ed nad\u00edlku u\u00a0zv\u00ed\u0159at, vybran\u00e9 druhy budou dost\u00e1vat neprodan\u00e9 v\u00e1no\u010dn\u00ed stromky.","og_url":"https:\/\/kidshouse.cz\/index.php\/2023\/12\/22\/vanoce-a-novy-rok-v-zoo-praha-vstup-pro-deti-za-korunu-a-nadilka-u-zvirat\/","og_site_name":"KIDSHOUSE.cz","article_published_time":"2023-12-21T23:01:00+00:00","article_modified_time":"2023-12-26T21:17:59+00:00","og_image":[{"width":1000,"height":562,"url":"https:\/\/kidshouse.cz\/wp-content\/uploads\/2023\/12\/Z50_8311_export.jpg","type":"image\/jpeg"}],"author":"Martina Pechov\u00e1","twitter_card":"summary_large_image","twitter_misc":{"Napsal(a)":"Martina Pechov\u00e1","Odhadovan\u00e1 doba \u010dten\u00ed":"9 minut"},"schema":{"@context":"https:\/\/schema.org","@graph":[{"@type":"Article","@id":"https:\/\/kidshouse.cz\/index.php\/2023\/12\/22\/vanoce-a-novy-rok-v-zoo-praha-vstup-pro-deti-za-korunu-a-nadilka-u-zvirat\/#article","isPartOf":{"@id":"https:\/\/kidshouse.cz\/index.php\/2023\/12\/22\/vanoce-a-novy-rok-v-zoo-praha-vstup-pro-deti-za-korunu-a-nadilka-u-zvirat\/"},"author":{"name":"Martina Pechov\u00e1","@id":"https:\/\/kidshouse.cz\/#\/schema\/person\/f0eea6c2eacd40fd22a3dc8c932f263d"},"headline":"V\u00e1noce a Nov\u00fd rok v\u00a0Zoo Praha: vstup pro d\u011bti\u00a0za\u00a0korunu a nad\u00edlka u zv\u00ed\u0159at","datePublished":"2023-12-21T23:01:00+00:00","dateModified":"2023-12-26T21:17:59+00:00","mainEntityOfPage":{"@id":"https:\/\/kidshouse.cz\/index.php\/2023\/12\/22\/vanoce-a-novy-rok-v-zoo-praha-vstup-pro-deti-za-korunu-a-nadilka-u-zvirat\/"},"wordCount":1442,"publisher":{"@id":"https:\/\/kidshouse.cz\/#organization"},"articleSection":["AKCE","FOTOREPORTY","NEWS","PRO NEJMEN\u0160\u00cd","TIPY"],"inLanguage":"cs"},{"@type":"WebPage","@id":"https:\/\/kidshouse.cz\/index.php\/2023\/12\/22\/vanoce-a-novy-rok-v-zoo-praha-vstup-pro-deti-za-korunu-a-nadilka-u-zvirat\/","url":"https:\/\/kidshouse.cz\/index.php\/2023\/12\/22\/vanoce-a-novy-rok-v-zoo-praha-vstup-pro-deti-za-korunu-a-nadilka-u-zvirat\/","name":"V\u00e1noce a Nov\u00fd rok v\u00a0Zoo Praha: vstup pro d\u011bti\u00a0za\u00a0korunu a nad\u00edlka u zv\u00ed\u0159at - KIDSHOUSE.cz","isPartOf":{"@id":"https:\/\/kidshouse.cz\/#website"},"datePublished":"2023-12-21T23:01:00+00:00","dateModified":"2023-12-26T21:17:59+00:00","description":"Mezi sv\u00e1tky se mohou n\u00e1v\u0161t\u011bvn\u00edci pra\u017esk\u00e9 zoo t\u011b\u0161it tak\u00e9 na tradi\u010dn\u00ed nad\u00edlku u\u00a0zv\u00ed\u0159at, vybran\u00e9 druhy budou dost\u00e1vat neprodan\u00e9 v\u00e1no\u010dn\u00ed stromky.","breadcrumb":{"@id":"https:\/\/kidshouse.cz\/index.php\/2023\/12\/22\/vanoce-a-novy-rok-v-zoo-praha-vstup-pro-deti-za-korunu-a-nadilka-u-zvirat\/#breadcrumb"},"inLanguage":"cs","potentialAction":[{"@type":"ReadAction","target":["https:\/\/kidshouse.cz\/index.php\/2023\/12\/22\/vanoce-a-novy-rok-v-zoo-praha-vstup-pro-deti-za-korunu-a-nadilka-u-zvirat\/"]}]},{"@type":"BreadcrumbList","@id":"https:\/\/kidshouse.cz\/index.php\/2023\/12\/22\/vanoce-a-novy-rok-v-zoo-praha-vstup-pro-deti-za-korunu-a-nadilka-u-zvirat\/#breadcrumb","itemListElement":[{"@type":"ListItem","position":1,"name":"Dom\u016f","item":"https:\/\/kidshouse.cz\/"},{"@type":"ListItem","position":2,"name":"V\u00e1noce a Nov\u00fd rok v\u00a0Zoo Praha: vstup pro d\u011bti\u00a0za\u00a0korunu a nad\u00edlka u zv\u00ed\u0159at"}]},{"@type":"WebSite","@id":"https:\/\/kidshouse.cz\/#website","url":"https:\/\/kidshouse.cz\/","name":"KIDSHOUSE.cz","description":"Port\u00e1l pro d\u011bti a jejich rodi\u010de...","publisher":{"@id":"https:\/\/kidshouse.cz\/#organization"},"potentialAction":[{"@type":"SearchAction","target":{"@type":"EntryPoint","urlTemplate":"https:\/\/kidshouse.cz\/?s={search_term_string}"},"query-input":"required name=search_term_string"}],"inLanguage":"cs"},{"@type":"Organization","@id":"https:\/\/kidshouse.cz\/#organization","name":"KIDSHOUSE.cz","url":"https:\/\/kidshouse.cz\/","logo":{"@type":"ImageObject","inLanguage":"cs","@id":"https:\/\/kidshouse.cz\/#\/schema\/logo\/image\/","url":"https:\/\/kidshouse.cz\/wp-content\/uploads\/2020\/06\/Logo_KIDSHOUSE_2.jpg","contentUrl":"https:\/\/kidshouse.cz\/wp-content\/uploads\/2020\/06\/Logo_KIDSHOUSE_2.jpg","width":996,"height":357,"caption":"KIDSHOUSE.cz"},"image":{"@id":"https:\/\/kidshouse.cz\/#\/schema\/logo\/image\/"}},{"@type":"Person","@id":"https:\/\/kidshouse.cz\/#\/schema\/person\/f0eea6c2eacd40fd22a3dc8c932f263d","name":"Martina Pechov\u00e1","image":{"@type":"ImageObject","inLanguage":"cs","@id":"https:\/\/kidshouse.cz\/#\/schema\/person\/image\/","url":"https:\/\/secure.gravatar.com\/avatar\/d3ad7f43789eed68b221d01c6d7ac4e5?s=96&d=mm&r=g","contentUrl":"https:\/\/secure.gravatar.com\/avatar\/d3ad7f43789eed68b221d01c6d7ac4e5?s=96&d=mm&r=g","caption":"Martina Pechov\u00e1"},"sameAs":["http:\/\/KIDSHOUSE.cz"],"url":"https:\/\/kidshouse.cz\/index.php\/author\/marpech\/"}]}},"_links":{"self":[{"href":"https:\/\/kidshouse.cz\/index.php\/wp-json\/wp\/v2\/posts\/4898"}],"collection":[{"href":"https:\/\/kidshouse.cz\/index.php\/wp-json\/wp\/v2\/posts"}],"about":[{"href":"https:\/\/kidshouse.cz\/index.php\/wp-json\/wp\/v2\/types\/post"}],"author":[{"embeddable":true,"href":"https:\/\/kidshouse.cz\/index.php\/wp-json\/wp\/v2\/users\/9"}],"replies":[{"embeddable":true,"href":"https:\/\/kidshouse.cz\/index.php\/wp-json\/wp\/v2\/comments?post=4898"}],"version-history":[{"count":2,"href":"https:\/\/kidshouse.cz\/index.php\/wp-json\/wp\/v2\/posts\/4898\/revisions"}],"predecessor-version":[{"id":4907,"href":"https:\/\/kidshouse.cz\/index.php\/wp-json\/wp\/v2\/posts\/4898\/revisions\/4907"}],"wp:featuredmedia":[{"embeddable":true,"href":"https:\/\/kidshouse.cz\/index.php\/wp-json\/wp\/v2\/media\/4900"}],"wp:attachment":[{"href":"https:\/\/kidshouse.cz\/index.php\/wp-json\/wp\/v2\/media?parent=4898"}],"wp:term":[{"taxonomy":"category","embeddable":true,"href":"https:\/\/kidshouse.cz\/index.php\/wp-json\/wp\/v2\/categories?post=4898"},{"taxonomy":"post_tag","embeddable":true,"href":"https:\/\/kidshouse.cz\/index.php\/wp-json\/wp\/v2\/tags?post=4898"}],"curies":[{"name":"wp","href":"https:\/\/api.w.org\/{rel}","templated":true}]}}