{"id":5143,"date":"2024-02-12T00:01:00","date_gmt":"2024-02-11T23:01:00","guid":{"rendered":"https:\/\/kidshouse.cz\/?p=5143"},"modified":"2024-02-11T17:29:21","modified_gmt":"2024-02-11T16:29:21","slug":"gorili-samicka-dostala-jmeno-mobi","status":"publish","type":"post","link":"https:\/\/kidshouse.cz\/index.php\/2024\/02\/12\/gorili-samicka-dostala-jmeno-mobi\/","title":{"rendered":"Goril\u00ed sami\u010dka dostala jm\u00e9no Mobi"},"content":{"rendered":"\n<div style=\"height:45px\" aria-hidden=\"true\" class=\"wp-block-spacer\"><\/div>\n\n\n\n<p><strong>Goril\u00ed sami\u010dka narozen\u00e1 2. ledna v&nbsp;Rezervaci Dja v&nbsp;Zoo Praha se&nbsp;jmenuje Mobi. V dialektu badjou\u00e9, kter\u00fdm se mluv\u00ed v&nbsp;okol\u00ed kamerunsk\u00e9 Biosf\u00e9rick\u00e9 rezervace Dja, znamen\u00e1 \u201ed\u011bdi\u010dka\u201c \u010di&nbsp;\u201epokra\u010dovatelka\u201c. Dnes p\u011btit\u00fddenn\u00ed ml\u00e1d\u011b slavnostn\u011b \u201epok\u0159tili\u201c prim\u00e1tor hl. m. Prahy Bohuslav Svoboda, jeho n\u00e1m\u011bstkyn\u011b pro oblast \u017eivotn\u00edho prost\u0159ed\u00ed Jana Komrskov\u00e1 a youtuber Karel \u201eKovy\u201c Kov\u00e1\u0159.<\/strong><\/p>\n\n\n\n<div style=\"height:45px\" aria-hidden=\"true\" class=\"wp-block-spacer\"><\/div>\n\n\n<div class=\"wp-block-image\">\n<figure class=\"aligncenter size-large\"><img loading=\"lazy\" decoding=\"async\" width=\"1024\" height=\"683\" src=\"https:\/\/kidshouse.cz\/wp-content\/uploads\/2024\/02\/Foto-3_DSC04606-1024x683.jpg\" alt=\"Goril\u00ed sami\u010dka dostala jm\u00e9no Mobi\" class=\"wp-image-5145\" srcset=\"https:\/\/kidshouse.cz\/wp-content\/uploads\/2024\/02\/Foto-3_DSC04606-1024x683.jpg 1024w, https:\/\/kidshouse.cz\/wp-content\/uploads\/2024\/02\/Foto-3_DSC04606-300x200.jpg 300w, https:\/\/kidshouse.cz\/wp-content\/uploads\/2024\/02\/Foto-3_DSC04606-768x512.jpg 768w, https:\/\/kidshouse.cz\/wp-content\/uploads\/2024\/02\/Foto-3_DSC04606-1536x1024.jpg 1536w, https:\/\/kidshouse.cz\/wp-content\/uploads\/2024\/02\/Foto-3_DSC04606-2048x1366.jpg 2048w\" sizes=\"(max-width: 1024px) 100vw, 1024px\" \/><\/figure><\/div>\n\n\n<div style=\"height:45px\" aria-hidden=\"true\" class=\"wp-block-spacer\"><\/div>\n\n\n\n<p><em>\u201eJm\u00e9no Mobi je pro dceru Duni, vnu\u010dku Moji a pravnu\u010dku Kijivu a Richarda skv\u011bl\u00e1 volba,\u201c <\/em>uvedl \u0159editel Zoo&nbsp;Praha Miroslav Bobek. <em>\u201eO jeho v\u00fdb\u011bru rozhodovala \u010desk\u00e1 ve\u0159ejnost, nicm\u00e9n\u011b autorkou n\u00e1vrhu je \u017ea\u010dka st\u0159edn\u00ed \u0161koly v&nbsp;kamerunsk\u00e9m Somalomo Philone Mamkobene. Ve jm\u00e9n\u011b se&nbsp;tak nejen zrcadl\u00ed n\u011bkolik generac\u00ed \u00fasp\u011b\u0161n\u00e9ho chovu goril v&nbsp;Zoo Praha, ale tak\u00e9 n\u00e1s propojuje se st\u0159edn\u00ed Afrikou, kde&nbsp;dlouhodob\u011b usilujeme o ochranu p\u0159\u00edrody, v&nbsp;prvn\u00ed \u0159ad\u011b voln\u011b \u017eij\u00edc\u00edch goril.\u201c<\/em><\/p>\n\n\n\n<div style=\"height:45px\" aria-hidden=\"true\" class=\"wp-block-spacer\"><\/div>\n\n\n<div class=\"wp-block-image\">\n<figure class=\"aligncenter size-full\"><img loading=\"lazy\" decoding=\"async\" width=\"1024\" height=\"683\" src=\"https:\/\/kidshouse.cz\/wp-content\/uploads\/2024\/02\/DSC04883_export_web.jpg\" alt=\"Goril\u00ed sami\u010dka dostala jm\u00e9no Mobi\" class=\"wp-image-5144\" srcset=\"https:\/\/kidshouse.cz\/wp-content\/uploads\/2024\/02\/DSC04883_export_web.jpg 1024w, https:\/\/kidshouse.cz\/wp-content\/uploads\/2024\/02\/DSC04883_export_web-300x200.jpg 300w, https:\/\/kidshouse.cz\/wp-content\/uploads\/2024\/02\/DSC04883_export_web-768x512.jpg 768w\" sizes=\"(max-width: 1024px) 100vw, 1024px\" \/><\/figure><\/div>\n\n\n<div style=\"height:45px\" aria-hidden=\"true\" class=\"wp-block-spacer\"><\/div>\n\n\n\n<p>\u0158editel Zoo Praha se na slavnostn\u00ed akci dostavil v&nbsp;obleku, kter\u00fd mu v\u011bnoval n\u00e1\u010deln\u00edk kamerunsk\u00e9 vesnice. To ocenily stovky n\u00e1v\u0161t\u011bvn\u00edk\u016f v&nbsp;hledi\u0161ti hlasit\u00fdm potleskem a&nbsp;ve sv\u00e9 \u0159e\u010di to kvitoval i prim\u00e1tor hl. m. Prahy Bohuslav Svoboda, podle kter\u00e9ho je to d\u016fkazem jeho neutichaj\u00edc\u00edho nad\u0161en\u00ed. Neopomn\u011bl ale i letm\u00fd pohled do historie.<\/p>\n\n\n\n<div style=\"height:45px\" aria-hidden=\"true\" class=\"wp-block-spacer\"><\/div>\n\n\n<div class=\"wp-block-image\">\n<figure class=\"aligncenter size-large\"><img loading=\"lazy\" decoding=\"async\" width=\"1024\" height=\"683\" src=\"https:\/\/kidshouse.cz\/wp-content\/uploads\/2024\/02\/Foto-1_DuniMobi-1024x683.jpg\" alt=\"Goril\u00ed sami\u010dka dostala jm\u00e9no Mobi\" class=\"wp-image-5147\" srcset=\"https:\/\/kidshouse.cz\/wp-content\/uploads\/2024\/02\/Foto-1_DuniMobi-1024x683.jpg 1024w, https:\/\/kidshouse.cz\/wp-content\/uploads\/2024\/02\/Foto-1_DuniMobi-300x200.jpg 300w, https:\/\/kidshouse.cz\/wp-content\/uploads\/2024\/02\/Foto-1_DuniMobi-768x512.jpg 768w, https:\/\/kidshouse.cz\/wp-content\/uploads\/2024\/02\/Foto-1_DuniMobi-1536x1024.jpg 1536w, https:\/\/kidshouse.cz\/wp-content\/uploads\/2024\/02\/Foto-1_DuniMobi-2048x1366.jpg 2048w\" sizes=\"(max-width: 1024px) 100vw, 1024px\" \/><\/figure><\/div>\n\n\n<div style=\"height:45px\" aria-hidden=\"true\" class=\"wp-block-spacer\"><\/div>\n\n\n\n<p><em>\u201eVzpom\u00edn\u00e1m si naprosto p\u0159esn\u011b na den, kdy se zde v&nbsp;pra\u017esk\u00e9 zoologick\u00e9 zahrad\u011b v&nbsp;roce 2005 k\u0159tilo tehdy prvn\u00ed v&nbsp;\u010cesku narozen\u00e9 ml\u00e1d\u011b gorily, slavn\u00e1 Moja. Dnes zde pojmenujeme jej\u00ed vnu\u010dku. Za tu dobu se mnoho zm\u011bnilo, av\u0161ak v\u00fdkony veden\u00ed, chovatel\u016f a v\u016fbec cel\u00e9ho t\u00fdmu Zoo Praha jsou st\u00e1le na \u0161pi\u010dkov\u00e9 \u00farovni a j\u00e1 jsem r\u00e1d, \u017ee d\u00edky zoo mohou Pra\u017ean\u00e9 i n\u00e1v\u0161t\u011bvn\u00edci m\u011bsta navazovat vztah s&nbsp;fascinuj\u00edc\u00ed faunou,\u201c <\/em>pronesl Svoboda.<\/p>\n\n\n\n<div style=\"height:45px\" aria-hidden=\"true\" class=\"wp-block-spacer\"><\/div>\n\n\n<div class=\"wp-block-image\">\n<figure class=\"aligncenter size-large\"><img loading=\"lazy\" decoding=\"async\" width=\"1024\" height=\"683\" src=\"https:\/\/kidshouse.cz\/wp-content\/uploads\/2024\/02\/Foto-2_DSC04779-1024x683.jpg\" alt=\"Goril\u00ed sami\u010dka dostala jm\u00e9no Mobi\" class=\"wp-image-5146\" srcset=\"https:\/\/kidshouse.cz\/wp-content\/uploads\/2024\/02\/Foto-2_DSC04779-1024x683.jpg 1024w, https:\/\/kidshouse.cz\/wp-content\/uploads\/2024\/02\/Foto-2_DSC04779-300x200.jpg 300w, https:\/\/kidshouse.cz\/wp-content\/uploads\/2024\/02\/Foto-2_DSC04779-768x512.jpg 768w, https:\/\/kidshouse.cz\/wp-content\/uploads\/2024\/02\/Foto-2_DSC04779-1536x1024.jpg 1536w, https:\/\/kidshouse.cz\/wp-content\/uploads\/2024\/02\/Foto-2_DSC04779-2048x1366.jpg 2048w\" sizes=\"(max-width: 1024px) 100vw, 1024px\" \/><\/figure><\/div>\n\n\n<div style=\"height:45px\" aria-hidden=\"true\" class=\"wp-block-spacer\"><\/div>\n\n\n\n<p>Projekty pom\u00e1haj\u00edc\u00ed zv\u00ed\u0159at\u016fm ve voln\u00e9 p\u0159\u00edrod\u011b ve sv\u00e9 \u0159e\u010di zm\u00ednila jeho n\u00e1m\u011bstkyn\u011b pro \u017eivotn\u00ed prost\u0159ed\u00ed a klimatick\u00fd pl\u00e1n Jana Komrskov\u00e1. Ta nav\u00edc na akci dorazila stylov\u011b v&nbsp;barv\u00e1ch kamerunsk\u00e9 vlajky<\/p>\n\n\n\n<div style=\"height:45px\" aria-hidden=\"true\" class=\"wp-block-spacer\"><\/div>\n\n\n\n<figure class=\"wp-block-gallery has-nested-images columns-2 is-cropped wp-block-gallery-1 is-layout-flex wp-block-gallery-is-layout-flex\">\n<figure class=\"wp-block-image size-large\"><img loading=\"lazy\" decoding=\"async\" width=\"1024\" height=\"683\" data-id=\"5145\" src=\"https:\/\/kidshouse.cz\/wp-content\/uploads\/2024\/02\/Foto-3_DSC04606-1024x683.jpg\" alt=\"Goril\u00ed sami\u010dka dostala jm\u00e9no Mobi\" class=\"wp-image-5145\" srcset=\"https:\/\/kidshouse.cz\/wp-content\/uploads\/2024\/02\/Foto-3_DSC04606-1024x683.jpg 1024w, https:\/\/kidshouse.cz\/wp-content\/uploads\/2024\/02\/Foto-3_DSC04606-300x200.jpg 300w, https:\/\/kidshouse.cz\/wp-content\/uploads\/2024\/02\/Foto-3_DSC04606-768x512.jpg 768w, https:\/\/kidshouse.cz\/wp-content\/uploads\/2024\/02\/Foto-3_DSC04606-1536x1024.jpg 1536w, https:\/\/kidshouse.cz\/wp-content\/uploads\/2024\/02\/Foto-3_DSC04606-2048x1366.jpg 2048w\" sizes=\"(max-width: 1024px) 100vw, 1024px\" \/><\/figure>\n\n\n\n<figure class=\"wp-block-image size-large\"><img loading=\"lazy\" decoding=\"async\" width=\"1024\" height=\"683\" data-id=\"5144\" src=\"https:\/\/kidshouse.cz\/wp-content\/uploads\/2024\/02\/DSC04883_export_web.jpg\" alt=\"Goril\u00ed sami\u010dka dostala jm\u00e9no Mobi\" class=\"wp-image-5144\" srcset=\"https:\/\/kidshouse.cz\/wp-content\/uploads\/2024\/02\/DSC04883_export_web.jpg 1024w, https:\/\/kidshouse.cz\/wp-content\/uploads\/2024\/02\/DSC04883_export_web-300x200.jpg 300w, https:\/\/kidshouse.cz\/wp-content\/uploads\/2024\/02\/DSC04883_export_web-768x512.jpg 768w\" sizes=\"(max-width: 1024px) 100vw, 1024px\" \/><\/figure>\n\n\n\n<figure class=\"wp-block-image size-large\"><img loading=\"lazy\" decoding=\"async\" width=\"1024\" height=\"683\" data-id=\"5147\" src=\"https:\/\/kidshouse.cz\/wp-content\/uploads\/2024\/02\/Foto-1_DuniMobi-1024x683.jpg\" alt=\"Goril\u00ed sami\u010dka dostala jm\u00e9no Mobi\" class=\"wp-image-5147\" srcset=\"https:\/\/kidshouse.cz\/wp-content\/uploads\/2024\/02\/Foto-1_DuniMobi-1024x683.jpg 1024w, https:\/\/kidshouse.cz\/wp-content\/uploads\/2024\/02\/Foto-1_DuniMobi-300x200.jpg 300w, https:\/\/kidshouse.cz\/wp-content\/uploads\/2024\/02\/Foto-1_DuniMobi-768x512.jpg 768w, https:\/\/kidshouse.cz\/wp-content\/uploads\/2024\/02\/Foto-1_DuniMobi-1536x1024.jpg 1536w, https:\/\/kidshouse.cz\/wp-content\/uploads\/2024\/02\/Foto-1_DuniMobi-2048x1366.jpg 2048w\" sizes=\"(max-width: 1024px) 100vw, 1024px\" \/><\/figure>\n\n\n\n<figure class=\"wp-block-image size-large\"><img loading=\"lazy\" decoding=\"async\" width=\"1024\" height=\"683\" data-id=\"5146\" src=\"https:\/\/kidshouse.cz\/wp-content\/uploads\/2024\/02\/Foto-2_DSC04779-1024x683.jpg\" alt=\"Goril\u00ed sami\u010dka dostala jm\u00e9no Mobi\" class=\"wp-image-5146\" srcset=\"https:\/\/kidshouse.cz\/wp-content\/uploads\/2024\/02\/Foto-2_DSC04779-1024x683.jpg 1024w, https:\/\/kidshouse.cz\/wp-content\/uploads\/2024\/02\/Foto-2_DSC04779-300x200.jpg 300w, https:\/\/kidshouse.cz\/wp-content\/uploads\/2024\/02\/Foto-2_DSC04779-768x512.jpg 768w, https:\/\/kidshouse.cz\/wp-content\/uploads\/2024\/02\/Foto-2_DSC04779-1536x1024.jpg 1536w, https:\/\/kidshouse.cz\/wp-content\/uploads\/2024\/02\/Foto-2_DSC04779-2048x1366.jpg 2048w\" sizes=\"(max-width: 1024px) 100vw, 1024px\" \/><\/figure>\n<\/figure>\n\n\n\n<div style=\"height:45px\" aria-hidden=\"true\" class=\"wp-block-spacer\"><\/div>\n\n\n\n<p><strong>Zdroj foto:<\/strong>&nbsp;ZOO Praha<\/p>\n\n\n\n<div style=\"height:45px\" aria-hidden=\"true\" class=\"wp-block-spacer\"><\/div>\n","protected":false},"excerpt":{"rendered":"<p>Goril\u00ed sami\u010dka narozen\u00e1 2. ledna v&nbsp;Rezervaci Dja v&nbsp;Zoo Praha se&nbsp;jmenuje Mobi. V dialektu badjou\u00e9, kter\u00fdm se mluv\u00ed v&nbsp;okol\u00ed kamerunsk\u00e9 Biosf\u00e9rick\u00e9 rezervace Dja, znamen\u00e1 \u201ed\u011bdi\u010dka\u201c \u010di&nbsp;\u201epokra\u010dovatelka\u201c. Dnes p\u011btit\u00fddenn\u00ed ml\u00e1d\u011b slavnostn\u011b \u201epok\u0159tili\u201c prim\u00e1tor hl. m. Prahy&#46;&#46;&#46;<\/p>\n","protected":false},"author":9,"featured_media":5145,"comment_status":"closed","ping_status":"closed","sticky":false,"template":"","format":"standard","meta":{"_monsterinsights_skip_tracking":false,"_monsterinsights_sitenote_active":false,"_monsterinsights_sitenote_note":"","_monsterinsights_sitenote_category":0,"footnotes":""},"categories":[17,4,2,13,9],"tags":[],"yoast_head":"<!-- This site is optimized with the Yoast SEO plugin v21.5 - https:\/\/yoast.com\/wordpress\/plugins\/seo\/ -->\n<title>Goril\u00ed sami\u010dka dostala jm\u00e9no Mobi - KIDSHOUSE.cz<\/title>\n<meta name=\"description\" content=\"Mobi v dialektu badjou\u00e9, kter\u00fdm se mluv\u00ed v\u00a0okol\u00ed kamerunsk\u00e9 Biosf\u00e9rick\u00e9 rezervace Dja, znamen\u00e1 \u201ed\u011bdi\u010dka\u201c \u010di\u00a0\u201epokra\u010dovatelka\u201c.\" \/>\n<meta name=\"robots\" content=\"index, follow, max-snippet:-1, max-image-preview:large, max-video-preview:-1\" \/>\n<link rel=\"canonical\" href=\"https:\/\/kidshouse.cz\/index.php\/2024\/02\/12\/gorili-samicka-dostala-jmeno-mobi\/\" \/>\n<meta property=\"og:locale\" content=\"cs_CZ\" \/>\n<meta property=\"og:type\" content=\"article\" \/>\n<meta property=\"og:title\" content=\"Goril\u00ed sami\u010dka dostala jm\u00e9no Mobi - KIDSHOUSE.cz\" \/>\n<meta property=\"og:description\" content=\"Mobi v dialektu badjou\u00e9, kter\u00fdm se mluv\u00ed v\u00a0okol\u00ed kamerunsk\u00e9 Biosf\u00e9rick\u00e9 rezervace Dja, znamen\u00e1 \u201ed\u011bdi\u010dka\u201c \u010di\u00a0\u201epokra\u010dovatelka\u201c.\" \/>\n<meta property=\"og:url\" content=\"https:\/\/kidshouse.cz\/index.php\/2024\/02\/12\/gorili-samicka-dostala-jmeno-mobi\/\" \/>\n<meta property=\"og:site_name\" content=\"KIDSHOUSE.cz\" \/>\n<meta property=\"article:published_time\" content=\"2024-02-11T23:01:00+00:00\" \/>\n<meta property=\"article:modified_time\" content=\"2024-02-11T16:29:21+00:00\" \/>\n<meta property=\"og:image\" content=\"https:\/\/kidshouse.cz\/wp-content\/uploads\/2024\/02\/Foto-3_DSC04606.jpg\" \/>\n\t<meta property=\"og:image:width\" content=\"2500\" \/>\n\t<meta property=\"og:image:height\" content=\"1667\" \/>\n\t<meta property=\"og:image:type\" content=\"image\/jpeg\" \/>\n<meta name=\"author\" content=\"Martina Pechov\u00e1\" \/>\n<meta name=\"twitter:card\" content=\"summary_large_image\" \/>\n<meta name=\"twitter:label1\" content=\"Napsal(a)\" \/>\n\t<meta name=\"twitter:data1\" content=\"Martina Pechov\u00e1\" \/>\n\t<meta name=\"twitter:label2\" content=\"Odhadovan\u00e1 doba \u010dten\u00ed\" \/>\n\t<meta name=\"twitter:data2\" content=\"4 minuty\" \/>\n<script type=\"application\/ld+json\" class=\"yoast-schema-graph\">{\"@context\":\"https:\/\/schema.org\",\"@graph\":[{\"@type\":\"Article\",\"@id\":\"https:\/\/kidshouse.cz\/index.php\/2024\/02\/12\/gorili-samicka-dostala-jmeno-mobi\/#article\",\"isPartOf\":{\"@id\":\"https:\/\/kidshouse.cz\/index.php\/2024\/02\/12\/gorili-samicka-dostala-jmeno-mobi\/\"},\"author\":{\"name\":\"Martina Pechov\u00e1\",\"@id\":\"https:\/\/kidshouse.cz\/#\/schema\/person\/f0eea6c2eacd40fd22a3dc8c932f263d\"},\"headline\":\"Goril\u00ed sami\u010dka dostala jm\u00e9no Mobi\",\"datePublished\":\"2024-02-11T23:01:00+00:00\",\"dateModified\":\"2024-02-11T16:29:21+00:00\",\"mainEntityOfPage\":{\"@id\":\"https:\/\/kidshouse.cz\/index.php\/2024\/02\/12\/gorili-samicka-dostala-jmeno-mobi\/\"},\"wordCount\":398,\"publisher\":{\"@id\":\"https:\/\/kidshouse.cz\/#organization\"},\"articleSection\":[\"AKCE\",\"FOTOREPORTY\",\"NEWS\",\"PRO NEJMEN\u0160\u00cd\",\"TIPY\"],\"inLanguage\":\"cs\"},{\"@type\":\"WebPage\",\"@id\":\"https:\/\/kidshouse.cz\/index.php\/2024\/02\/12\/gorili-samicka-dostala-jmeno-mobi\/\",\"url\":\"https:\/\/kidshouse.cz\/index.php\/2024\/02\/12\/gorili-samicka-dostala-jmeno-mobi\/\",\"name\":\"Goril\u00ed sami\u010dka dostala jm\u00e9no Mobi - KIDSHOUSE.cz\",\"isPartOf\":{\"@id\":\"https:\/\/kidshouse.cz\/#website\"},\"datePublished\":\"2024-02-11T23:01:00+00:00\",\"dateModified\":\"2024-02-11T16:29:21+00:00\",\"description\":\"Mobi v dialektu badjou\u00e9, kter\u00fdm se mluv\u00ed v\u00a0okol\u00ed kamerunsk\u00e9 Biosf\u00e9rick\u00e9 rezervace Dja, znamen\u00e1 \u201ed\u011bdi\u010dka\u201c \u010di\u00a0\u201epokra\u010dovatelka\u201c.\",\"breadcrumb\":{\"@id\":\"https:\/\/kidshouse.cz\/index.php\/2024\/02\/12\/gorili-samicka-dostala-jmeno-mobi\/#breadcrumb\"},\"inLanguage\":\"cs\",\"potentialAction\":[{\"@type\":\"ReadAction\",\"target\":[\"https:\/\/kidshouse.cz\/index.php\/2024\/02\/12\/gorili-samicka-dostala-jmeno-mobi\/\"]}]},{\"@type\":\"BreadcrumbList\",\"@id\":\"https:\/\/kidshouse.cz\/index.php\/2024\/02\/12\/gorili-samicka-dostala-jmeno-mobi\/#breadcrumb\",\"itemListElement\":[{\"@type\":\"ListItem\",\"position\":1,\"name\":\"Dom\u016f\",\"item\":\"https:\/\/kidshouse.cz\/\"},{\"@type\":\"ListItem\",\"position\":2,\"name\":\"Goril\u00ed sami\u010dka dostala jm\u00e9no Mobi\"}]},{\"@type\":\"WebSite\",\"@id\":\"https:\/\/kidshouse.cz\/#website\",\"url\":\"https:\/\/kidshouse.cz\/\",\"name\":\"KIDSHOUSE.cz\",\"description\":\"Port\u00e1l pro d\u011bti a jejich rodi\u010de...\",\"publisher\":{\"@id\":\"https:\/\/kidshouse.cz\/#organization\"},\"potentialAction\":[{\"@type\":\"SearchAction\",\"target\":{\"@type\":\"EntryPoint\",\"urlTemplate\":\"https:\/\/kidshouse.cz\/?s={search_term_string}\"},\"query-input\":\"required name=search_term_string\"}],\"inLanguage\":\"cs\"},{\"@type\":\"Organization\",\"@id\":\"https:\/\/kidshouse.cz\/#organization\",\"name\":\"KIDSHOUSE.cz\",\"url\":\"https:\/\/kidshouse.cz\/\",\"logo\":{\"@type\":\"ImageObject\",\"inLanguage\":\"cs\",\"@id\":\"https:\/\/kidshouse.cz\/#\/schema\/logo\/image\/\",\"url\":\"https:\/\/kidshouse.cz\/wp-content\/uploads\/2020\/06\/Logo_KIDSHOUSE_2.jpg\",\"contentUrl\":\"https:\/\/kidshouse.cz\/wp-content\/uploads\/2020\/06\/Logo_KIDSHOUSE_2.jpg\",\"width\":996,\"height\":357,\"caption\":\"KIDSHOUSE.cz\"},\"image\":{\"@id\":\"https:\/\/kidshouse.cz\/#\/schema\/logo\/image\/\"}},{\"@type\":\"Person\",\"@id\":\"https:\/\/kidshouse.cz\/#\/schema\/person\/f0eea6c2eacd40fd22a3dc8c932f263d\",\"name\":\"Martina Pechov\u00e1\",\"image\":{\"@type\":\"ImageObject\",\"inLanguage\":\"cs\",\"@id\":\"https:\/\/kidshouse.cz\/#\/schema\/person\/image\/\",\"url\":\"https:\/\/secure.gravatar.com\/avatar\/d3ad7f43789eed68b221d01c6d7ac4e5?s=96&d=mm&r=g\",\"contentUrl\":\"https:\/\/secure.gravatar.com\/avatar\/d3ad7f43789eed68b221d01c6d7ac4e5?s=96&d=mm&r=g\",\"caption\":\"Martina Pechov\u00e1\"},\"sameAs\":[\"http:\/\/KIDSHOUSE.cz\"],\"url\":\"https:\/\/kidshouse.cz\/index.php\/author\/marpech\/\"}]}<\/script>\n<!-- \/ Yoast SEO plugin. -->","yoast_head_json":{"title":"Goril\u00ed sami\u010dka dostala jm\u00e9no Mobi - KIDSHOUSE.cz","description":"Mobi v dialektu badjou\u00e9, kter\u00fdm se mluv\u00ed v\u00a0okol\u00ed kamerunsk\u00e9 Biosf\u00e9rick\u00e9 rezervace Dja, znamen\u00e1 \u201ed\u011bdi\u010dka\u201c \u010di\u00a0\u201epokra\u010dovatelka\u201c.","robots":{"index":"index","follow":"follow","max-snippet":"max-snippet:-1","max-image-preview":"max-image-preview:large","max-video-preview":"max-video-preview:-1"},"canonical":"https:\/\/kidshouse.cz\/index.php\/2024\/02\/12\/gorili-samicka-dostala-jmeno-mobi\/","og_locale":"cs_CZ","og_type":"article","og_title":"Goril\u00ed sami\u010dka dostala jm\u00e9no Mobi - KIDSHOUSE.cz","og_description":"Mobi v dialektu badjou\u00e9, kter\u00fdm se mluv\u00ed v\u00a0okol\u00ed kamerunsk\u00e9 Biosf\u00e9rick\u00e9 rezervace Dja, znamen\u00e1 \u201ed\u011bdi\u010dka\u201c \u010di\u00a0\u201epokra\u010dovatelka\u201c.","og_url":"https:\/\/kidshouse.cz\/index.php\/2024\/02\/12\/gorili-samicka-dostala-jmeno-mobi\/","og_site_name":"KIDSHOUSE.cz","article_published_time":"2024-02-11T23:01:00+00:00","article_modified_time":"2024-02-11T16:29:21+00:00","og_image":[{"width":2500,"height":1667,"url":"https:\/\/kidshouse.cz\/wp-content\/uploads\/2024\/02\/Foto-3_DSC04606.jpg","type":"image\/jpeg"}],"author":"Martina Pechov\u00e1","twitter_card":"summary_large_image","twitter_misc":{"Napsal(a)":"Martina Pechov\u00e1","Odhadovan\u00e1 doba \u010dten\u00ed":"4 minuty"},"schema":{"@context":"https:\/\/schema.org","@graph":[{"@type":"Article","@id":"https:\/\/kidshouse.cz\/index.php\/2024\/02\/12\/gorili-samicka-dostala-jmeno-mobi\/#article","isPartOf":{"@id":"https:\/\/kidshouse.cz\/index.php\/2024\/02\/12\/gorili-samicka-dostala-jmeno-mobi\/"},"author":{"name":"Martina Pechov\u00e1","@id":"https:\/\/kidshouse.cz\/#\/schema\/person\/f0eea6c2eacd40fd22a3dc8c932f263d"},"headline":"Goril\u00ed sami\u010dka dostala jm\u00e9no Mobi","datePublished":"2024-02-11T23:01:00+00:00","dateModified":"2024-02-11T16:29:21+00:00","mainEntityOfPage":{"@id":"https:\/\/kidshouse.cz\/index.php\/2024\/02\/12\/gorili-samicka-dostala-jmeno-mobi\/"},"wordCount":398,"publisher":{"@id":"https:\/\/kidshouse.cz\/#organization"},"articleSection":["AKCE","FOTOREPORTY","NEWS","PRO NEJMEN\u0160\u00cd","TIPY"],"inLanguage":"cs"},{"@type":"WebPage","@id":"https:\/\/kidshouse.cz\/index.php\/2024\/02\/12\/gorili-samicka-dostala-jmeno-mobi\/","url":"https:\/\/kidshouse.cz\/index.php\/2024\/02\/12\/gorili-samicka-dostala-jmeno-mobi\/","name":"Goril\u00ed sami\u010dka dostala jm\u00e9no Mobi - KIDSHOUSE.cz","isPartOf":{"@id":"https:\/\/kidshouse.cz\/#website"},"datePublished":"2024-02-11T23:01:00+00:00","dateModified":"2024-02-11T16:29:21+00:00","description":"Mobi v dialektu badjou\u00e9, kter\u00fdm se mluv\u00ed v\u00a0okol\u00ed kamerunsk\u00e9 Biosf\u00e9rick\u00e9 rezervace Dja, znamen\u00e1 \u201ed\u011bdi\u010dka\u201c \u010di\u00a0\u201epokra\u010dovatelka\u201c.","breadcrumb":{"@id":"https:\/\/kidshouse.cz\/index.php\/2024\/02\/12\/gorili-samicka-dostala-jmeno-mobi\/#breadcrumb"},"inLanguage":"cs","potentialAction":[{"@type":"ReadAction","target":["https:\/\/kidshouse.cz\/index.php\/2024\/02\/12\/gorili-samicka-dostala-jmeno-mobi\/"]}]},{"@type":"BreadcrumbList","@id":"https:\/\/kidshouse.cz\/index.php\/2024\/02\/12\/gorili-samicka-dostala-jmeno-mobi\/#breadcrumb","itemListElement":[{"@type":"ListItem","position":1,"name":"Dom\u016f","item":"https:\/\/kidshouse.cz\/"},{"@type":"ListItem","position":2,"name":"Goril\u00ed sami\u010dka dostala jm\u00e9no Mobi"}]},{"@type":"WebSite","@id":"https:\/\/kidshouse.cz\/#website","url":"https:\/\/kidshouse.cz\/","name":"KIDSHOUSE.cz","description":"Port\u00e1l pro d\u011bti a jejich rodi\u010de...","publisher":{"@id":"https:\/\/kidshouse.cz\/#organization"},"potentialAction":[{"@type":"SearchAction","target":{"@type":"EntryPoint","urlTemplate":"https:\/\/kidshouse.cz\/?s={search_term_string}"},"query-input":"required name=search_term_string"}],"inLanguage":"cs"},{"@type":"Organization","@id":"https:\/\/kidshouse.cz\/#organization","name":"KIDSHOUSE.cz","url":"https:\/\/kidshouse.cz\/","logo":{"@type":"ImageObject","inLanguage":"cs","@id":"https:\/\/kidshouse.cz\/#\/schema\/logo\/image\/","url":"https:\/\/kidshouse.cz\/wp-content\/uploads\/2020\/06\/Logo_KIDSHOUSE_2.jpg","contentUrl":"https:\/\/kidshouse.cz\/wp-content\/uploads\/2020\/06\/Logo_KIDSHOUSE_2.jpg","width":996,"height":357,"caption":"KIDSHOUSE.cz"},"image":{"@id":"https:\/\/kidshouse.cz\/#\/schema\/logo\/image\/"}},{"@type":"Person","@id":"https:\/\/kidshouse.cz\/#\/schema\/person\/f0eea6c2eacd40fd22a3dc8c932f263d","name":"Martina Pechov\u00e1","image":{"@type":"ImageObject","inLanguage":"cs","@id":"https:\/\/kidshouse.cz\/#\/schema\/person\/image\/","url":"https:\/\/secure.gravatar.com\/avatar\/d3ad7f43789eed68b221d01c6d7ac4e5?s=96&d=mm&r=g","contentUrl":"https:\/\/secure.gravatar.com\/avatar\/d3ad7f43789eed68b221d01c6d7ac4e5?s=96&d=mm&r=g","caption":"Martina Pechov\u00e1"},"sameAs":["http:\/\/KIDSHOUSE.cz"],"url":"https:\/\/kidshouse.cz\/index.php\/author\/marpech\/"}]}},"_links":{"self":[{"href":"https:\/\/kidshouse.cz\/index.php\/wp-json\/wp\/v2\/posts\/5143"}],"collection":[{"href":"https:\/\/kidshouse.cz\/index.php\/wp-json\/wp\/v2\/posts"}],"about":[{"href":"https:\/\/kidshouse.cz\/index.php\/wp-json\/wp\/v2\/types\/post"}],"author":[{"embeddable":true,"href":"https:\/\/kidshouse.cz\/index.php\/wp-json\/wp\/v2\/users\/9"}],"replies":[{"embeddable":true,"href":"https:\/\/kidshouse.cz\/index.php\/wp-json\/wp\/v2\/comments?post=5143"}],"version-history":[{"count":2,"href":"https:\/\/kidshouse.cz\/index.php\/wp-json\/wp\/v2\/posts\/5143\/revisions"}],"predecessor-version":[{"id":5149,"href":"https:\/\/kidshouse.cz\/index.php\/wp-json\/wp\/v2\/posts\/5143\/revisions\/5149"}],"wp:featuredmedia":[{"embeddable":true,"href":"https:\/\/kidshouse.cz\/index.php\/wp-json\/wp\/v2\/media\/5145"}],"wp:attachment":[{"href":"https:\/\/kidshouse.cz\/index.php\/wp-json\/wp\/v2\/media?parent=5143"}],"wp:term":[{"taxonomy":"category","embeddable":true,"href":"https:\/\/kidshouse.cz\/index.php\/wp-json\/wp\/v2\/categories?post=5143"},{"taxonomy":"post_tag","embeddable":true,"href":"https:\/\/kidshouse.cz\/index.php\/wp-json\/wp\/v2\/tags?post=5143"}],"curies":[{"name":"wp","href":"https:\/\/api.w.org\/{rel}","templated":true}]}}