{"id":5547,"date":"2024-06-03T00:01:00","date_gmt":"2024-06-02T22:01:00","guid":{"rendered":"https:\/\/kidshouse.cz\/?p=5547"},"modified":"2024-05-31T02:26:53","modified_gmt":"2024-05-31T00:26:53","slug":"dvojcata-lednich-medvedu-dorazila-do-zoo-praha","status":"publish","type":"post","link":"https:\/\/kidshouse.cz\/index.php\/2024\/06\/03\/dvojcata-lednich-medvedu-dorazila-do-zoo-praha\/","title":{"rendered":"Dvoj\u010data ledn\u00edch medv\u011bd\u016f dorazila do\u00a0Zoo Praha"},"content":{"rendered":"\n<div style=\"height:45px\" aria-hidden=\"true\" class=\"wp-block-spacer\"><\/div>\n\n\n\n<p><strong>V pavilonu Rezervace Dja v Zoo Praha se neust\u00e1le n\u011bco d\u011bje: nov\u011b mohli n\u00e1v\u0161t\u011bvn\u00edci pozorovat ob\u011b dv\u011b goril\u00ed ml\u00e1\u010fata v n\u00e1ru\u010di jedn\u00e9 z matek. Duni toti\u017e v\u010dera nosila sou\u010dasn\u011b svou t\u00e9m\u011b\u0159 \u010dty\u0159m\u011bs\u00ed\u010dn\u00ed dceru Mobi i bezm\u00e1la t\u0159\u00edt\u00fddenn\u00ed ml\u00e1d\u011b samice Kijivu. Ob\u011b ml\u00e1\u010fata nav\u00edc kojila.<\/strong><\/p>\n\n\n\n<div style=\"height:45px\" aria-hidden=\"true\" class=\"wp-block-spacer\"><\/div>\n\n\n<div class=\"wp-block-image\">\n<figure class=\"aligncenter size-large\"><img loading=\"lazy\" decoding=\"async\" width=\"1024\" height=\"683\" src=\"https:\/\/kidshouse.cz\/wp-content\/uploads\/2024\/05\/Foto-1_Z09_5000_export-1024x683.jpg\" alt=\"Dvoj\u010data ledn\u00edch medv\u011bd\u016f dorazila do\u00a0Zoo Praha\" class=\"wp-image-5549\" srcset=\"https:\/\/kidshouse.cz\/wp-content\/uploads\/2024\/05\/Foto-1_Z09_5000_export-1024x683.jpg 1024w, https:\/\/kidshouse.cz\/wp-content\/uploads\/2024\/05\/Foto-1_Z09_5000_export-300x200.jpg 300w, https:\/\/kidshouse.cz\/wp-content\/uploads\/2024\/05\/Foto-1_Z09_5000_export-768x512.jpg 768w, https:\/\/kidshouse.cz\/wp-content\/uploads\/2024\/05\/Foto-1_Z09_5000_export-1536x1024.jpg 1536w, https:\/\/kidshouse.cz\/wp-content\/uploads\/2024\/05\/Foto-1_Z09_5000_export-2048x1366.jpg 2048w\" sizes=\"(max-width: 1024px) 100vw, 1024px\" \/><\/figure><\/div>\n\n\n<div style=\"height:45px\" aria-hidden=\"true\" class=\"wp-block-spacer\"><\/div>\n\n\n\n<p><em>\u201eP\u0159\u00edchod Gregora a Aleuta bezprost\u0159edn\u011b souvis\u00ed s&nbsp;t\u00edm, \u017ee v&nbsp;Zoo Praha vznikne nov\u00e1 modern\u00ed expozice pro ledn\u00ed medv\u011bdy, jin\u00fdmi slovy \u017ee jsme perspektivn\u00edmi chovateli t\u011bchto \u0161elem,\u201c <\/em>uvedl \u0159editel Zoo Praha Miroslav Bobek. <em>\u201eOba medv\u011bdi se nyn\u00ed seznamuj\u00ed s&nbsp;nov\u00fdm prost\u0159ed\u00edm. N\u00e1v\u0161t\u011bvn\u00edci budou m\u00edt mo\u017enost je sledovat od pond\u011bl\u00ed.\u201c<\/em><em><\/em><\/p>\n\n\n\n<p>Dvoj\u010data Gregor a Aleut se narodila 2. prosince 2010 v&nbsp;Zoo Norimberk, av\u0161ak od&nbsp;18.&nbsp;dubna 2013 \u017eila ve var\u0161avsk\u00e9 zoologick\u00e9 zahrad\u011b. Zat\u00edmco Gregor je mohutn\u011bj\u0161\u00ed a pol\u0161t\u00ed chovatel\u00e9 mu p\u0159ezd\u00edvali Grzes, jeho bratr Aleut neboli Ali se d\u00e1 poznat podle vy\u0161\u0161\u00ed postavy a v\u016fbec \u0161t\u00edhlej\u0161\u00edho vzez\u0159en\u00ed.<\/p>\n\n\n\n<div style=\"height:45px\" aria-hidden=\"true\" class=\"wp-block-spacer\"><\/div>\n\n\n<div class=\"wp-block-image\">\n<figure class=\"aligncenter size-large\"><img loading=\"lazy\" decoding=\"async\" width=\"1024\" height=\"683\" src=\"https:\/\/kidshouse.cz\/wp-content\/uploads\/2024\/05\/Foto-2_Z09_5014_export-1024x683.jpg\" alt=\"Dvoj\u010data ledn\u00edch medv\u011bd\u016f dorazila do\u00a0Zoo Praha\" class=\"wp-image-5551\" srcset=\"https:\/\/kidshouse.cz\/wp-content\/uploads\/2024\/05\/Foto-2_Z09_5014_export-1024x683.jpg 1024w, https:\/\/kidshouse.cz\/wp-content\/uploads\/2024\/05\/Foto-2_Z09_5014_export-300x200.jpg 300w, https:\/\/kidshouse.cz\/wp-content\/uploads\/2024\/05\/Foto-2_Z09_5014_export-768x512.jpg 768w, https:\/\/kidshouse.cz\/wp-content\/uploads\/2024\/05\/Foto-2_Z09_5014_export-1536x1024.jpg 1536w, https:\/\/kidshouse.cz\/wp-content\/uploads\/2024\/05\/Foto-2_Z09_5014_export-2048x1366.jpg 2048w\" sizes=\"(max-width: 1024px) 100vw, 1024px\" \/><\/figure><\/div>\n\n\n<div style=\"height:45px\" aria-hidden=\"true\" class=\"wp-block-spacer\"><\/div>\n\n\n\n<p><em>\u201eD\u00edky nov\u011b p\u0159\u00edchoz\u00edm medv\u011bd\u00edm bratr\u016fm maj\u00ed Pra\u017ean\u00e9 i dal\u0161\u00ed n\u00e1v\u0161t\u011bvn\u00edci na\u0161\u00ed zoo mo\u017enost pozorovat ledn\u00ed medv\u011bdy i v dob\u011b, kdy p\u0159ipravujeme stavbu expozice Arktida. Pr\u00e1v\u011b v n\u00ed naleznou tato pro Zoo Praha ikonick\u00e1 a nav\u00edc velmi ohro\u017een\u00e1 zv\u00ed\u0159ata nov\u00fd domov. Arktida, jej\u00ed\u017e stavba by m\u011bla za\u010d\u00edt v tomto roce, poskytne ledn\u00edm medv\u011bd\u016fm prvot\u0159\u00eddn\u00ed podm\u00ednky pro odchov ml\u00e1\u010fat a bude l\u00e1kat n\u00e1v\u0161t\u011bvn\u00edky z cel\u00e9ho sv\u011bta,\u201c <\/em>uvedla n\u00e1m\u011bstkyn\u011b prim\u00e1tora hl. m. Prahy pro oblast \u017eivotn\u00edho prost\u0159ed\u00ed Jana Komrskov\u00e1.<\/p>\n\n\n\n<p>P\u0159iv\u00edt\u00e1n\u00ed obou medv\u011bd\u00edch bratr\u016f spojen\u00e9 s\u00a0fototerm\u00ednem pro m\u00e9dia prob\u011bhne ve\u00a0st\u0159edu 22. kv\u011btna od 11.30. Novin\u00e1\u0159i se mohou akreditovat na emailu <strong><u>masek@zoopraha.cz<\/u><\/strong>. N\u00e1v\u0161t\u011bvn\u00edci se mohou t\u011b\u0161it na tematick\u00e9 hern\u00ed stanovi\u0161t\u011b.<\/p>\n\n\n\n<p>Kolem expozi\u010dn\u00edch skel jsou ode dne\u0161ka nainstalov\u00e1ny provizorn\u00ed z\u00e1brany, d\u00edky kter\u00fdm si medv\u011bdi l\u00e9pe zvyknou na p\u0159\u00edtomnost ps\u016f v\u00a0are\u00e1lu \u2013 z\u00a0polsk\u00e9 metropole na n\u011b toti\u017e nejsou zvykl\u00ed. Toto do\u010dasn\u00e9 opat\u0159en\u00ed nijak nesn\u00ed\u017e\u00ed n\u00e1v\u0161t\u011bvnick\u00fd komfort.<\/p>\n\n\n\n<div style=\"height:45px\" aria-hidden=\"true\" class=\"wp-block-spacer\"><\/div>\n\n\n\n<figure class=\"wp-block-gallery has-nested-images columns-2 is-cropped wp-block-gallery-1 is-layout-flex wp-block-gallery-is-layout-flex\">\n<figure class=\"wp-block-image size-large\"><img loading=\"lazy\" decoding=\"async\" width=\"1024\" height=\"683\" data-id=\"5549\" src=\"https:\/\/kidshouse.cz\/wp-content\/uploads\/2024\/05\/Foto-1_Z09_5000_export-1024x683.jpg\" alt=\"Dvoj\u010data ledn\u00edch medv\u011bd\u016f dorazila do\u00a0Zoo Praha\" class=\"wp-image-5549\" srcset=\"https:\/\/kidshouse.cz\/wp-content\/uploads\/2024\/05\/Foto-1_Z09_5000_export-1024x683.jpg 1024w, https:\/\/kidshouse.cz\/wp-content\/uploads\/2024\/05\/Foto-1_Z09_5000_export-300x200.jpg 300w, https:\/\/kidshouse.cz\/wp-content\/uploads\/2024\/05\/Foto-1_Z09_5000_export-768x512.jpg 768w, https:\/\/kidshouse.cz\/wp-content\/uploads\/2024\/05\/Foto-1_Z09_5000_export-1536x1024.jpg 1536w, https:\/\/kidshouse.cz\/wp-content\/uploads\/2024\/05\/Foto-1_Z09_5000_export-2048x1366.jpg 2048w\" sizes=\"(max-width: 1024px) 100vw, 1024px\" \/><\/figure>\n\n\n\n<figure class=\"wp-block-image size-large\"><img loading=\"lazy\" decoding=\"async\" width=\"1024\" height=\"683\" data-id=\"5551\" src=\"https:\/\/kidshouse.cz\/wp-content\/uploads\/2024\/05\/Foto-2_Z09_5014_export-1024x683.jpg\" alt=\"Dvoj\u010data ledn\u00edch medv\u011bd\u016f dorazila do\u00a0Zoo Praha\" class=\"wp-image-5551\" srcset=\"https:\/\/kidshouse.cz\/wp-content\/uploads\/2024\/05\/Foto-2_Z09_5014_export-1024x683.jpg 1024w, https:\/\/kidshouse.cz\/wp-content\/uploads\/2024\/05\/Foto-2_Z09_5014_export-300x200.jpg 300w, https:\/\/kidshouse.cz\/wp-content\/uploads\/2024\/05\/Foto-2_Z09_5014_export-768x512.jpg 768w, https:\/\/kidshouse.cz\/wp-content\/uploads\/2024\/05\/Foto-2_Z09_5014_export-1536x1024.jpg 1536w, https:\/\/kidshouse.cz\/wp-content\/uploads\/2024\/05\/Foto-2_Z09_5014_export-2048x1366.jpg 2048w\" sizes=\"(max-width: 1024px) 100vw, 1024px\" \/><\/figure>\n\n\n\n<figure class=\"wp-block-image size-large\"><img loading=\"lazy\" decoding=\"async\" width=\"1024\" height=\"683\" data-id=\"5550\" src=\"https:\/\/kidshouse.cz\/wp-content\/uploads\/2024\/05\/Foto-3_Z09_5194_export-1024x683.jpg\" alt=\"Dvoj\u010data ledn\u00edch medv\u011bd\u016f dorazila do\u00a0Zoo Praha\" class=\"wp-image-5550\" srcset=\"https:\/\/kidshouse.cz\/wp-content\/uploads\/2024\/05\/Foto-3_Z09_5194_export-1024x683.jpg 1024w, https:\/\/kidshouse.cz\/wp-content\/uploads\/2024\/05\/Foto-3_Z09_5194_export-300x200.jpg 300w, https:\/\/kidshouse.cz\/wp-content\/uploads\/2024\/05\/Foto-3_Z09_5194_export-768x512.jpg 768w, https:\/\/kidshouse.cz\/wp-content\/uploads\/2024\/05\/Foto-3_Z09_5194_export-1536x1024.jpg 1536w, https:\/\/kidshouse.cz\/wp-content\/uploads\/2024\/05\/Foto-3_Z09_5194_export-2048x1366.jpg 2048w\" sizes=\"(max-width: 1024px) 100vw, 1024px\" \/><\/figure>\n<\/figure>\n\n\n\n<div style=\"height:45px\" aria-hidden=\"true\" class=\"wp-block-spacer\"><\/div>\n\n\n\n<p><strong>Zdroj foto:<\/strong>&nbsp;ZOO Praha<\/p>\n\n\n\n<div style=\"height:45px\" aria-hidden=\"true\" class=\"wp-block-spacer\"><\/div>\n","protected":false},"excerpt":{"rendered":"<p>V pavilonu Rezervace Dja v Zoo Praha se neust\u00e1le n\u011bco d\u011bje: nov\u011b mohli n\u00e1v\u0161t\u011bvn\u00edci pozorovat ob\u011b dv\u011b goril\u00ed ml\u00e1\u010fata v n\u00e1ru\u010di jedn\u00e9 z matek. Duni toti\u017e v\u010dera nosila sou\u010dasn\u011b svou t\u00e9m\u011b\u0159 \u010dty\u0159m\u011bs\u00ed\u010dn\u00ed dceru Mobi&#46;&#46;&#46;<\/p>\n","protected":false},"author":9,"featured_media":5549,"comment_status":"closed","ping_status":"closed","sticky":false,"template":"","format":"standard","meta":{"_monsterinsights_skip_tracking":false,"_monsterinsights_sitenote_active":false,"_monsterinsights_sitenote_note":"","_monsterinsights_sitenote_category":0,"footnotes":""},"categories":[4,2,13],"tags":[],"yoast_head":"<!-- This site is optimized with the Yoast SEO plugin v21.5 - https:\/\/yoast.com\/wordpress\/plugins\/seo\/ -->\n<title>Dvoj\u010data ledn\u00edch medv\u011bd\u016f dorazila do\u00a0Zoo Praha - KIDSHOUSE.cz<\/title>\n<meta name=\"description\" content=\"V pavilonu Rezervace Dja v Zoo Praha se neust\u00e1le n\u011bco d\u011bje: nov\u011b mohli n\u00e1v\u0161t\u011bvn\u00edci pozorovat ob\u011b dv\u011b goril\u00ed ml\u00e1\u010fata v n\u00e1ru\u010di jedn\u00e9 z matek.\" \/>\n<meta name=\"robots\" content=\"index, follow, max-snippet:-1, max-image-preview:large, max-video-preview:-1\" \/>\n<link rel=\"canonical\" href=\"https:\/\/kidshouse.cz\/index.php\/2024\/06\/03\/dvojcata-lednich-medvedu-dorazila-do-zoo-praha\/\" \/>\n<meta property=\"og:locale\" content=\"cs_CZ\" \/>\n<meta property=\"og:type\" content=\"article\" \/>\n<meta property=\"og:title\" content=\"Dvoj\u010data ledn\u00edch medv\u011bd\u016f dorazila do\u00a0Zoo Praha - KIDSHOUSE.cz\" \/>\n<meta property=\"og:description\" content=\"V pavilonu Rezervace Dja v Zoo Praha se neust\u00e1le n\u011bco d\u011bje: nov\u011b mohli n\u00e1v\u0161t\u011bvn\u00edci pozorovat ob\u011b dv\u011b goril\u00ed ml\u00e1\u010fata v n\u00e1ru\u010di jedn\u00e9 z matek.\" \/>\n<meta property=\"og:url\" content=\"https:\/\/kidshouse.cz\/index.php\/2024\/06\/03\/dvojcata-lednich-medvedu-dorazila-do-zoo-praha\/\" \/>\n<meta property=\"og:site_name\" content=\"KIDSHOUSE.cz\" \/>\n<meta property=\"article:published_time\" content=\"2024-06-02T22:01:00+00:00\" \/>\n<meta property=\"article:modified_time\" content=\"2024-05-31T00:26:53+00:00\" \/>\n<meta property=\"og:image\" content=\"https:\/\/kidshouse.cz\/wp-content\/uploads\/2024\/05\/Foto-1_Z09_5000_export-scaled.jpg\" \/>\n\t<meta property=\"og:image:width\" content=\"2560\" \/>\n\t<meta property=\"og:image:height\" content=\"1707\" \/>\n\t<meta property=\"og:image:type\" content=\"image\/jpeg\" \/>\n<meta name=\"author\" content=\"Martina Pechov\u00e1\" \/>\n<meta name=\"twitter:card\" content=\"summary_large_image\" \/>\n<meta name=\"twitter:label1\" content=\"Napsal(a)\" \/>\n\t<meta name=\"twitter:data1\" content=\"Martina Pechov\u00e1\" \/>\n\t<meta name=\"twitter:label2\" content=\"Odhadovan\u00e1 doba \u010dten\u00ed\" \/>\n\t<meta name=\"twitter:data2\" content=\"3 minuty\" \/>\n<script type=\"application\/ld+json\" class=\"yoast-schema-graph\">{\"@context\":\"https:\/\/schema.org\",\"@graph\":[{\"@type\":\"Article\",\"@id\":\"https:\/\/kidshouse.cz\/index.php\/2024\/06\/03\/dvojcata-lednich-medvedu-dorazila-do-zoo-praha\/#article\",\"isPartOf\":{\"@id\":\"https:\/\/kidshouse.cz\/index.php\/2024\/06\/03\/dvojcata-lednich-medvedu-dorazila-do-zoo-praha\/\"},\"author\":{\"name\":\"Martina Pechov\u00e1\",\"@id\":\"https:\/\/kidshouse.cz\/#\/schema\/person\/f0eea6c2eacd40fd22a3dc8c932f263d\"},\"headline\":\"Dvoj\u010data ledn\u00edch medv\u011bd\u016f dorazila do\u00a0Zoo Praha\",\"datePublished\":\"2024-06-02T22:01:00+00:00\",\"dateModified\":\"2024-05-31T00:26:53+00:00\",\"mainEntityOfPage\":{\"@id\":\"https:\/\/kidshouse.cz\/index.php\/2024\/06\/03\/dvojcata-lednich-medvedu-dorazila-do-zoo-praha\/\"},\"wordCount\":422,\"publisher\":{\"@id\":\"https:\/\/kidshouse.cz\/#organization\"},\"articleSection\":[\"FOTOREPORTY\",\"NEWS\",\"PRO NEJMEN\u0160\u00cd\"],\"inLanguage\":\"cs\"},{\"@type\":\"WebPage\",\"@id\":\"https:\/\/kidshouse.cz\/index.php\/2024\/06\/03\/dvojcata-lednich-medvedu-dorazila-do-zoo-praha\/\",\"url\":\"https:\/\/kidshouse.cz\/index.php\/2024\/06\/03\/dvojcata-lednich-medvedu-dorazila-do-zoo-praha\/\",\"name\":\"Dvoj\u010data ledn\u00edch medv\u011bd\u016f dorazila do\u00a0Zoo Praha - KIDSHOUSE.cz\",\"isPartOf\":{\"@id\":\"https:\/\/kidshouse.cz\/#website\"},\"datePublished\":\"2024-06-02T22:01:00+00:00\",\"dateModified\":\"2024-05-31T00:26:53+00:00\",\"description\":\"V pavilonu Rezervace Dja v Zoo Praha se neust\u00e1le n\u011bco d\u011bje: nov\u011b mohli n\u00e1v\u0161t\u011bvn\u00edci pozorovat ob\u011b dv\u011b goril\u00ed ml\u00e1\u010fata v n\u00e1ru\u010di jedn\u00e9 z matek.\",\"breadcrumb\":{\"@id\":\"https:\/\/kidshouse.cz\/index.php\/2024\/06\/03\/dvojcata-lednich-medvedu-dorazila-do-zoo-praha\/#breadcrumb\"},\"inLanguage\":\"cs\",\"potentialAction\":[{\"@type\":\"ReadAction\",\"target\":[\"https:\/\/kidshouse.cz\/index.php\/2024\/06\/03\/dvojcata-lednich-medvedu-dorazila-do-zoo-praha\/\"]}]},{\"@type\":\"BreadcrumbList\",\"@id\":\"https:\/\/kidshouse.cz\/index.php\/2024\/06\/03\/dvojcata-lednich-medvedu-dorazila-do-zoo-praha\/#breadcrumb\",\"itemListElement\":[{\"@type\":\"ListItem\",\"position\":1,\"name\":\"Dom\u016f\",\"item\":\"https:\/\/kidshouse.cz\/\"},{\"@type\":\"ListItem\",\"position\":2,\"name\":\"Dvoj\u010data ledn\u00edch medv\u011bd\u016f dorazila do\u00a0Zoo Praha\"}]},{\"@type\":\"WebSite\",\"@id\":\"https:\/\/kidshouse.cz\/#website\",\"url\":\"https:\/\/kidshouse.cz\/\",\"name\":\"KIDSHOUSE.cz\",\"description\":\"Port\u00e1l pro d\u011bti a jejich rodi\u010de...\",\"publisher\":{\"@id\":\"https:\/\/kidshouse.cz\/#organization\"},\"potentialAction\":[{\"@type\":\"SearchAction\",\"target\":{\"@type\":\"EntryPoint\",\"urlTemplate\":\"https:\/\/kidshouse.cz\/?s={search_term_string}\"},\"query-input\":\"required name=search_term_string\"}],\"inLanguage\":\"cs\"},{\"@type\":\"Organization\",\"@id\":\"https:\/\/kidshouse.cz\/#organization\",\"name\":\"KIDSHOUSE.cz\",\"url\":\"https:\/\/kidshouse.cz\/\",\"logo\":{\"@type\":\"ImageObject\",\"inLanguage\":\"cs\",\"@id\":\"https:\/\/kidshouse.cz\/#\/schema\/logo\/image\/\",\"url\":\"https:\/\/kidshouse.cz\/wp-content\/uploads\/2020\/06\/Logo_KIDSHOUSE_2.jpg\",\"contentUrl\":\"https:\/\/kidshouse.cz\/wp-content\/uploads\/2020\/06\/Logo_KIDSHOUSE_2.jpg\",\"width\":996,\"height\":357,\"caption\":\"KIDSHOUSE.cz\"},\"image\":{\"@id\":\"https:\/\/kidshouse.cz\/#\/schema\/logo\/image\/\"}},{\"@type\":\"Person\",\"@id\":\"https:\/\/kidshouse.cz\/#\/schema\/person\/f0eea6c2eacd40fd22a3dc8c932f263d\",\"name\":\"Martina Pechov\u00e1\",\"image\":{\"@type\":\"ImageObject\",\"inLanguage\":\"cs\",\"@id\":\"https:\/\/kidshouse.cz\/#\/schema\/person\/image\/\",\"url\":\"https:\/\/secure.gravatar.com\/avatar\/d3ad7f43789eed68b221d01c6d7ac4e5?s=96&d=mm&r=g\",\"contentUrl\":\"https:\/\/secure.gravatar.com\/avatar\/d3ad7f43789eed68b221d01c6d7ac4e5?s=96&d=mm&r=g\",\"caption\":\"Martina Pechov\u00e1\"},\"sameAs\":[\"http:\/\/KIDSHOUSE.cz\"],\"url\":\"https:\/\/kidshouse.cz\/index.php\/author\/marpech\/\"}]}<\/script>\n<!-- \/ Yoast SEO plugin. -->","yoast_head_json":{"title":"Dvoj\u010data ledn\u00edch medv\u011bd\u016f dorazila do\u00a0Zoo Praha - KIDSHOUSE.cz","description":"V pavilonu Rezervace Dja v Zoo Praha se neust\u00e1le n\u011bco d\u011bje: nov\u011b mohli n\u00e1v\u0161t\u011bvn\u00edci pozorovat ob\u011b dv\u011b goril\u00ed ml\u00e1\u010fata v n\u00e1ru\u010di jedn\u00e9 z matek.","robots":{"index":"index","follow":"follow","max-snippet":"max-snippet:-1","max-image-preview":"max-image-preview:large","max-video-preview":"max-video-preview:-1"},"canonical":"https:\/\/kidshouse.cz\/index.php\/2024\/06\/03\/dvojcata-lednich-medvedu-dorazila-do-zoo-praha\/","og_locale":"cs_CZ","og_type":"article","og_title":"Dvoj\u010data ledn\u00edch medv\u011bd\u016f dorazila do\u00a0Zoo Praha - KIDSHOUSE.cz","og_description":"V pavilonu Rezervace Dja v Zoo Praha se neust\u00e1le n\u011bco d\u011bje: nov\u011b mohli n\u00e1v\u0161t\u011bvn\u00edci pozorovat ob\u011b dv\u011b goril\u00ed ml\u00e1\u010fata v n\u00e1ru\u010di jedn\u00e9 z matek.","og_url":"https:\/\/kidshouse.cz\/index.php\/2024\/06\/03\/dvojcata-lednich-medvedu-dorazila-do-zoo-praha\/","og_site_name":"KIDSHOUSE.cz","article_published_time":"2024-06-02T22:01:00+00:00","article_modified_time":"2024-05-31T00:26:53+00:00","og_image":[{"width":2560,"height":1707,"url":"https:\/\/kidshouse.cz\/wp-content\/uploads\/2024\/05\/Foto-1_Z09_5000_export-scaled.jpg","type":"image\/jpeg"}],"author":"Martina Pechov\u00e1","twitter_card":"summary_large_image","twitter_misc":{"Napsal(a)":"Martina Pechov\u00e1","Odhadovan\u00e1 doba \u010dten\u00ed":"3 minuty"},"schema":{"@context":"https:\/\/schema.org","@graph":[{"@type":"Article","@id":"https:\/\/kidshouse.cz\/index.php\/2024\/06\/03\/dvojcata-lednich-medvedu-dorazila-do-zoo-praha\/#article","isPartOf":{"@id":"https:\/\/kidshouse.cz\/index.php\/2024\/06\/03\/dvojcata-lednich-medvedu-dorazila-do-zoo-praha\/"},"author":{"name":"Martina Pechov\u00e1","@id":"https:\/\/kidshouse.cz\/#\/schema\/person\/f0eea6c2eacd40fd22a3dc8c932f263d"},"headline":"Dvoj\u010data ledn\u00edch medv\u011bd\u016f dorazila do\u00a0Zoo Praha","datePublished":"2024-06-02T22:01:00+00:00","dateModified":"2024-05-31T00:26:53+00:00","mainEntityOfPage":{"@id":"https:\/\/kidshouse.cz\/index.php\/2024\/06\/03\/dvojcata-lednich-medvedu-dorazila-do-zoo-praha\/"},"wordCount":422,"publisher":{"@id":"https:\/\/kidshouse.cz\/#organization"},"articleSection":["FOTOREPORTY","NEWS","PRO NEJMEN\u0160\u00cd"],"inLanguage":"cs"},{"@type":"WebPage","@id":"https:\/\/kidshouse.cz\/index.php\/2024\/06\/03\/dvojcata-lednich-medvedu-dorazila-do-zoo-praha\/","url":"https:\/\/kidshouse.cz\/index.php\/2024\/06\/03\/dvojcata-lednich-medvedu-dorazila-do-zoo-praha\/","name":"Dvoj\u010data ledn\u00edch medv\u011bd\u016f dorazila do\u00a0Zoo Praha - KIDSHOUSE.cz","isPartOf":{"@id":"https:\/\/kidshouse.cz\/#website"},"datePublished":"2024-06-02T22:01:00+00:00","dateModified":"2024-05-31T00:26:53+00:00","description":"V pavilonu Rezervace Dja v Zoo Praha se neust\u00e1le n\u011bco d\u011bje: nov\u011b mohli n\u00e1v\u0161t\u011bvn\u00edci pozorovat ob\u011b dv\u011b goril\u00ed ml\u00e1\u010fata v n\u00e1ru\u010di jedn\u00e9 z matek.","breadcrumb":{"@id":"https:\/\/kidshouse.cz\/index.php\/2024\/06\/03\/dvojcata-lednich-medvedu-dorazila-do-zoo-praha\/#breadcrumb"},"inLanguage":"cs","potentialAction":[{"@type":"ReadAction","target":["https:\/\/kidshouse.cz\/index.php\/2024\/06\/03\/dvojcata-lednich-medvedu-dorazila-do-zoo-praha\/"]}]},{"@type":"BreadcrumbList","@id":"https:\/\/kidshouse.cz\/index.php\/2024\/06\/03\/dvojcata-lednich-medvedu-dorazila-do-zoo-praha\/#breadcrumb","itemListElement":[{"@type":"ListItem","position":1,"name":"Dom\u016f","item":"https:\/\/kidshouse.cz\/"},{"@type":"ListItem","position":2,"name":"Dvoj\u010data ledn\u00edch medv\u011bd\u016f dorazila do\u00a0Zoo Praha"}]},{"@type":"WebSite","@id":"https:\/\/kidshouse.cz\/#website","url":"https:\/\/kidshouse.cz\/","name":"KIDSHOUSE.cz","description":"Port\u00e1l pro d\u011bti a jejich rodi\u010de...","publisher":{"@id":"https:\/\/kidshouse.cz\/#organization"},"potentialAction":[{"@type":"SearchAction","target":{"@type":"EntryPoint","urlTemplate":"https:\/\/kidshouse.cz\/?s={search_term_string}"},"query-input":"required name=search_term_string"}],"inLanguage":"cs"},{"@type":"Organization","@id":"https:\/\/kidshouse.cz\/#organization","name":"KIDSHOUSE.cz","url":"https:\/\/kidshouse.cz\/","logo":{"@type":"ImageObject","inLanguage":"cs","@id":"https:\/\/kidshouse.cz\/#\/schema\/logo\/image\/","url":"https:\/\/kidshouse.cz\/wp-content\/uploads\/2020\/06\/Logo_KIDSHOUSE_2.jpg","contentUrl":"https:\/\/kidshouse.cz\/wp-content\/uploads\/2020\/06\/Logo_KIDSHOUSE_2.jpg","width":996,"height":357,"caption":"KIDSHOUSE.cz"},"image":{"@id":"https:\/\/kidshouse.cz\/#\/schema\/logo\/image\/"}},{"@type":"Person","@id":"https:\/\/kidshouse.cz\/#\/schema\/person\/f0eea6c2eacd40fd22a3dc8c932f263d","name":"Martina Pechov\u00e1","image":{"@type":"ImageObject","inLanguage":"cs","@id":"https:\/\/kidshouse.cz\/#\/schema\/person\/image\/","url":"https:\/\/secure.gravatar.com\/avatar\/d3ad7f43789eed68b221d01c6d7ac4e5?s=96&d=mm&r=g","contentUrl":"https:\/\/secure.gravatar.com\/avatar\/d3ad7f43789eed68b221d01c6d7ac4e5?s=96&d=mm&r=g","caption":"Martina Pechov\u00e1"},"sameAs":["http:\/\/KIDSHOUSE.cz"],"url":"https:\/\/kidshouse.cz\/index.php\/author\/marpech\/"}]}},"_links":{"self":[{"href":"https:\/\/kidshouse.cz\/index.php\/wp-json\/wp\/v2\/posts\/5547"}],"collection":[{"href":"https:\/\/kidshouse.cz\/index.php\/wp-json\/wp\/v2\/posts"}],"about":[{"href":"https:\/\/kidshouse.cz\/index.php\/wp-json\/wp\/v2\/types\/post"}],"author":[{"embeddable":true,"href":"https:\/\/kidshouse.cz\/index.php\/wp-json\/wp\/v2\/users\/9"}],"replies":[{"embeddable":true,"href":"https:\/\/kidshouse.cz\/index.php\/wp-json\/wp\/v2\/comments?post=5547"}],"version-history":[{"count":2,"href":"https:\/\/kidshouse.cz\/index.php\/wp-json\/wp\/v2\/posts\/5547\/revisions"}],"predecessor-version":[{"id":5553,"href":"https:\/\/kidshouse.cz\/index.php\/wp-json\/wp\/v2\/posts\/5547\/revisions\/5553"}],"wp:featuredmedia":[{"embeddable":true,"href":"https:\/\/kidshouse.cz\/index.php\/wp-json\/wp\/v2\/media\/5549"}],"wp:attachment":[{"href":"https:\/\/kidshouse.cz\/index.php\/wp-json\/wp\/v2\/media?parent=5547"}],"wp:term":[{"taxonomy":"category","embeddable":true,"href":"https:\/\/kidshouse.cz\/index.php\/wp-json\/wp\/v2\/categories?post=5547"},{"taxonomy":"post_tag","embeddable":true,"href":"https:\/\/kidshouse.cz\/index.php\/wp-json\/wp\/v2\/tags?post=5547"}],"curies":[{"name":"wp","href":"https:\/\/api.w.org\/{rel}","templated":true}]}}