{"id":6090,"date":"2024-09-23T00:01:00","date_gmt":"2024-09-22T22:01:00","guid":{"rendered":"https:\/\/kidshouse.cz\/?p=6090"},"modified":"2024-09-28T16:34:38","modified_gmt":"2024-09-28T14:34:38","slug":"prazska-zoo-zlata-prasatka-v-rezervaci-dja","status":"publish","type":"post","link":"https:\/\/kidshouse.cz\/index.php\/2024\/09\/23\/prazska-zoo-zlata-prasatka-v-rezervaci-dja\/","title":{"rendered":"Pra\u017esk\u00e1 ZOO: \u201eZlat\u00e1 pras\u00e1tka\u201c v Rezervaci Dja"},"content":{"rendered":"\n<div style=\"height:45px\" aria-hidden=\"true\" class=\"wp-block-spacer\"><\/div>\n\n\n\n<p><strong>V Zoo Praha mohou n\u00e1v\u0161t\u011bvn\u00edci nov\u011b vid\u011bt p\u00e1r \u0161t\u011btkoun\u016f africk\u00fdch. Dosud byli v&nbsp;Rezervaci Dja ve spole\u010dn\u00e9 expozici s&nbsp;ko\u010dkodany Brazzov\u00fdmi dva samci. Jeden z&nbsp;nich se nyn\u00ed p\u0159est\u011bhuje do Tierparku Berl\u00edn a ke druh\u00e9mu byla z&nbsp;Magdeburku dovezena samice Jasna.<\/strong><\/p>\n\n\n\n<div style=\"height:45px\" aria-hidden=\"true\" class=\"wp-block-spacer\"><\/div>\n\n\n<div class=\"wp-block-image\">\n<figure class=\"aligncenter size-large\"><img loading=\"lazy\" decoding=\"async\" width=\"1024\" height=\"683\" src=\"https:\/\/kidshouse.cz\/wp-content\/uploads\/2024\/09\/Foto-2_Z09_5189_export-1024x683.jpg\" alt=\"\u201eZlat\u00e1 pras\u00e1tka\u201c v Rezervaci Dja\" class=\"wp-image-6092\" srcset=\"https:\/\/kidshouse.cz\/wp-content\/uploads\/2024\/09\/Foto-2_Z09_5189_export-1024x683.jpg 1024w, https:\/\/kidshouse.cz\/wp-content\/uploads\/2024\/09\/Foto-2_Z09_5189_export-300x200.jpg 300w, https:\/\/kidshouse.cz\/wp-content\/uploads\/2024\/09\/Foto-2_Z09_5189_export-768x512.jpg 768w, https:\/\/kidshouse.cz\/wp-content\/uploads\/2024\/09\/Foto-2_Z09_5189_export-1536x1024.jpg 1536w, https:\/\/kidshouse.cz\/wp-content\/uploads\/2024\/09\/Foto-2_Z09_5189_export-2048x1365.jpg 2048w\" sizes=\"(max-width: 1024px) 100vw, 1024px\" \/><\/figure><\/div>\n\n\n<div style=\"height:45px\" aria-hidden=\"true\" class=\"wp-block-spacer\"><\/div>\n\n\n\n<p>\u201e<em>Kdy\u017e jsem loni na \u0160t\u011bdr\u00fd den dal na soci\u00e1ln\u00ed s\u00edt\u011b fotografii jednoho z&nbsp;na\u0161ich \u0161t\u011btkoun\u016f a v&nbsp;nar\u00e1\u017ece na jeho zbarven\u00ed napsal, \u017ee v&nbsp;zoo m\u00e1me zlat\u00e9 pras\u00e1tko, vzbudilo to ne\u010dekan\u00fd z\u00e1jem. To n\u00e1s posl\u00e9ze dovedlo k&nbsp;debat\u011b, jestli bychom nem\u011bli sestavit chovn\u00fd p\u00e1r,\u201c <\/em>\u0159\u00edk\u00e1 \u0159editel Zoo Praha Miroslav Bobek. <em>\u201e\u0160t\u011btkouni afri\u010dt\u00ed jsou v\u0161ak pro n\u00e1s d\u016fle\u017eit\u00ed hlavn\u011b z&nbsp;jin\u00e9ho d\u016fvodu: tak\u00e9 o jejich ochranu usilujeme v&nbsp;r\u00e1mci na\u0161ich aktivit v&nbsp;Kamerunu.\u201c<\/em><\/p>\n\n\n\n<div style=\"height:45px\" aria-hidden=\"true\" class=\"wp-block-spacer\"><\/div>\n\n\n<div class=\"wp-block-image\">\n<figure class=\"aligncenter size-large\"><img loading=\"lazy\" decoding=\"async\" width=\"1024\" height=\"683\" src=\"https:\/\/kidshouse.cz\/wp-content\/uploads\/2024\/09\/Foto-1_D85_8904_export-1024x683.jpg\" alt=\"\u201eZlat\u00e1 pras\u00e1tka\u201c v Rezervaci Dja\" class=\"wp-image-6091\" srcset=\"https:\/\/kidshouse.cz\/wp-content\/uploads\/2024\/09\/Foto-1_D85_8904_export-1024x683.jpg 1024w, https:\/\/kidshouse.cz\/wp-content\/uploads\/2024\/09\/Foto-1_D85_8904_export-300x200.jpg 300w, https:\/\/kidshouse.cz\/wp-content\/uploads\/2024\/09\/Foto-1_D85_8904_export-768x512.jpg 768w, https:\/\/kidshouse.cz\/wp-content\/uploads\/2024\/09\/Foto-1_D85_8904_export-1536x1024.jpg 1536w, https:\/\/kidshouse.cz\/wp-content\/uploads\/2024\/09\/Foto-1_D85_8904_export-2048x1365.jpg 2048w\" sizes=\"(max-width: 1024px) 100vw, 1024px\" \/><\/figure><\/div>\n\n\n<div style=\"height:45px\" aria-hidden=\"true\" class=\"wp-block-spacer\"><\/div>\n\n\n\n<p>Chovatel\u00e9 o\u010dek\u00e1vaj\u00ed, \u017ee se od nov\u011b sestaven\u00e9ho p\u00e1ru \u0161t\u011btkoun\u016f do\u010dkaj\u00ed ml\u00e1\u010fat. Bylo by to poprv\u00e9 v historii, proto\u017ee a\u010dkoli je tento druh v Zoo Praha chov\u00e1n od roku 2001, v\u017edy \u0161lo pouze o samce.<\/p>\n\n\n\n<p>\u201e<em>Po p\u0159\u00edchodu do pavilonu m\u011bli samice a samec kontakt nejprve p\u0159es m\u0159\u00ed\u017e a vzhledem k absenci jak\u00e9hokoli n\u00e1znaku agrese, jsme je pustili k sob\u011b. \u017de si nov\u011b sestaven\u00fd \u0161t\u011btkoun\u00ed p\u00e1r vyhovuje, jsme poznali podle prvn\u00edho pokusu o p\u00e1\u0159en\u00ed hned druh\u00fd den,\u201c <\/em>uvedl kur\u00e1tor Jan Mengr.<\/p>\n\n\n\n<div style=\"height:45px\" aria-hidden=\"true\" class=\"wp-block-spacer\"><\/div>\n\n\n\n<figure class=\"wp-block-gallery has-nested-images columns-default is-cropped wp-block-gallery-1 is-layout-flex wp-block-gallery-is-layout-flex\">\n<figure class=\"wp-block-image size-large\"><img loading=\"lazy\" decoding=\"async\" width=\"1024\" height=\"683\" data-id=\"6091\" src=\"https:\/\/kidshouse.cz\/wp-content\/uploads\/2024\/09\/Foto-1_D85_8904_export-1024x683.jpg\" alt=\"\u201eZlat\u00e1 pras\u00e1tka\u201c v Rezervaci Dja\" class=\"wp-image-6091\" srcset=\"https:\/\/kidshouse.cz\/wp-content\/uploads\/2024\/09\/Foto-1_D85_8904_export-1024x683.jpg 1024w, https:\/\/kidshouse.cz\/wp-content\/uploads\/2024\/09\/Foto-1_D85_8904_export-300x200.jpg 300w, https:\/\/kidshouse.cz\/wp-content\/uploads\/2024\/09\/Foto-1_D85_8904_export-768x512.jpg 768w, https:\/\/kidshouse.cz\/wp-content\/uploads\/2024\/09\/Foto-1_D85_8904_export-1536x1024.jpg 1536w, https:\/\/kidshouse.cz\/wp-content\/uploads\/2024\/09\/Foto-1_D85_8904_export-2048x1365.jpg 2048w\" sizes=\"(max-width: 1024px) 100vw, 1024px\" \/><\/figure>\n\n\n\n<figure class=\"wp-block-image size-large\"><img loading=\"lazy\" decoding=\"async\" width=\"1024\" height=\"683\" data-id=\"6092\" src=\"https:\/\/kidshouse.cz\/wp-content\/uploads\/2024\/09\/Foto-2_Z09_5189_export-1024x683.jpg\" alt=\"\u201eZlat\u00e1 pras\u00e1tka\u201c v Rezervaci Dja\" class=\"wp-image-6092\" srcset=\"https:\/\/kidshouse.cz\/wp-content\/uploads\/2024\/09\/Foto-2_Z09_5189_export-1024x683.jpg 1024w, https:\/\/kidshouse.cz\/wp-content\/uploads\/2024\/09\/Foto-2_Z09_5189_export-300x200.jpg 300w, https:\/\/kidshouse.cz\/wp-content\/uploads\/2024\/09\/Foto-2_Z09_5189_export-768x512.jpg 768w, https:\/\/kidshouse.cz\/wp-content\/uploads\/2024\/09\/Foto-2_Z09_5189_export-1536x1024.jpg 1536w, https:\/\/kidshouse.cz\/wp-content\/uploads\/2024\/09\/Foto-2_Z09_5189_export-2048x1365.jpg 2048w\" sizes=\"(max-width: 1024px) 100vw, 1024px\" \/><\/figure>\n<\/figure>\n\n\n\n<div style=\"height:45px\" aria-hidden=\"true\" class=\"wp-block-spacer\"><\/div>\n\n\n\n<p><strong>Zdroj foto:<\/strong> Zoo Praha<\/p>\n\n\n\n<div style=\"height:45px\" aria-hidden=\"true\" class=\"wp-block-spacer\"><\/div>\n","protected":false},"excerpt":{"rendered":"<p>V Zoo Praha mohou n\u00e1v\u0161t\u011bvn\u00edci nov\u011b vid\u011bt p\u00e1r \u0161t\u011btkoun\u016f africk\u00fdch. Dosud byli v&nbsp;Rezervaci Dja ve spole\u010dn\u00e9 expozici s&nbsp;ko\u010dkodany Brazzov\u00fdmi dva samci. Jeden z&nbsp;nich se nyn\u00ed p\u0159est\u011bhuje do Tierparku Berl\u00edn a ke druh\u00e9mu byla z&nbsp;Magdeburku&#46;&#46;&#46;<\/p>\n","protected":false},"author":9,"featured_media":6092,"comment_status":"closed","ping_status":"closed","sticky":false,"template":"","format":"standard","meta":{"_monsterinsights_skip_tracking":false,"_monsterinsights_sitenote_active":false,"_monsterinsights_sitenote_note":"","_monsterinsights_sitenote_category":0,"footnotes":""},"categories":[17,4,2,84,13,9],"tags":[],"yoast_head":"<!-- This site is optimized with the Yoast SEO plugin v21.5 - https:\/\/yoast.com\/wordpress\/plugins\/seo\/ -->\n<title>Pra\u017esk\u00e1 ZOO: \u201eZlat\u00e1 pras\u00e1tka\u201c v Rezervaci Dja - KIDSHOUSE.cz<\/title>\n<meta name=\"description\" content=\"V Zoo Praha mohou n\u00e1v\u0161t\u011bvn\u00edci nov\u011b vid\u011bt p\u00e1r \u0161t\u011btkoun\u016f africk\u00fdch. Dosud byli v\u00a0Rezervaci Dja s\u00a0ko\u010dkodany Brazzov\u00fdmi dva samci.\" \/>\n<meta name=\"robots\" content=\"index, follow, max-snippet:-1, max-image-preview:large, max-video-preview:-1\" \/>\n<link rel=\"canonical\" href=\"https:\/\/kidshouse.cz\/index.php\/2024\/09\/23\/prazska-zoo-zlata-prasatka-v-rezervaci-dja\/\" \/>\n<meta property=\"og:locale\" content=\"cs_CZ\" \/>\n<meta property=\"og:type\" content=\"article\" \/>\n<meta property=\"og:title\" content=\"Pra\u017esk\u00e1 ZOO: \u201eZlat\u00e1 pras\u00e1tka\u201c v Rezervaci Dja - KIDSHOUSE.cz\" \/>\n<meta property=\"og:description\" content=\"V Zoo Praha mohou n\u00e1v\u0161t\u011bvn\u00edci nov\u011b vid\u011bt p\u00e1r \u0161t\u011btkoun\u016f africk\u00fdch. Dosud byli v\u00a0Rezervaci Dja s\u00a0ko\u010dkodany Brazzov\u00fdmi dva samci.\" \/>\n<meta property=\"og:url\" content=\"https:\/\/kidshouse.cz\/index.php\/2024\/09\/23\/prazska-zoo-zlata-prasatka-v-rezervaci-dja\/\" \/>\n<meta property=\"og:site_name\" content=\"KIDSHOUSE.cz\" \/>\n<meta property=\"article:published_time\" content=\"2024-09-22T22:01:00+00:00\" \/>\n<meta property=\"article:modified_time\" content=\"2024-09-28T14:34:38+00:00\" \/>\n<meta property=\"og:image\" content=\"https:\/\/kidshouse.cz\/wp-content\/uploads\/2024\/09\/Foto-2_Z09_5189_export-scaled.jpg\" \/>\n\t<meta property=\"og:image:width\" content=\"2560\" \/>\n\t<meta property=\"og:image:height\" content=\"1706\" \/>\n\t<meta property=\"og:image:type\" content=\"image\/jpeg\" \/>\n<meta name=\"author\" content=\"Martina Pechov\u00e1\" \/>\n<meta name=\"twitter:card\" content=\"summary_large_image\" \/>\n<meta name=\"twitter:label1\" content=\"Napsal(a)\" \/>\n\t<meta name=\"twitter:data1\" content=\"Martina Pechov\u00e1\" \/>\n\t<meta name=\"twitter:label2\" content=\"Odhadovan\u00e1 doba \u010dten\u00ed\" \/>\n\t<meta name=\"twitter:data2\" content=\"2 minuty\" \/>\n<script type=\"application\/ld+json\" class=\"yoast-schema-graph\">{\"@context\":\"https:\/\/schema.org\",\"@graph\":[{\"@type\":\"Article\",\"@id\":\"https:\/\/kidshouse.cz\/index.php\/2024\/09\/23\/prazska-zoo-zlata-prasatka-v-rezervaci-dja\/#article\",\"isPartOf\":{\"@id\":\"https:\/\/kidshouse.cz\/index.php\/2024\/09\/23\/prazska-zoo-zlata-prasatka-v-rezervaci-dja\/\"},\"author\":{\"name\":\"Martina Pechov\u00e1\",\"@id\":\"https:\/\/kidshouse.cz\/#\/schema\/person\/f0eea6c2eacd40fd22a3dc8c932f263d\"},\"headline\":\"Pra\u017esk\u00e1 ZOO: \u201eZlat\u00e1 pras\u00e1tka\u201c v Rezervaci Dja\",\"datePublished\":\"2024-09-22T22:01:00+00:00\",\"dateModified\":\"2024-09-28T14:34:38+00:00\",\"mainEntityOfPage\":{\"@id\":\"https:\/\/kidshouse.cz\/index.php\/2024\/09\/23\/prazska-zoo-zlata-prasatka-v-rezervaci-dja\/\"},\"wordCount\":275,\"publisher\":{\"@id\":\"https:\/\/kidshouse.cz\/#organization\"},\"articleSection\":[\"AKCE\",\"FOTOREPORTY\",\"NEWS\",\"PRA\u017dSK\u00c1 ZOO\",\"PRO NEJMEN\u0160\u00cd\",\"TIPY\"],\"inLanguage\":\"cs\"},{\"@type\":\"WebPage\",\"@id\":\"https:\/\/kidshouse.cz\/index.php\/2024\/09\/23\/prazska-zoo-zlata-prasatka-v-rezervaci-dja\/\",\"url\":\"https:\/\/kidshouse.cz\/index.php\/2024\/09\/23\/prazska-zoo-zlata-prasatka-v-rezervaci-dja\/\",\"name\":\"Pra\u017esk\u00e1 ZOO: \u201eZlat\u00e1 pras\u00e1tka\u201c v Rezervaci Dja - KIDSHOUSE.cz\",\"isPartOf\":{\"@id\":\"https:\/\/kidshouse.cz\/#website\"},\"datePublished\":\"2024-09-22T22:01:00+00:00\",\"dateModified\":\"2024-09-28T14:34:38+00:00\",\"description\":\"V Zoo Praha mohou n\u00e1v\u0161t\u011bvn\u00edci nov\u011b vid\u011bt p\u00e1r \u0161t\u011btkoun\u016f africk\u00fdch. Dosud byli v\u00a0Rezervaci Dja s\u00a0ko\u010dkodany Brazzov\u00fdmi dva samci.\",\"breadcrumb\":{\"@id\":\"https:\/\/kidshouse.cz\/index.php\/2024\/09\/23\/prazska-zoo-zlata-prasatka-v-rezervaci-dja\/#breadcrumb\"},\"inLanguage\":\"cs\",\"potentialAction\":[{\"@type\":\"ReadAction\",\"target\":[\"https:\/\/kidshouse.cz\/index.php\/2024\/09\/23\/prazska-zoo-zlata-prasatka-v-rezervaci-dja\/\"]}]},{\"@type\":\"BreadcrumbList\",\"@id\":\"https:\/\/kidshouse.cz\/index.php\/2024\/09\/23\/prazska-zoo-zlata-prasatka-v-rezervaci-dja\/#breadcrumb\",\"itemListElement\":[{\"@type\":\"ListItem\",\"position\":1,\"name\":\"Dom\u016f\",\"item\":\"https:\/\/kidshouse.cz\/\"},{\"@type\":\"ListItem\",\"position\":2,\"name\":\"Pra\u017esk\u00e1 ZOO: \u201eZlat\u00e1 pras\u00e1tka\u201c v Rezervaci Dja\"}]},{\"@type\":\"WebSite\",\"@id\":\"https:\/\/kidshouse.cz\/#website\",\"url\":\"https:\/\/kidshouse.cz\/\",\"name\":\"KIDSHOUSE.cz\",\"description\":\"Port\u00e1l pro d\u011bti a jejich rodi\u010de...\",\"publisher\":{\"@id\":\"https:\/\/kidshouse.cz\/#organization\"},\"potentialAction\":[{\"@type\":\"SearchAction\",\"target\":{\"@type\":\"EntryPoint\",\"urlTemplate\":\"https:\/\/kidshouse.cz\/?s={search_term_string}\"},\"query-input\":\"required name=search_term_string\"}],\"inLanguage\":\"cs\"},{\"@type\":\"Organization\",\"@id\":\"https:\/\/kidshouse.cz\/#organization\",\"name\":\"KIDSHOUSE.cz\",\"url\":\"https:\/\/kidshouse.cz\/\",\"logo\":{\"@type\":\"ImageObject\",\"inLanguage\":\"cs\",\"@id\":\"https:\/\/kidshouse.cz\/#\/schema\/logo\/image\/\",\"url\":\"https:\/\/kidshouse.cz\/wp-content\/uploads\/2020\/06\/Logo_KIDSHOUSE_2.jpg\",\"contentUrl\":\"https:\/\/kidshouse.cz\/wp-content\/uploads\/2020\/06\/Logo_KIDSHOUSE_2.jpg\",\"width\":996,\"height\":357,\"caption\":\"KIDSHOUSE.cz\"},\"image\":{\"@id\":\"https:\/\/kidshouse.cz\/#\/schema\/logo\/image\/\"}},{\"@type\":\"Person\",\"@id\":\"https:\/\/kidshouse.cz\/#\/schema\/person\/f0eea6c2eacd40fd22a3dc8c932f263d\",\"name\":\"Martina Pechov\u00e1\",\"image\":{\"@type\":\"ImageObject\",\"inLanguage\":\"cs\",\"@id\":\"https:\/\/kidshouse.cz\/#\/schema\/person\/image\/\",\"url\":\"https:\/\/secure.gravatar.com\/avatar\/d3ad7f43789eed68b221d01c6d7ac4e5?s=96&d=mm&r=g\",\"contentUrl\":\"https:\/\/secure.gravatar.com\/avatar\/d3ad7f43789eed68b221d01c6d7ac4e5?s=96&d=mm&r=g\",\"caption\":\"Martina Pechov\u00e1\"},\"sameAs\":[\"http:\/\/KIDSHOUSE.cz\"],\"url\":\"https:\/\/kidshouse.cz\/index.php\/author\/marpech\/\"}]}<\/script>\n<!-- \/ Yoast SEO plugin. -->","yoast_head_json":{"title":"Pra\u017esk\u00e1 ZOO: \u201eZlat\u00e1 pras\u00e1tka\u201c v Rezervaci Dja - KIDSHOUSE.cz","description":"V Zoo Praha mohou n\u00e1v\u0161t\u011bvn\u00edci nov\u011b vid\u011bt p\u00e1r \u0161t\u011btkoun\u016f africk\u00fdch. Dosud byli v\u00a0Rezervaci Dja s\u00a0ko\u010dkodany Brazzov\u00fdmi dva samci.","robots":{"index":"index","follow":"follow","max-snippet":"max-snippet:-1","max-image-preview":"max-image-preview:large","max-video-preview":"max-video-preview:-1"},"canonical":"https:\/\/kidshouse.cz\/index.php\/2024\/09\/23\/prazska-zoo-zlata-prasatka-v-rezervaci-dja\/","og_locale":"cs_CZ","og_type":"article","og_title":"Pra\u017esk\u00e1 ZOO: \u201eZlat\u00e1 pras\u00e1tka\u201c v Rezervaci Dja - KIDSHOUSE.cz","og_description":"V Zoo Praha mohou n\u00e1v\u0161t\u011bvn\u00edci nov\u011b vid\u011bt p\u00e1r \u0161t\u011btkoun\u016f africk\u00fdch. Dosud byli v\u00a0Rezervaci Dja s\u00a0ko\u010dkodany Brazzov\u00fdmi dva samci.","og_url":"https:\/\/kidshouse.cz\/index.php\/2024\/09\/23\/prazska-zoo-zlata-prasatka-v-rezervaci-dja\/","og_site_name":"KIDSHOUSE.cz","article_published_time":"2024-09-22T22:01:00+00:00","article_modified_time":"2024-09-28T14:34:38+00:00","og_image":[{"width":2560,"height":1706,"url":"https:\/\/kidshouse.cz\/wp-content\/uploads\/2024\/09\/Foto-2_Z09_5189_export-scaled.jpg","type":"image\/jpeg"}],"author":"Martina Pechov\u00e1","twitter_card":"summary_large_image","twitter_misc":{"Napsal(a)":"Martina Pechov\u00e1","Odhadovan\u00e1 doba \u010dten\u00ed":"2 minuty"},"schema":{"@context":"https:\/\/schema.org","@graph":[{"@type":"Article","@id":"https:\/\/kidshouse.cz\/index.php\/2024\/09\/23\/prazska-zoo-zlata-prasatka-v-rezervaci-dja\/#article","isPartOf":{"@id":"https:\/\/kidshouse.cz\/index.php\/2024\/09\/23\/prazska-zoo-zlata-prasatka-v-rezervaci-dja\/"},"author":{"name":"Martina Pechov\u00e1","@id":"https:\/\/kidshouse.cz\/#\/schema\/person\/f0eea6c2eacd40fd22a3dc8c932f263d"},"headline":"Pra\u017esk\u00e1 ZOO: \u201eZlat\u00e1 pras\u00e1tka\u201c v Rezervaci Dja","datePublished":"2024-09-22T22:01:00+00:00","dateModified":"2024-09-28T14:34:38+00:00","mainEntityOfPage":{"@id":"https:\/\/kidshouse.cz\/index.php\/2024\/09\/23\/prazska-zoo-zlata-prasatka-v-rezervaci-dja\/"},"wordCount":275,"publisher":{"@id":"https:\/\/kidshouse.cz\/#organization"},"articleSection":["AKCE","FOTOREPORTY","NEWS","PRA\u017dSK\u00c1 ZOO","PRO NEJMEN\u0160\u00cd","TIPY"],"inLanguage":"cs"},{"@type":"WebPage","@id":"https:\/\/kidshouse.cz\/index.php\/2024\/09\/23\/prazska-zoo-zlata-prasatka-v-rezervaci-dja\/","url":"https:\/\/kidshouse.cz\/index.php\/2024\/09\/23\/prazska-zoo-zlata-prasatka-v-rezervaci-dja\/","name":"Pra\u017esk\u00e1 ZOO: \u201eZlat\u00e1 pras\u00e1tka\u201c v Rezervaci Dja - KIDSHOUSE.cz","isPartOf":{"@id":"https:\/\/kidshouse.cz\/#website"},"datePublished":"2024-09-22T22:01:00+00:00","dateModified":"2024-09-28T14:34:38+00:00","description":"V Zoo Praha mohou n\u00e1v\u0161t\u011bvn\u00edci nov\u011b vid\u011bt p\u00e1r \u0161t\u011btkoun\u016f africk\u00fdch. Dosud byli v\u00a0Rezervaci Dja s\u00a0ko\u010dkodany Brazzov\u00fdmi dva samci.","breadcrumb":{"@id":"https:\/\/kidshouse.cz\/index.php\/2024\/09\/23\/prazska-zoo-zlata-prasatka-v-rezervaci-dja\/#breadcrumb"},"inLanguage":"cs","potentialAction":[{"@type":"ReadAction","target":["https:\/\/kidshouse.cz\/index.php\/2024\/09\/23\/prazska-zoo-zlata-prasatka-v-rezervaci-dja\/"]}]},{"@type":"BreadcrumbList","@id":"https:\/\/kidshouse.cz\/index.php\/2024\/09\/23\/prazska-zoo-zlata-prasatka-v-rezervaci-dja\/#breadcrumb","itemListElement":[{"@type":"ListItem","position":1,"name":"Dom\u016f","item":"https:\/\/kidshouse.cz\/"},{"@type":"ListItem","position":2,"name":"Pra\u017esk\u00e1 ZOO: \u201eZlat\u00e1 pras\u00e1tka\u201c v Rezervaci Dja"}]},{"@type":"WebSite","@id":"https:\/\/kidshouse.cz\/#website","url":"https:\/\/kidshouse.cz\/","name":"KIDSHOUSE.cz","description":"Port\u00e1l pro d\u011bti a jejich rodi\u010de...","publisher":{"@id":"https:\/\/kidshouse.cz\/#organization"},"potentialAction":[{"@type":"SearchAction","target":{"@type":"EntryPoint","urlTemplate":"https:\/\/kidshouse.cz\/?s={search_term_string}"},"query-input":"required name=search_term_string"}],"inLanguage":"cs"},{"@type":"Organization","@id":"https:\/\/kidshouse.cz\/#organization","name":"KIDSHOUSE.cz","url":"https:\/\/kidshouse.cz\/","logo":{"@type":"ImageObject","inLanguage":"cs","@id":"https:\/\/kidshouse.cz\/#\/schema\/logo\/image\/","url":"https:\/\/kidshouse.cz\/wp-content\/uploads\/2020\/06\/Logo_KIDSHOUSE_2.jpg","contentUrl":"https:\/\/kidshouse.cz\/wp-content\/uploads\/2020\/06\/Logo_KIDSHOUSE_2.jpg","width":996,"height":357,"caption":"KIDSHOUSE.cz"},"image":{"@id":"https:\/\/kidshouse.cz\/#\/schema\/logo\/image\/"}},{"@type":"Person","@id":"https:\/\/kidshouse.cz\/#\/schema\/person\/f0eea6c2eacd40fd22a3dc8c932f263d","name":"Martina Pechov\u00e1","image":{"@type":"ImageObject","inLanguage":"cs","@id":"https:\/\/kidshouse.cz\/#\/schema\/person\/image\/","url":"https:\/\/secure.gravatar.com\/avatar\/d3ad7f43789eed68b221d01c6d7ac4e5?s=96&d=mm&r=g","contentUrl":"https:\/\/secure.gravatar.com\/avatar\/d3ad7f43789eed68b221d01c6d7ac4e5?s=96&d=mm&r=g","caption":"Martina Pechov\u00e1"},"sameAs":["http:\/\/KIDSHOUSE.cz"],"url":"https:\/\/kidshouse.cz\/index.php\/author\/marpech\/"}]}},"_links":{"self":[{"href":"https:\/\/kidshouse.cz\/index.php\/wp-json\/wp\/v2\/posts\/6090"}],"collection":[{"href":"https:\/\/kidshouse.cz\/index.php\/wp-json\/wp\/v2\/posts"}],"about":[{"href":"https:\/\/kidshouse.cz\/index.php\/wp-json\/wp\/v2\/types\/post"}],"author":[{"embeddable":true,"href":"https:\/\/kidshouse.cz\/index.php\/wp-json\/wp\/v2\/users\/9"}],"replies":[{"embeddable":true,"href":"https:\/\/kidshouse.cz\/index.php\/wp-json\/wp\/v2\/comments?post=6090"}],"version-history":[{"count":4,"href":"https:\/\/kidshouse.cz\/index.php\/wp-json\/wp\/v2\/posts\/6090\/revisions"}],"predecessor-version":[{"id":6096,"href":"https:\/\/kidshouse.cz\/index.php\/wp-json\/wp\/v2\/posts\/6090\/revisions\/6096"}],"wp:featuredmedia":[{"embeddable":true,"href":"https:\/\/kidshouse.cz\/index.php\/wp-json\/wp\/v2\/media\/6092"}],"wp:attachment":[{"href":"https:\/\/kidshouse.cz\/index.php\/wp-json\/wp\/v2\/media?parent=6090"}],"wp:term":[{"taxonomy":"category","embeddable":true,"href":"https:\/\/kidshouse.cz\/index.php\/wp-json\/wp\/v2\/categories?post=6090"},{"taxonomy":"post_tag","embeddable":true,"href":"https:\/\/kidshouse.cz\/index.php\/wp-json\/wp\/v2\/tags?post=6090"}],"curies":[{"name":"wp","href":"https:\/\/api.w.org\/{rel}","templated":true}]}}