{"id":8237,"date":"2026-01-26T00:01:00","date_gmt":"2026-01-25T23:01:00","guid":{"rendered":"https:\/\/kidshouse.cz\/?p=8237"},"modified":"2026-01-26T01:13:26","modified_gmt":"2026-01-26T00:13:26","slug":"vymente-mrazy-za-tropy-prazska-zoo-zve-na-prohlidku-do-ctrnacti-vyhrivanych-pavilonu","status":"publish","type":"post","link":"https:\/\/kidshouse.cz\/index.php\/2026\/01\/26\/vymente-mrazy-za-tropy-prazska-zoo-zve-na-prohlidku-do-ctrnacti-vyhrivanych-pavilonu\/","title":{"rendered":"Vym\u011b\u0148te mrazy za tropy: Pra\u017esk\u00e1 ZOO zve na prohl\u00eddku do \u010dtrn\u00e1cti vyh\u0159\u00edvan\u00fdch pavilon\u016f"},"content":{"rendered":"\n<div style=\"height:35px\" aria-hidden=\"true\" class=\"wp-block-spacer\"><\/div>\n\n\n\n<p class=\"has-medium-font-size\"><strong>Doma m\u016f\u017eete vypnout topen\u00ed a vyrazit do trop\u016f. <a href=\"https:\/\/prazskazoo.cz\/\">Zoo Praha<\/a> nab\u00edz\u00ed v\u00a0zim\u011b vylidn\u011bn\u00fd are\u00e1l a hned 14 vnit\u0159n\u00edch pavilon\u016f. V\u00a0jejich vyh\u0159\u00edvan\u00fdch prostorech je k vid\u011bn\u00ed p\u0159es 250 druh\u016f zv\u00ed\u0159at, co\u017e je v\u00edce ne\u017e t\u0159etina v\u0161ech zde chovan\u00fdch druh\u016f. <\/strong><\/p>\n\n\n\n<p class=\"has-medium-font-size\"><strong>V\u00a0Indon\u00e9sk\u00e9 d\u017eungli se lid\u00e9 projdou mezi voln\u011b \u017eij\u00edc\u00edmi pt\u00e1ky a \u017eelvami, z\u00a0pohodln\u00fdch lavi\u010dek v\u00a0Pavilonu \u0161elem a plaz\u016f lze pozorovat tygry \u010di\u00a0anakondy a v\u00a0Rezervaci Dja si b\u011bhem nekone\u010dn\u00fdch her goril\u00edch ml\u00e1\u010fat odpo\u010dinou v prostorn\u00e9m hledi\u0161ti a t\u0159eba dobij\u00ed sv\u00e9 telefony. N\u011bkde je nav\u00edc mo\u017en\u00e9 spat\u0159it zv\u00ed\u0159ata z\u00a0bezprost\u0159edn\u00ed bl\u00edzkosti pr\u00e1v\u011b jen v\u00a0zim\u011b, nap\u0159\u00edklad ust\u00e1jen\u00e9 zebry a \u017eirafy v\u00a0Africk\u00e9m dom\u011b.<\/strong><\/p>\n\n\n\n<div style=\"height:35px\" aria-hidden=\"true\" class=\"wp-block-spacer\"><\/div>\n\n\n<div class=\"wp-block-image\">\n<figure class=\"aligncenter size-large\"><img decoding=\"async\" src=\"https:\/\/vcentru.cz\/wp-content\/uploads\/2026\/01\/Foto-1_Z09_9559-1024x683.jpg\" alt=\"Vym\u011b\u0148te mrazy za tropy: Pra\u017esk\u00e1 ZOO zve na prohl\u00eddku do \u010dtrn\u00e1cti vyh\u0159\u00edvan\u00fdch pavilon\u016f\" class=\"wp-image-7115\"\/><figcaption class=\"wp-element-caption\"><br><em>Z&nbsp;p\u00e1ru hroch\u016f chovan\u00fdch v&nbsp;Zoo Praha je to p\u0159edev\u0161\u00edm dev\u00edtilet\u00fd samec Tch\u00e9co, kter\u00fd zv\u00eddav\u011b interaguje s n\u00e1v\u0161t\u011bvn\u00edky. Foto Petr Hamern\u00edk, Zoo Praha<\/em><\/figcaption><\/figure><\/div>\n\n\n<div style=\"height:35px\" aria-hidden=\"true\" class=\"wp-block-spacer\"><\/div>\n\n\n\n<p class=\"has-medium-font-size\">N\u00e1v\u0161t\u011bvn\u00edci Zoo Praha si u hlavn\u00edho vchodu mohou vybrat ze dvou tras, je\u017e&nbsp;vedou po pavilonech. Prvn\u00ed z nich m\u00ed\u0159\u00ed p\u0159es Indon\u00e9skou d\u017eungli, Afriku zbl\u00edzka, Pavilony hroch\u016f a slon\u016f a Africk\u00fd d\u016fm a\u017e do Rezervace Dja. Pokud cht\u011bj\u00ed \u0161et\u0159it krok, nab\u00edz\u00ed se za\u010d\u00edt v&nbsp;R\u00e1kosov\u011b pavilonu a pokra\u010dovat doln\u00ed \u010d\u00e1st\u00ed zoo p\u0159es \u010cambal, Se\u010du\u00e1n, Pavilon velk\u00fdch \u017eelv, Centrum M\u00e9fou a Velemlok\u00e1rium a\u017e&nbsp;k&nbsp;Pavilonu \u0161elem a plaz\u016f.<\/p>\n\n\n\n<p class=\"has-medium-font-size\"><strong>Pokud vyraz\u00ed do horn\u00ed \u010d\u00e1sti zoo<\/strong>, mohou za\u010d\u00edt v&nbsp;Indon\u00e9sk\u00e9 d\u017eungli, obrovsk\u00e9m sklen\u00edku s&nbsp;\u0161edes\u00e1ti druhy zv\u00ed\u0159at, kde b\u00fdv\u00e1 p\u0159\u00edjemn\u00fdch 24 stup\u0148\u016f Celsia. Mezi tamn\u00edmi obyvateli nechyb\u00ed nejv\u011bt\u0161\u00ed je\u0161t\u011b\u0159i sv\u011bta, varani komod\u0161t\u00ed, ha\u0161te\u0159iv\u00e1 tlupa makak\u016f vep\u0159\u00edch, rodina orangutan\u016f sumatersk\u00fdch nebo t\u0159eba bizarn\u00ed luskouni kr\u00e1tkoocas\u00ed, kter\u00e9 chovaj\u00ed jen dv\u011b zoo v&nbsp;Evrop\u011b. Pozorovat mohou tak\u00e9 \u201eplivaj\u00edc\u00ed\u201c ryby st\u0159\u00edkouny, p\u00e1r vyder hladkosrst\u00fdch nebo mistryn\u011b maskov\u00e1n\u00ed, bi\u010dovky nosat\u00e9.<\/p>\n\n\n\n<div style=\"height:35px\" aria-hidden=\"true\" class=\"wp-block-spacer\"><\/div>\n\n\n<div class=\"wp-block-image\">\n<figure class=\"aligncenter size-large\"><img decoding=\"async\" src=\"https:\/\/vcentru.cz\/wp-content\/uploads\/2026\/01\/Foto-2_Z09_3191-1024x683.jpg\" alt=\"Vym\u011b\u0148te mrazy za tropy: Pra\u017esk\u00e1 ZOO zve na prohl\u00eddku do \u010dtrn\u00e1cti vyh\u0159\u00edvan\u00fdch pavilon\u016f\" class=\"wp-image-7114\"\/><figcaption class=\"wp-element-caption\"><br><em>Bezm\u00e1la desetilet\u00fd samec gorily n\u00ed\u017einn\u00e9 Ajabu pat\u0159\u00ed k&nbsp;obl\u00edbenc\u016fm n\u00e1v\u0161t\u011bvn\u00edk\u016f v&nbsp;pavilonu Rezervace Dja. Foto Petr Hamern\u00edk, Zoo Praha<\/em><\/figcaption><\/figure><\/div>\n\n\n<div style=\"height:35px\" aria-hidden=\"true\" class=\"wp-block-spacer\"><\/div>\n\n\n\n<p class=\"has-medium-font-size\">V&nbsp;Africe zbl\u00edzka naleznou celou \u0161k\u00e1lu men\u0161\u00edch obratlovc\u016f i bezobratl\u00fdch od lemur\u016f, daman\u016f a b\u00e9rcoun\u016f a\u017e po fascinuj\u00edc\u00ed sb\u00edrku skl\u00edpkan\u016f \u010di kudlanek. V&nbsp;Pavilonu hroch\u016f pozdrav\u00ed samici Maru\u0161ku a samce Tch\u00e9ca a v&nbsp;bl\u00edzk\u00e9m Pavilonu slon\u016f nakouknou mimo jin\u00e9 do z\u00e1zem\u00ed chovu t\u011bchto chobotnatc\u016f. V Africk\u00e9m dom\u011b pak pohl\u00e9dnou p\u0159\u00edmo do tv\u00e1\u0159e zebr\u00e1m Gr\u00e9vyho, kter\u00e9 jinak v&nbsp;l\u00e9t\u011b ob\u00fdvaj\u00ed rozlehl\u00fd v\u00fdb\u011bh. Rezervace Dja s&nbsp;dv\u011bma ml\u00e1\u010faty goril a tak\u00e9 guer\u00e9z je pak skv\u011blou c\u00edlovou destinac\u00ed.<\/p>\n\n\n\n<p class=\"has-medium-font-size\"><strong>P\u0159i volb\u011b druh\u00e9 z&nbsp;nab\u00edzen\u00fdch tras<\/strong> za\u010dnou lid\u00e9 svou n\u00e1v\u0161t\u011bvu mezi papou\u0161ky z&nbsp;cel\u00e9ho sv\u011bta v&nbsp;R\u00e1kosov\u011b pavilonu, prohl\u00e9dnou si prehistoricky vyhl\u00ed\u017eej\u00edc\u00ed krokod\u00fdly gavi\u00e1ly indick\u00e9 v&nbsp;\u010cambalu a obklop\u00ed se hned dvaceti druhy voln\u011b l\u00e9taj\u00edc\u00edch pt\u00e1k\u016f v&nbsp;pavilonu Se\u010du\u00e1n, kter\u00fd slou\u017e\u00ed jako jedna velk\u00e1 pr\u016fchoz\u00ed expozice.<\/p>\n\n\n\n<p class=\"has-medium-font-size\">D\u00e1le p\u0159i sv\u00e9m putov\u00e1n\u00ed nav\u0161t\u00edv\u00ed \u017eelvy slon\u00ed a obrovsk\u00e9 a nevynechaj\u00ed ani sam\u010d\u00ed skupinu goril n\u00ed\u017einn\u00fdch v&nbsp;Centru M\u00e9fou s&nbsp;Richardem, Kiburim a Nuruem. O&nbsp;fin\u00e1le se postaraj\u00ed giganti\u010dt\u00ed velemloci a hned naproti Pavilon \u0161elem a plaz\u016f, kde je k&nbsp;vid\u011bn\u00ed t\u0159eba loni p\u0159\u00edchoz\u00ed tygr sumatersk\u00fd Achilles a na t\u0159icet druh\u016f had\u016f, je\u0161t\u011br\u016f a \u017eelv.<\/p>\n\n\n\n<div style=\"height:35px\" aria-hidden=\"true\" class=\"wp-block-spacer\"><\/div>\n\n\n<div class=\"wp-block-image\">\n<figure class=\"aligncenter size-large\"><img decoding=\"async\" src=\"https:\/\/vcentru.cz\/wp-content\/uploads\/2026\/01\/Foto-3_DSC09501-1024x683.jpg\" alt=\"Vym\u011b\u0148te mrazy za tropy: Pra\u017esk\u00e1 ZOO zve na prohl\u00eddku do \u010dtrn\u00e1cti vyh\u0159\u00edvan\u00fdch pavilon\u016f\" class=\"wp-image-7116\"\/><figcaption class=\"wp-element-caption\"><br><em>Zebry Gr\u00e9vyho ust\u00e1jen\u00e9 v&nbsp;Africk\u00e9m dom\u011b jsou nejv\u011bt\u0161\u00edm druhem zebry. Pohl\u00e9dnout jim zbl\u00edzka do tv\u00e1\u0159e mohou n\u00e1v\u0161t\u011bvn\u00edci Zoo Praha pr\u00e1v\u011b jen v&nbsp;zimn\u00edm obdob\u00ed. Foto Oliver Le Que, Zoo Praha<\/em><\/figcaption><\/figure><\/div>\n\n\n<div style=\"height:35px\" aria-hidden=\"true\" class=\"wp-block-spacer\"><\/div>\n\n\n\n<p class=\"has-medium-font-size\"><strong>Zoo Praha je v&nbsp;lednu a \u00fanoru otev\u0159en\u00e1 od 9 do 16 hodin.<\/strong> Nejlep\u0161\u00edm zp\u016fsobem koup\u011b vstupenky je p\u0159es mobiln\u00ed aplikaci Zoo Praha. Nejen\u017ee je <strong>e-vstupenka levn\u011bj\u0161\u00ed <\/strong>ne\u017e na pokladn\u011b a&nbsp;umo\u017en\u00ed zam\u00ed\u0159it rovnou k&nbsp;turniket\u016fm, ale sou\u010dasn\u011b <strong>nab\u00edz\u00ed aplikace interaktivn\u00ed mapu are\u00e1lu<\/strong>, <strong>lexikon zv\u00ed\u0159at \u010di harmonogram komentovan\u00fdch krmen\u00ed a&nbsp;setk\u00e1n\u00ed.<\/strong> Ty prob\u00edhaj\u00ed v&nbsp;zimn\u00ed sez\u00f3n\u011b v\u017edy v&nbsp;sobotu a ned\u011bli.<\/p>\n\n\n\n<div style=\"height:35px\" aria-hidden=\"true\" class=\"wp-block-spacer\"><\/div>\n\n\n\n<p class=\"has-medium-font-size\"><a href=\"https:\/\/www.zoopraha.cz\">https:\/\/www.zoopraha.cz<\/a><\/p>\n\n\n\n<div style=\"height:100px\" aria-hidden=\"true\" class=\"wp-block-spacer\"><\/div>\n\n\n\n<figure class=\"wp-block-gallery has-nested-images columns-2 is-cropped wp-block-gallery-1 is-layout-flex wp-block-gallery-is-layout-flex\">\n<figure class=\"wp-block-image size-large\"><img decoding=\"async\" data-id=\"7115\" src=\"https:\/\/vcentru.cz\/wp-content\/uploads\/2026\/01\/Foto-1_Z09_9559-1024x683.jpg\" alt=\"Vym\u011b\u0148te mrazy za tropy: Pra\u017esk\u00e1 ZOO zve na prohl\u00eddku do \u010dtrn\u00e1cti vyh\u0159\u00edvan\u00fdch pavilon\u016f\" class=\"wp-image-7115\"\/><\/figure>\n\n\n\n<figure class=\"wp-block-image size-large\"><img decoding=\"async\" data-id=\"7114\" src=\"https:\/\/vcentru.cz\/wp-content\/uploads\/2026\/01\/Foto-2_Z09_3191-1024x683.jpg\" alt=\"Vym\u011b\u0148te mrazy za tropy: Pra\u017esk\u00e1 ZOO zve na prohl\u00eddku do \u010dtrn\u00e1cti vyh\u0159\u00edvan\u00fdch pavilon\u016f\" class=\"wp-image-7114\"\/><\/figure>\n\n\n\n<figure class=\"wp-block-image size-large\"><img decoding=\"async\" data-id=\"7116\" src=\"https:\/\/vcentru.cz\/wp-content\/uploads\/2026\/01\/Foto-3_DSC09501-1024x683.jpg\" alt=\"Vym\u011b\u0148te mrazy za tropy: Pra\u017esk\u00e1 ZOO zve na prohl\u00eddku do \u010dtrn\u00e1cti vyh\u0159\u00edvan\u00fdch pavilon\u016f\" class=\"wp-image-7116\"\/><\/figure>\n<\/figure>\n\n\n\n<div style=\"height:35px\" aria-hidden=\"true\" class=\"wp-block-spacer\"><\/div>\n\n\n\n<p class=\"has-medium-font-size\"><strong>Zdroj foto:&nbsp;<\/strong>Zoo Praha<\/p>\n\n\n\n<div style=\"height:65px\" aria-hidden=\"true\" class=\"wp-block-spacer\"><\/div>\n","protected":false},"excerpt":{"rendered":"<p>Doma m\u016f\u017eete vypnout topen\u00ed a vyrazit do trop\u016f. Zoo Praha nab\u00edz\u00ed v\u00a0zim\u011b vylidn\u011bn\u00fd are\u00e1l a hned 14 vnit\u0159n\u00edch pavilon\u016f. V\u00a0jejich vyh\u0159\u00edvan\u00fdch prostorech je k vid\u011bn\u00ed p\u0159es 250 druh\u016f zv\u00ed\u0159at, co\u017e je v\u00edce ne\u017e t\u0159etina&#46;&#46;&#46;<\/p>\n","protected":false},"author":11,"featured_media":8238,"comment_status":"closed","ping_status":"closed","sticky":false,"template":"","format":"standard","meta":{"_monsterinsights_skip_tracking":false,"_monsterinsights_sitenote_active":false,"_monsterinsights_sitenote_note":"","_monsterinsights_sitenote_category":0,"footnotes":""},"categories":[2,84,9],"tags":[],"yoast_head":"<!-- This site is optimized with the Yoast SEO plugin v21.5 - https:\/\/yoast.com\/wordpress\/plugins\/seo\/ -->\n<title>Vym\u011b\u0148te mrazy za tropy: Pra\u017esk\u00e1 ZOO zve na prohl\u00eddku do \u010dtrn\u00e1cti vyh\u0159\u00edvan\u00fdch pavilon\u016f - KIDSHOUSE.cz<\/title>\n<meta name=\"description\" content=\"Doma m\u016f\u017eete vypnout topen\u00ed a vyrazit do trop\u016f. Zoo Praha nab\u00edz\u00ed v\u00a0zim\u011b vylidn\u011bn\u00fd are\u00e1l a hned 14 vnit\u0159n\u00edch pavilon\u016f. V\u00a0jejich vyh\u0159\u00edvan\u00fdch\" \/>\n<meta name=\"robots\" content=\"index, follow, max-snippet:-1, max-image-preview:large, max-video-preview:-1\" \/>\n<link rel=\"canonical\" href=\"https:\/\/kidshouse.cz\/index.php\/2026\/01\/26\/vymente-mrazy-za-tropy-prazska-zoo-zve-na-prohlidku-do-ctrnacti-vyhrivanych-pavilonu\/\" \/>\n<meta property=\"og:locale\" content=\"cs_CZ\" \/>\n<meta property=\"og:type\" content=\"article\" \/>\n<meta property=\"og:title\" content=\"Vym\u011b\u0148te mrazy za tropy: Pra\u017esk\u00e1 ZOO zve na prohl\u00eddku do \u010dtrn\u00e1cti vyh\u0159\u00edvan\u00fdch pavilon\u016f - KIDSHOUSE.cz\" \/>\n<meta property=\"og:description\" content=\"Doma m\u016f\u017eete vypnout topen\u00ed a vyrazit do trop\u016f. Zoo Praha nab\u00edz\u00ed v\u00a0zim\u011b vylidn\u011bn\u00fd are\u00e1l a hned 14 vnit\u0159n\u00edch pavilon\u016f. V\u00a0jejich vyh\u0159\u00edvan\u00fdch\" \/>\n<meta property=\"og:url\" content=\"https:\/\/kidshouse.cz\/index.php\/2026\/01\/26\/vymente-mrazy-za-tropy-prazska-zoo-zve-na-prohlidku-do-ctrnacti-vyhrivanych-pavilonu\/\" \/>\n<meta property=\"og:site_name\" content=\"KIDSHOUSE.cz\" \/>\n<meta property=\"article:published_time\" content=\"2026-01-25T23:01:00+00:00\" \/>\n<meta property=\"article:modified_time\" content=\"2026-01-26T00:13:26+00:00\" \/>\n<meta property=\"og:image\" content=\"https:\/\/kidshouse.cz\/wp-content\/uploads\/2026\/01\/Foto-3_DSC09501.jpg\" \/>\n\t<meta property=\"og:image:width\" content=\"1450\" \/>\n\t<meta property=\"og:image:height\" content=\"967\" \/>\n\t<meta property=\"og:image:type\" content=\"image\/jpeg\" \/>\n<meta name=\"author\" content=\"Helen Guardian\" \/>\n<meta name=\"twitter:card\" content=\"summary_large_image\" \/>\n<meta name=\"twitter:label1\" content=\"Napsal(a)\" \/>\n\t<meta name=\"twitter:data1\" content=\"Helen Guardian\" \/>\n\t<meta name=\"twitter:label2\" content=\"Odhadovan\u00e1 doba \u010dten\u00ed\" \/>\n\t<meta name=\"twitter:data2\" content=\"5 minut\" \/>\n<script type=\"application\/ld+json\" class=\"yoast-schema-graph\">{\"@context\":\"https:\/\/schema.org\",\"@graph\":[{\"@type\":\"Article\",\"@id\":\"https:\/\/kidshouse.cz\/index.php\/2026\/01\/26\/vymente-mrazy-za-tropy-prazska-zoo-zve-na-prohlidku-do-ctrnacti-vyhrivanych-pavilonu\/#article\",\"isPartOf\":{\"@id\":\"https:\/\/kidshouse.cz\/index.php\/2026\/01\/26\/vymente-mrazy-za-tropy-prazska-zoo-zve-na-prohlidku-do-ctrnacti-vyhrivanych-pavilonu\/\"},\"author\":{\"name\":\"Helen Guardian\",\"@id\":\"https:\/\/kidshouse.cz\/#\/schema\/person\/6376d4ec155fd95c4a3550e437d022f7\"},\"headline\":\"Vym\u011b\u0148te mrazy za tropy: Pra\u017esk\u00e1 ZOO zve na prohl\u00eddku do \u010dtrn\u00e1cti vyh\u0159\u00edvan\u00fdch pavilon\u016f\",\"datePublished\":\"2026-01-25T23:01:00+00:00\",\"dateModified\":\"2026-01-26T00:13:26+00:00\",\"mainEntityOfPage\":{\"@id\":\"https:\/\/kidshouse.cz\/index.php\/2026\/01\/26\/vymente-mrazy-za-tropy-prazska-zoo-zve-na-prohlidku-do-ctrnacti-vyhrivanych-pavilonu\/\"},\"wordCount\":817,\"publisher\":{\"@id\":\"https:\/\/kidshouse.cz\/#organization\"},\"articleSection\":[\"NEWS\",\"PRA\u017dSK\u00c1 ZOO\",\"TIPY\"],\"inLanguage\":\"cs\"},{\"@type\":\"WebPage\",\"@id\":\"https:\/\/kidshouse.cz\/index.php\/2026\/01\/26\/vymente-mrazy-za-tropy-prazska-zoo-zve-na-prohlidku-do-ctrnacti-vyhrivanych-pavilonu\/\",\"url\":\"https:\/\/kidshouse.cz\/index.php\/2026\/01\/26\/vymente-mrazy-za-tropy-prazska-zoo-zve-na-prohlidku-do-ctrnacti-vyhrivanych-pavilonu\/\",\"name\":\"Vym\u011b\u0148te mrazy za tropy: Pra\u017esk\u00e1 ZOO zve na prohl\u00eddku do \u010dtrn\u00e1cti vyh\u0159\u00edvan\u00fdch pavilon\u016f - KIDSHOUSE.cz\",\"isPartOf\":{\"@id\":\"https:\/\/kidshouse.cz\/#website\"},\"datePublished\":\"2026-01-25T23:01:00+00:00\",\"dateModified\":\"2026-01-26T00:13:26+00:00\",\"description\":\"Doma m\u016f\u017eete vypnout topen\u00ed a vyrazit do trop\u016f. Zoo Praha nab\u00edz\u00ed v\u00a0zim\u011b vylidn\u011bn\u00fd are\u00e1l a hned 14 vnit\u0159n\u00edch pavilon\u016f. V\u00a0jejich vyh\u0159\u00edvan\u00fdch\",\"breadcrumb\":{\"@id\":\"https:\/\/kidshouse.cz\/index.php\/2026\/01\/26\/vymente-mrazy-za-tropy-prazska-zoo-zve-na-prohlidku-do-ctrnacti-vyhrivanych-pavilonu\/#breadcrumb\"},\"inLanguage\":\"cs\",\"potentialAction\":[{\"@type\":\"ReadAction\",\"target\":[\"https:\/\/kidshouse.cz\/index.php\/2026\/01\/26\/vymente-mrazy-za-tropy-prazska-zoo-zve-na-prohlidku-do-ctrnacti-vyhrivanych-pavilonu\/\"]}]},{\"@type\":\"BreadcrumbList\",\"@id\":\"https:\/\/kidshouse.cz\/index.php\/2026\/01\/26\/vymente-mrazy-za-tropy-prazska-zoo-zve-na-prohlidku-do-ctrnacti-vyhrivanych-pavilonu\/#breadcrumb\",\"itemListElement\":[{\"@type\":\"ListItem\",\"position\":1,\"name\":\"Dom\u016f\",\"item\":\"https:\/\/kidshouse.cz\/\"},{\"@type\":\"ListItem\",\"position\":2,\"name\":\"Vym\u011b\u0148te mrazy za tropy: Pra\u017esk\u00e1 ZOO zve na prohl\u00eddku do \u010dtrn\u00e1cti vyh\u0159\u00edvan\u00fdch pavilon\u016f\"}]},{\"@type\":\"WebSite\",\"@id\":\"https:\/\/kidshouse.cz\/#website\",\"url\":\"https:\/\/kidshouse.cz\/\",\"name\":\"KIDSHOUSE.cz\",\"description\":\"Port\u00e1l pro d\u011bti a jejich rodi\u010de...\",\"publisher\":{\"@id\":\"https:\/\/kidshouse.cz\/#organization\"},\"potentialAction\":[{\"@type\":\"SearchAction\",\"target\":{\"@type\":\"EntryPoint\",\"urlTemplate\":\"https:\/\/kidshouse.cz\/?s={search_term_string}\"},\"query-input\":\"required name=search_term_string\"}],\"inLanguage\":\"cs\"},{\"@type\":\"Organization\",\"@id\":\"https:\/\/kidshouse.cz\/#organization\",\"name\":\"KIDSHOUSE.cz\",\"url\":\"https:\/\/kidshouse.cz\/\",\"logo\":{\"@type\":\"ImageObject\",\"inLanguage\":\"cs\",\"@id\":\"https:\/\/kidshouse.cz\/#\/schema\/logo\/image\/\",\"url\":\"https:\/\/kidshouse.cz\/wp-content\/uploads\/2020\/06\/Logo_KIDSHOUSE_2.jpg\",\"contentUrl\":\"https:\/\/kidshouse.cz\/wp-content\/uploads\/2020\/06\/Logo_KIDSHOUSE_2.jpg\",\"width\":996,\"height\":357,\"caption\":\"KIDSHOUSE.cz\"},\"image\":{\"@id\":\"https:\/\/kidshouse.cz\/#\/schema\/logo\/image\/\"}},{\"@type\":\"Person\",\"@id\":\"https:\/\/kidshouse.cz\/#\/schema\/person\/6376d4ec155fd95c4a3550e437d022f7\",\"name\":\"Helen Guardian\",\"image\":{\"@type\":\"ImageObject\",\"inLanguage\":\"cs\",\"@id\":\"https:\/\/kidshouse.cz\/#\/schema\/person\/image\/\",\"url\":\"https:\/\/secure.gravatar.com\/avatar\/f62c76287ccbbd3f899549a169c0e6aa?s=96&d=mm&r=g\",\"contentUrl\":\"https:\/\/secure.gravatar.com\/avatar\/f62c76287ccbbd3f899549a169c0e6aa?s=96&d=mm&r=g\",\"caption\":\"Helen Guardian\"},\"sameAs\":[\"http:\/\/KIDSHOUSE.cz\"],\"url\":\"https:\/\/kidshouse.cz\/index.php\/author\/helgu\/\"}]}<\/script>\n<!-- \/ Yoast SEO plugin. -->","yoast_head_json":{"title":"Vym\u011b\u0148te mrazy za tropy: Pra\u017esk\u00e1 ZOO zve na prohl\u00eddku do \u010dtrn\u00e1cti vyh\u0159\u00edvan\u00fdch pavilon\u016f - KIDSHOUSE.cz","description":"Doma m\u016f\u017eete vypnout topen\u00ed a vyrazit do trop\u016f. Zoo Praha nab\u00edz\u00ed v\u00a0zim\u011b vylidn\u011bn\u00fd are\u00e1l a hned 14 vnit\u0159n\u00edch pavilon\u016f. V\u00a0jejich vyh\u0159\u00edvan\u00fdch","robots":{"index":"index","follow":"follow","max-snippet":"max-snippet:-1","max-image-preview":"max-image-preview:large","max-video-preview":"max-video-preview:-1"},"canonical":"https:\/\/kidshouse.cz\/index.php\/2026\/01\/26\/vymente-mrazy-za-tropy-prazska-zoo-zve-na-prohlidku-do-ctrnacti-vyhrivanych-pavilonu\/","og_locale":"cs_CZ","og_type":"article","og_title":"Vym\u011b\u0148te mrazy za tropy: Pra\u017esk\u00e1 ZOO zve na prohl\u00eddku do \u010dtrn\u00e1cti vyh\u0159\u00edvan\u00fdch pavilon\u016f - KIDSHOUSE.cz","og_description":"Doma m\u016f\u017eete vypnout topen\u00ed a vyrazit do trop\u016f. Zoo Praha nab\u00edz\u00ed v\u00a0zim\u011b vylidn\u011bn\u00fd are\u00e1l a hned 14 vnit\u0159n\u00edch pavilon\u016f. V\u00a0jejich vyh\u0159\u00edvan\u00fdch","og_url":"https:\/\/kidshouse.cz\/index.php\/2026\/01\/26\/vymente-mrazy-za-tropy-prazska-zoo-zve-na-prohlidku-do-ctrnacti-vyhrivanych-pavilonu\/","og_site_name":"KIDSHOUSE.cz","article_published_time":"2026-01-25T23:01:00+00:00","article_modified_time":"2026-01-26T00:13:26+00:00","og_image":[{"width":1450,"height":967,"url":"https:\/\/kidshouse.cz\/wp-content\/uploads\/2026\/01\/Foto-3_DSC09501.jpg","type":"image\/jpeg"}],"author":"Helen Guardian","twitter_card":"summary_large_image","twitter_misc":{"Napsal(a)":"Helen Guardian","Odhadovan\u00e1 doba \u010dten\u00ed":"5 minut"},"schema":{"@context":"https:\/\/schema.org","@graph":[{"@type":"Article","@id":"https:\/\/kidshouse.cz\/index.php\/2026\/01\/26\/vymente-mrazy-za-tropy-prazska-zoo-zve-na-prohlidku-do-ctrnacti-vyhrivanych-pavilonu\/#article","isPartOf":{"@id":"https:\/\/kidshouse.cz\/index.php\/2026\/01\/26\/vymente-mrazy-za-tropy-prazska-zoo-zve-na-prohlidku-do-ctrnacti-vyhrivanych-pavilonu\/"},"author":{"name":"Helen Guardian","@id":"https:\/\/kidshouse.cz\/#\/schema\/person\/6376d4ec155fd95c4a3550e437d022f7"},"headline":"Vym\u011b\u0148te mrazy za tropy: Pra\u017esk\u00e1 ZOO zve na prohl\u00eddku do \u010dtrn\u00e1cti vyh\u0159\u00edvan\u00fdch pavilon\u016f","datePublished":"2026-01-25T23:01:00+00:00","dateModified":"2026-01-26T00:13:26+00:00","mainEntityOfPage":{"@id":"https:\/\/kidshouse.cz\/index.php\/2026\/01\/26\/vymente-mrazy-za-tropy-prazska-zoo-zve-na-prohlidku-do-ctrnacti-vyhrivanych-pavilonu\/"},"wordCount":817,"publisher":{"@id":"https:\/\/kidshouse.cz\/#organization"},"articleSection":["NEWS","PRA\u017dSK\u00c1 ZOO","TIPY"],"inLanguage":"cs"},{"@type":"WebPage","@id":"https:\/\/kidshouse.cz\/index.php\/2026\/01\/26\/vymente-mrazy-za-tropy-prazska-zoo-zve-na-prohlidku-do-ctrnacti-vyhrivanych-pavilonu\/","url":"https:\/\/kidshouse.cz\/index.php\/2026\/01\/26\/vymente-mrazy-za-tropy-prazska-zoo-zve-na-prohlidku-do-ctrnacti-vyhrivanych-pavilonu\/","name":"Vym\u011b\u0148te mrazy za tropy: Pra\u017esk\u00e1 ZOO zve na prohl\u00eddku do \u010dtrn\u00e1cti vyh\u0159\u00edvan\u00fdch pavilon\u016f - KIDSHOUSE.cz","isPartOf":{"@id":"https:\/\/kidshouse.cz\/#website"},"datePublished":"2026-01-25T23:01:00+00:00","dateModified":"2026-01-26T00:13:26+00:00","description":"Doma m\u016f\u017eete vypnout topen\u00ed a vyrazit do trop\u016f. Zoo Praha nab\u00edz\u00ed v\u00a0zim\u011b vylidn\u011bn\u00fd are\u00e1l a hned 14 vnit\u0159n\u00edch pavilon\u016f. V\u00a0jejich vyh\u0159\u00edvan\u00fdch","breadcrumb":{"@id":"https:\/\/kidshouse.cz\/index.php\/2026\/01\/26\/vymente-mrazy-za-tropy-prazska-zoo-zve-na-prohlidku-do-ctrnacti-vyhrivanych-pavilonu\/#breadcrumb"},"inLanguage":"cs","potentialAction":[{"@type":"ReadAction","target":["https:\/\/kidshouse.cz\/index.php\/2026\/01\/26\/vymente-mrazy-za-tropy-prazska-zoo-zve-na-prohlidku-do-ctrnacti-vyhrivanych-pavilonu\/"]}]},{"@type":"BreadcrumbList","@id":"https:\/\/kidshouse.cz\/index.php\/2026\/01\/26\/vymente-mrazy-za-tropy-prazska-zoo-zve-na-prohlidku-do-ctrnacti-vyhrivanych-pavilonu\/#breadcrumb","itemListElement":[{"@type":"ListItem","position":1,"name":"Dom\u016f","item":"https:\/\/kidshouse.cz\/"},{"@type":"ListItem","position":2,"name":"Vym\u011b\u0148te mrazy za tropy: Pra\u017esk\u00e1 ZOO zve na prohl\u00eddku do \u010dtrn\u00e1cti vyh\u0159\u00edvan\u00fdch pavilon\u016f"}]},{"@type":"WebSite","@id":"https:\/\/kidshouse.cz\/#website","url":"https:\/\/kidshouse.cz\/","name":"KIDSHOUSE.cz","description":"Port\u00e1l pro d\u011bti a jejich rodi\u010de...","publisher":{"@id":"https:\/\/kidshouse.cz\/#organization"},"potentialAction":[{"@type":"SearchAction","target":{"@type":"EntryPoint","urlTemplate":"https:\/\/kidshouse.cz\/?s={search_term_string}"},"query-input":"required name=search_term_string"}],"inLanguage":"cs"},{"@type":"Organization","@id":"https:\/\/kidshouse.cz\/#organization","name":"KIDSHOUSE.cz","url":"https:\/\/kidshouse.cz\/","logo":{"@type":"ImageObject","inLanguage":"cs","@id":"https:\/\/kidshouse.cz\/#\/schema\/logo\/image\/","url":"https:\/\/kidshouse.cz\/wp-content\/uploads\/2020\/06\/Logo_KIDSHOUSE_2.jpg","contentUrl":"https:\/\/kidshouse.cz\/wp-content\/uploads\/2020\/06\/Logo_KIDSHOUSE_2.jpg","width":996,"height":357,"caption":"KIDSHOUSE.cz"},"image":{"@id":"https:\/\/kidshouse.cz\/#\/schema\/logo\/image\/"}},{"@type":"Person","@id":"https:\/\/kidshouse.cz\/#\/schema\/person\/6376d4ec155fd95c4a3550e437d022f7","name":"Helen Guardian","image":{"@type":"ImageObject","inLanguage":"cs","@id":"https:\/\/kidshouse.cz\/#\/schema\/person\/image\/","url":"https:\/\/secure.gravatar.com\/avatar\/f62c76287ccbbd3f899549a169c0e6aa?s=96&d=mm&r=g","contentUrl":"https:\/\/secure.gravatar.com\/avatar\/f62c76287ccbbd3f899549a169c0e6aa?s=96&d=mm&r=g","caption":"Helen Guardian"},"sameAs":["http:\/\/KIDSHOUSE.cz"],"url":"https:\/\/kidshouse.cz\/index.php\/author\/helgu\/"}]}},"_links":{"self":[{"href":"https:\/\/kidshouse.cz\/index.php\/wp-json\/wp\/v2\/posts\/8237"}],"collection":[{"href":"https:\/\/kidshouse.cz\/index.php\/wp-json\/wp\/v2\/posts"}],"about":[{"href":"https:\/\/kidshouse.cz\/index.php\/wp-json\/wp\/v2\/types\/post"}],"author":[{"embeddable":true,"href":"https:\/\/kidshouse.cz\/index.php\/wp-json\/wp\/v2\/users\/11"}],"replies":[{"embeddable":true,"href":"https:\/\/kidshouse.cz\/index.php\/wp-json\/wp\/v2\/comments?post=8237"}],"version-history":[{"count":2,"href":"https:\/\/kidshouse.cz\/index.php\/wp-json\/wp\/v2\/posts\/8237\/revisions"}],"predecessor-version":[{"id":8243,"href":"https:\/\/kidshouse.cz\/index.php\/wp-json\/wp\/v2\/posts\/8237\/revisions\/8243"}],"wp:featuredmedia":[{"embeddable":true,"href":"https:\/\/kidshouse.cz\/index.php\/wp-json\/wp\/v2\/media\/8238"}],"wp:attachment":[{"href":"https:\/\/kidshouse.cz\/index.php\/wp-json\/wp\/v2\/media?parent=8237"}],"wp:term":[{"taxonomy":"category","embeddable":true,"href":"https:\/\/kidshouse.cz\/index.php\/wp-json\/wp\/v2\/categories?post=8237"},{"taxonomy":"post_tag","embeddable":true,"href":"https:\/\/kidshouse.cz\/index.php\/wp-json\/wp\/v2\/tags?post=8237"}],"curies":[{"name":"wp","href":"https:\/\/api.w.org\/{rel}","templated":true}]}}