{"id":8342,"date":"2026-03-12T00:01:00","date_gmt":"2026-03-11T23:01:00","guid":{"rendered":"https:\/\/kidshouse.cz\/?p=8342"},"modified":"2026-03-06T00:25:31","modified_gmt":"2026-03-05T23:25:31","slug":"historicky-zlom-v-chovu-ziraf-prazska-zoo-zacala-s-pravidelnym-veterinarnim-treninkem-mlade-johanky","status":"publish","type":"post","link":"https:\/\/kidshouse.cz\/index.php\/2026\/03\/12\/historicky-zlom-v-chovu-ziraf-prazska-zoo-zacala-s-pravidelnym-veterinarnim-treninkem-mlade-johanky\/","title":{"rendered":"Historick\u00fd zlom v chovu \u017eiraf: Pra\u017esk\u00e1 Zoo za\u010dala s pravideln\u00fdm veterin\u00e1rn\u00edm tr\u00e9ninkem mlad\u00e9 Johanky"},"content":{"rendered":"\n<div style=\"height:35px\" aria-hidden=\"true\" class=\"wp-block-spacer\"><\/div>\n\n\n\n<p class=\"has-medium-font-size\"><strong>\u017dirafa severn\u00ed n\u00fabijsk\u00e1 zvan\u00e1 Johanka nov\u011b tr\u00e9nuje veterin\u00e1rn\u00ed prohl\u00eddku. Jde o prvn\u00ed \u017eirafu v&nbsp;Zoo Praha, se kterou chovatel\u00e9 denn\u011b cvi\u010d\u00ed. Vyu\u017e\u00edvaj\u00ed k&nbsp;tomu tzv. target, pamlsky v&nbsp;podob\u011b \u017eiraf\u00edch su\u0161enek a&nbsp;tak\u00e9 mladickou povahu rok a p\u016fl star\u00e9ho zv\u00ed\u0159ete. N\u00e1v\u0161t\u011bvn\u00edci Africk\u00e9ho domu mohou pravideln\u00fd tr\u00e9nink spat\u0159it na vlastn\u00ed o\u010di. Co se zd\u00e1 jako samo\u00fa\u010deln\u00e9 hlazen\u00ed, je ve skute\u010dnosti sofistikovanou metodou.<\/strong><\/p>\n\n\n\n<div style=\"height:35px\" aria-hidden=\"true\" class=\"wp-block-spacer\"><\/div>\n\n\n<div class=\"wp-block-image\">\n<figure class=\"aligncenter size-large\"><img decoding=\"async\" src=\"https:\/\/vcentru.cz\/wp-content\/uploads\/2026\/03\/Foto-1_Z09_5251_export-1024x576.jpg\" alt=\"Historick\u00fd zlom v chovu \u017eiraf: Pra\u017esk\u00e1 Zoo za\u010dala s pravideln\u00fdm veterin\u00e1rn\u00edm tr\u00e9ninkem mlad\u00e9 Johanky\" class=\"wp-image-7822\" \/><figcaption class=\"wp-element-caption\"><br><em>D\u016fle\u017eit\u00e1 je kontrola tlamy, kterou mohou m\u00edt \u017eirafy ob\u010das poran\u011bnou pot\u00e9, co&nbsp;se&nbsp;mezi sebou p\u0159etahuj\u00ed o v\u011btv\u011b. Foto&nbsp;Petr&nbsp;Hamern\u00edk, Zoo Praha<\/em><\/figcaption><\/figure><\/div>\n\n\n<div style=\"height:35px\" aria-hidden=\"true\" class=\"wp-block-spacer\"><\/div>\n\n\n\n<p class=\"has-medium-font-size\">\u201e<em>U\u017e nyn\u00ed si Johanka nech\u00e1 s\u00e1hnout na hlavu a zkontrolovat o\u010di, u\u0161i, r\u016f\u017eky a tlamu. Na n\u00e1\u0161 target, kter\u00fd tvo\u0159\u00ed kr\u00e1tk\u00e1 n\u00e1sada s modr\u00fdm bal\u00f3nkem, se nau\u010dila kladn\u011b reagovat. Spojila si jeho p\u0159\u00edtomnost a doprovodn\u00e9 kliknut\u00ed klikru s&nbsp;pamlsky a n\u00e1m to umo\u017e\u0148uje ji nap\u0159\u00edklad dostat na v\u00e1hu,\u201c <\/em>\u0159\u00edk\u00e1 vrchn\u00ed chovatel Ale\u0161 Dole\u017eal.<\/p>\n\n\n\n<p class=\"has-medium-font-size\">A\u010dkoliv je mlad\u00e1 \u017eirafa u\u010denliv\u00e1, k\u00fd\u017een\u00fd c\u00edl je je\u0161t\u011b daleko. T\u00edm je v\u00fdhledov\u011b odb\u011br krve z&nbsp;kr\u010dn\u00ed \u017e\u00edly. S&nbsp;ohledem na v\u00fd\u0161ku t\u011bchto kopytn\u00edk\u016f by dobrovoln\u00fd zp\u016fsob podm\u00edn\u011bn\u00fd pozitivn\u00ed motivac\u00ed u\u0161et\u0159il stres spojen\u00fd s&nbsp;nutnou anestezi\u00ed \u017eiraf\u011b i&nbsp;pracovn\u00edk\u016fm zoologick\u00e9 zahrady.<\/p>\n\n\n\n<div style=\"height:35px\" aria-hidden=\"true\" class=\"wp-block-spacer\"><\/div>\n\n\n<div class=\"wp-block-image\">\n<figure class=\"aligncenter size-large\"><img decoding=\"async\" src=\"https:\/\/vcentru.cz\/wp-content\/uploads\/2026\/03\/Foto-2_Z09_5214_export-1024x683.jpg\" alt=\"Historick\u00fd zlom v chovu \u017eiraf: Pra\u017esk\u00e1 Zoo za\u010dala s pravideln\u00fdm veterin\u00e1rn\u00edm tr\u00e9ninkem mlad\u00e9 Johanky\" class=\"wp-image-7823\" \/><figcaption class=\"wp-element-caption\"><br><em>Zat\u00edmco target a pamlsky \u017eirafu zam\u011bstnaj\u00ed, druh\u00fd chovatel j\u00ed m\u016f\u017ee zkontrolovat o\u010di a u\u0161i kv\u016fli z\u00e1n\u011bt\u016fm \u010di r\u016f\u017eky kv\u016fli ob\u010dasn\u00fdm od\u0159enin\u00e1m. Foto&nbsp;Petr&nbsp;Hamern\u00edk, Zoo Praha<\/em><\/figcaption><\/figure><\/div>\n\n\n<div style=\"height:35px\" aria-hidden=\"true\" class=\"wp-block-spacer\"><\/div>\n\n\n\n<p class=\"has-medium-font-size\"><a><\/a> \u201e<em>D\u0159\u00edve jsem se staral o slony, kte\u0159\u00ed jsou vn\u00edmav\u011bj\u0161\u00ed, m\u00e9n\u011b konzervativn\u00ed. S \u017eirafami je pr\u00e1ce odli\u0161n\u00e1, proto\u017ee jsou to ve skute\u010dnosti velmi plach\u00e1 zv\u00ed\u0159ata, jejich\u017e d\u016fv\u011bru si \u010dlov\u011bk z\u00edsk\u00e1v\u00e1 celkem pomalu,\u201c <\/em>dopl\u0148uje Dole\u017eal. Za\u010d\u00edt cvi\u010dit s&nbsp;\u017eirafou je podle n\u011bj dobr\u00e9 v&nbsp;n\u00edzk\u00e9m v\u011bku. Mlad\u00e1 zv\u00ed\u0159ata jsou m\u00e9n\u011b obez\u0159etn\u00e1 a otev\u0159en\u011bj\u0161\u00ed novot\u00e1m.<\/p>\n\n\n\n<div style=\"height:35px\" aria-hidden=\"true\" class=\"wp-block-spacer\"><\/div>\n\n\n<div class=\"wp-block-image\">\n<figure class=\"aligncenter size-large\"><img decoding=\"async\" src=\"https:\/\/vcentru.cz\/wp-content\/uploads\/2026\/03\/Foto-3_Z09_5332_export-1024x683.jpg\" alt=\"Historick\u00fd zlom v chovu \u017eiraf: Pra\u017esk\u00e1 Zoo za\u010dala s pravideln\u00fdm veterin\u00e1rn\u00edm tr\u00e9ninkem mlad\u00e9 Johanky\" class=\"wp-image-7824\" \/><figcaption class=\"wp-element-caption\"><br><em>Je pozoruhodn\u00e9, \u017ee bezm\u00e1la \u0161estn\u00e1ctilet\u00e1 \u017eirafa Nsia (na sn\u00edmku v&nbsp;pozad\u00ed) si&nbsp;b\u011bhem Johan\u010dina tr\u00e9ninku patrn\u011b rozpomn\u011bla na sv\u016fj vlastn\u00ed a nyn\u00ed k&nbsp;chovatel\u016fm na target rovn\u011b\u017e p\u0159ich\u00e1z\u00ed. Nsia toti\u017e poch\u00e1z\u00ed z&nbsp;anglick\u00e9 Marwell Zoo, kde s&nbsp;n\u00ed v&nbsp;ml\u00e1d\u00ed pravideln\u011b tr\u00e9novali. Na sn\u00edmku je zleva vrchn\u00ed chovatel Ale\u0161 Dole\u017eal a chovatel Daniel Jan\u010da\u0159\u00edk. Foto Petr Hamern\u00edk, Zoo Praha<\/em><\/figcaption><\/figure><\/div>\n\n\n<div style=\"height:35px\" aria-hidden=\"true\" class=\"wp-block-spacer\"><\/div>\n\n\n\n<p class=\"has-medium-font-size\">St\u00e1do \u017eiraf severn\u00edch n\u00fabijsk\u00fdch spat\u0159\u00ed lid\u00e9 v&nbsp;t\u011bchto dnech sp\u00ed\u0161 ve vnit\u0159n\u00ed expozici Africk\u00e9ho domu. Nen\u00ed v\u0161ak v\u00fdjimkou, \u017ee i v&nbsp;zimn\u00edm obdob\u00ed vych\u00e1z\u00ed sedmi\u010dlenn\u00e9 st\u00e1do na proch\u00e1zky do rozlehl\u00e9ho v\u00fdb\u011bhu. Pokud je bezv\u011bt\u0159\u00ed, slune\u010dn\u00e9 po\u010das\u00ed a&nbsp;nehroz\u00ed ledovka, ned\u011blaj\u00ed \u017eiraf\u00e1m ani teploty lehce nad nulou sebemen\u0161\u00ed probl\u00e9m.<\/p>\n\n\n\n<div style=\"height:35px\" aria-hidden=\"true\" class=\"wp-block-spacer\"><\/div>\n\n\n\n<p class=\"has-medium-font-size\"><a href=\"https:\/\/www.zoopraha.cz\">https:\/\/www.zoopraha.cz<\/a><\/p>\n\n\n\n<div style=\"height:100px\" aria-hidden=\"true\" class=\"wp-block-spacer\"><\/div>\n\n\n\n<figure class=\"wp-block-gallery has-nested-images columns-2 is-cropped wp-block-gallery-1 is-layout-flex wp-block-gallery-is-layout-flex\">\n<figure class=\"wp-block-image size-large\"><img decoding=\"async\" data-id=\"7822\" src=\"https:\/\/vcentru.cz\/wp-content\/uploads\/2026\/03\/Foto-1_Z09_5251_export-1024x576.jpg\" alt=\"Historick\u00fd zlom v chovu \u017eiraf: Pra\u017esk\u00e1 Zoo za\u010dala s pravideln\u00fdm veterin\u00e1rn\u00edm tr\u00e9ninkem mlad\u00e9 Johanky\" class=\"wp-image-7822\" \/><\/figure>\n\n\n\n<figure class=\"wp-block-image size-large\"><img decoding=\"async\" data-id=\"7823\" src=\"https:\/\/vcentru.cz\/wp-content\/uploads\/2026\/03\/Foto-2_Z09_5214_export-1024x683.jpg\" alt=\"Historick\u00fd zlom v chovu \u017eiraf: Pra\u017esk\u00e1 Zoo za\u010dala s pravideln\u00fdm veterin\u00e1rn\u00edm tr\u00e9ninkem mlad\u00e9 Johanky\" class=\"wp-image-7823\" \/><\/figure>\n\n\n\n<figure class=\"wp-block-image size-large\"><img decoding=\"async\" data-id=\"7824\" src=\"https:\/\/vcentru.cz\/wp-content\/uploads\/2026\/03\/Foto-3_Z09_5332_export-1024x683.jpg\" alt=\"Historick\u00fd zlom v chovu \u017eiraf: Pra\u017esk\u00e1 Zoo za\u010dala s pravideln\u00fdm veterin\u00e1rn\u00edm tr\u00e9ninkem mlad\u00e9 Johanky\" class=\"wp-image-7824\" \/><\/figure>\n<\/figure>\n\n\n\n<div style=\"height:35px\" aria-hidden=\"true\" class=\"wp-block-spacer\"><\/div>\n\n\n\n<p class=\"has-medium-font-size\"><strong>Zdroj foto:<\/strong>&nbsp;ZOO PRAHA<\/p>\n\n\n\n<div style=\"height:65px\" aria-hidden=\"true\" class=\"wp-block-spacer\"><\/div>\n","protected":false},"excerpt":{"rendered":"<p>\u017dirafa severn\u00ed n\u00fabijsk\u00e1 zvan\u00e1 Johanka nov\u011b tr\u00e9nuje veterin\u00e1rn\u00ed prohl\u00eddku. Jde o prvn\u00ed \u017eirafu v&nbsp;Zoo Praha, se kterou chovatel\u00e9 denn\u011b cvi\u010d\u00ed. Vyu\u017e\u00edvaj\u00ed k&nbsp;tomu tzv. target, pamlsky v&nbsp;podob\u011b \u017eiraf\u00edch su\u0161enek a&nbsp;tak\u00e9 mladickou povahu rok a p\u016fl&#46;&#46;&#46;<\/p>\n","protected":false},"author":11,"featured_media":8343,"comment_status":"closed","ping_status":"closed","sticky":false,"template":"","format":"standard","meta":{"_monsterinsights_skip_tracking":false,"_monsterinsights_sitenote_active":false,"_monsterinsights_sitenote_note":"","_monsterinsights_sitenote_category":0,"footnotes":""},"categories":[2,84],"tags":[],"yoast_head":"<!-- This site is optimized with the Yoast SEO plugin v21.5 - https:\/\/yoast.com\/wordpress\/plugins\/seo\/ -->\n<title>Historick\u00fd zlom v chovu \u017eiraf: Pra\u017esk\u00e1 Zoo za\u010dala s pravideln\u00fdm veterin\u00e1rn\u00edm tr\u00e9ninkem mlad\u00e9 Johanky - KIDSHOUSE.cz<\/title>\n<meta name=\"description\" content=\"\u017dirafa severn\u00ed n\u00fabijsk\u00e1 zvan\u00e1 Johanka nov\u011b tr\u00e9nuje veterin\u00e1rn\u00ed prohl\u00eddku. Jde o prvn\u00ed \u017eirafu v\u00a0Zoo Praha, se kterou chovatel\u00e9 denn\u011b cvi\u010d\u00ed.\" \/>\n<meta name=\"robots\" content=\"index, follow, max-snippet:-1, max-image-preview:large, max-video-preview:-1\" \/>\n<link rel=\"canonical\" href=\"https:\/\/kidshouse.cz\/index.php\/2026\/03\/12\/historicky-zlom-v-chovu-ziraf-prazska-zoo-zacala-s-pravidelnym-veterinarnim-treninkem-mlade-johanky\/\" \/>\n<meta property=\"og:locale\" content=\"cs_CZ\" \/>\n<meta property=\"og:type\" content=\"article\" \/>\n<meta property=\"og:title\" content=\"Historick\u00fd zlom v chovu \u017eiraf: Pra\u017esk\u00e1 Zoo za\u010dala s pravideln\u00fdm veterin\u00e1rn\u00edm tr\u00e9ninkem mlad\u00e9 Johanky - KIDSHOUSE.cz\" \/>\n<meta property=\"og:description\" content=\"\u017dirafa severn\u00ed n\u00fabijsk\u00e1 zvan\u00e1 Johanka nov\u011b tr\u00e9nuje veterin\u00e1rn\u00ed prohl\u00eddku. Jde o prvn\u00ed \u017eirafu v\u00a0Zoo Praha, se kterou chovatel\u00e9 denn\u011b cvi\u010d\u00ed.\" \/>\n<meta property=\"og:url\" content=\"https:\/\/kidshouse.cz\/index.php\/2026\/03\/12\/historicky-zlom-v-chovu-ziraf-prazska-zoo-zacala-s-pravidelnym-veterinarnim-treninkem-mlade-johanky\/\" \/>\n<meta property=\"og:site_name\" content=\"KIDSHOUSE.cz\" \/>\n<meta property=\"article:published_time\" content=\"2026-03-11T23:01:00+00:00\" \/>\n<meta property=\"article:modified_time\" content=\"2026-03-05T23:25:31+00:00\" \/>\n<meta property=\"og:image\" content=\"https:\/\/kidshouse.cz\/wp-content\/uploads\/2026\/03\/Foto-3_Z09_5332_export.jpg\" \/>\n\t<meta property=\"og:image:width\" content=\"1450\" \/>\n\t<meta property=\"og:image:height\" content=\"967\" \/>\n\t<meta property=\"og:image:type\" content=\"image\/jpeg\" \/>\n<meta name=\"author\" content=\"Helen Guardian\" \/>\n<meta name=\"twitter:card\" content=\"summary_large_image\" \/>\n<meta name=\"twitter:label1\" content=\"Napsal(a)\" \/>\n\t<meta name=\"twitter:data1\" content=\"Helen Guardian\" \/>\n\t<meta name=\"twitter:label2\" content=\"Odhadovan\u00e1 doba \u010dten\u00ed\" \/>\n\t<meta name=\"twitter:data2\" content=\"4 minuty\" \/>\n<script type=\"application\/ld+json\" class=\"yoast-schema-graph\">{\"@context\":\"https:\/\/schema.org\",\"@graph\":[{\"@type\":\"Article\",\"@id\":\"https:\/\/kidshouse.cz\/index.php\/2026\/03\/12\/historicky-zlom-v-chovu-ziraf-prazska-zoo-zacala-s-pravidelnym-veterinarnim-treninkem-mlade-johanky\/#article\",\"isPartOf\":{\"@id\":\"https:\/\/kidshouse.cz\/index.php\/2026\/03\/12\/historicky-zlom-v-chovu-ziraf-prazska-zoo-zacala-s-pravidelnym-veterinarnim-treninkem-mlade-johanky\/\"},\"author\":{\"name\":\"Helen Guardian\",\"@id\":\"https:\/\/kidshouse.cz\/#\/schema\/person\/6376d4ec155fd95c4a3550e437d022f7\"},\"headline\":\"Historick\u00fd zlom v chovu \u017eiraf: Pra\u017esk\u00e1 Zoo za\u010dala s pravideln\u00fdm veterin\u00e1rn\u00edm tr\u00e9ninkem mlad\u00e9 Johanky\",\"datePublished\":\"2026-03-11T23:01:00+00:00\",\"dateModified\":\"2026-03-05T23:25:31+00:00\",\"mainEntityOfPage\":{\"@id\":\"https:\/\/kidshouse.cz\/index.php\/2026\/03\/12\/historicky-zlom-v-chovu-ziraf-prazska-zoo-zacala-s-pravidelnym-veterinarnim-treninkem-mlade-johanky\/\"},\"wordCount\":566,\"publisher\":{\"@id\":\"https:\/\/kidshouse.cz\/#organization\"},\"articleSection\":[\"NEWS\",\"PRA\u017dSK\u00c1 ZOO\"],\"inLanguage\":\"cs\"},{\"@type\":\"WebPage\",\"@id\":\"https:\/\/kidshouse.cz\/index.php\/2026\/03\/12\/historicky-zlom-v-chovu-ziraf-prazska-zoo-zacala-s-pravidelnym-veterinarnim-treninkem-mlade-johanky\/\",\"url\":\"https:\/\/kidshouse.cz\/index.php\/2026\/03\/12\/historicky-zlom-v-chovu-ziraf-prazska-zoo-zacala-s-pravidelnym-veterinarnim-treninkem-mlade-johanky\/\",\"name\":\"Historick\u00fd zlom v chovu \u017eiraf: Pra\u017esk\u00e1 Zoo za\u010dala s pravideln\u00fdm veterin\u00e1rn\u00edm tr\u00e9ninkem mlad\u00e9 Johanky - KIDSHOUSE.cz\",\"isPartOf\":{\"@id\":\"https:\/\/kidshouse.cz\/#website\"},\"datePublished\":\"2026-03-11T23:01:00+00:00\",\"dateModified\":\"2026-03-05T23:25:31+00:00\",\"description\":\"\u017dirafa severn\u00ed n\u00fabijsk\u00e1 zvan\u00e1 Johanka nov\u011b tr\u00e9nuje veterin\u00e1rn\u00ed prohl\u00eddku. Jde o prvn\u00ed \u017eirafu v\u00a0Zoo Praha, se kterou chovatel\u00e9 denn\u011b cvi\u010d\u00ed.\",\"breadcrumb\":{\"@id\":\"https:\/\/kidshouse.cz\/index.php\/2026\/03\/12\/historicky-zlom-v-chovu-ziraf-prazska-zoo-zacala-s-pravidelnym-veterinarnim-treninkem-mlade-johanky\/#breadcrumb\"},\"inLanguage\":\"cs\",\"potentialAction\":[{\"@type\":\"ReadAction\",\"target\":[\"https:\/\/kidshouse.cz\/index.php\/2026\/03\/12\/historicky-zlom-v-chovu-ziraf-prazska-zoo-zacala-s-pravidelnym-veterinarnim-treninkem-mlade-johanky\/\"]}]},{\"@type\":\"BreadcrumbList\",\"@id\":\"https:\/\/kidshouse.cz\/index.php\/2026\/03\/12\/historicky-zlom-v-chovu-ziraf-prazska-zoo-zacala-s-pravidelnym-veterinarnim-treninkem-mlade-johanky\/#breadcrumb\",\"itemListElement\":[{\"@type\":\"ListItem\",\"position\":1,\"name\":\"Dom\u016f\",\"item\":\"https:\/\/kidshouse.cz\/\"},{\"@type\":\"ListItem\",\"position\":2,\"name\":\"Historick\u00fd zlom v chovu \u017eiraf: Pra\u017esk\u00e1 Zoo za\u010dala s pravideln\u00fdm veterin\u00e1rn\u00edm tr\u00e9ninkem mlad\u00e9 Johanky\"}]},{\"@type\":\"WebSite\",\"@id\":\"https:\/\/kidshouse.cz\/#website\",\"url\":\"https:\/\/kidshouse.cz\/\",\"name\":\"KIDSHOUSE.cz\",\"description\":\"Port\u00e1l pro d\u011bti a jejich rodi\u010de...\",\"publisher\":{\"@id\":\"https:\/\/kidshouse.cz\/#organization\"},\"potentialAction\":[{\"@type\":\"SearchAction\",\"target\":{\"@type\":\"EntryPoint\",\"urlTemplate\":\"https:\/\/kidshouse.cz\/?s={search_term_string}\"},\"query-input\":\"required name=search_term_string\"}],\"inLanguage\":\"cs\"},{\"@type\":\"Organization\",\"@id\":\"https:\/\/kidshouse.cz\/#organization\",\"name\":\"KIDSHOUSE.cz\",\"url\":\"https:\/\/kidshouse.cz\/\",\"logo\":{\"@type\":\"ImageObject\",\"inLanguage\":\"cs\",\"@id\":\"https:\/\/kidshouse.cz\/#\/schema\/logo\/image\/\",\"url\":\"https:\/\/kidshouse.cz\/wp-content\/uploads\/2020\/06\/Logo_KIDSHOUSE_2.jpg\",\"contentUrl\":\"https:\/\/kidshouse.cz\/wp-content\/uploads\/2020\/06\/Logo_KIDSHOUSE_2.jpg\",\"width\":996,\"height\":357,\"caption\":\"KIDSHOUSE.cz\"},\"image\":{\"@id\":\"https:\/\/kidshouse.cz\/#\/schema\/logo\/image\/\"}},{\"@type\":\"Person\",\"@id\":\"https:\/\/kidshouse.cz\/#\/schema\/person\/6376d4ec155fd95c4a3550e437d022f7\",\"name\":\"Helen Guardian\",\"image\":{\"@type\":\"ImageObject\",\"inLanguage\":\"cs\",\"@id\":\"https:\/\/kidshouse.cz\/#\/schema\/person\/image\/\",\"url\":\"https:\/\/secure.gravatar.com\/avatar\/f62c76287ccbbd3f899549a169c0e6aa?s=96&d=mm&r=g\",\"contentUrl\":\"https:\/\/secure.gravatar.com\/avatar\/f62c76287ccbbd3f899549a169c0e6aa?s=96&d=mm&r=g\",\"caption\":\"Helen Guardian\"},\"sameAs\":[\"http:\/\/KIDSHOUSE.cz\"],\"url\":\"https:\/\/kidshouse.cz\/index.php\/author\/helgu\/\"}]}<\/script>\n<!-- \/ Yoast SEO plugin. -->","yoast_head_json":{"title":"Historick\u00fd zlom v chovu \u017eiraf: Pra\u017esk\u00e1 Zoo za\u010dala s pravideln\u00fdm veterin\u00e1rn\u00edm tr\u00e9ninkem mlad\u00e9 Johanky - KIDSHOUSE.cz","description":"\u017dirafa severn\u00ed n\u00fabijsk\u00e1 zvan\u00e1 Johanka nov\u011b tr\u00e9nuje veterin\u00e1rn\u00ed prohl\u00eddku. Jde o prvn\u00ed \u017eirafu v\u00a0Zoo Praha, se kterou chovatel\u00e9 denn\u011b cvi\u010d\u00ed.","robots":{"index":"index","follow":"follow","max-snippet":"max-snippet:-1","max-image-preview":"max-image-preview:large","max-video-preview":"max-video-preview:-1"},"canonical":"https:\/\/kidshouse.cz\/index.php\/2026\/03\/12\/historicky-zlom-v-chovu-ziraf-prazska-zoo-zacala-s-pravidelnym-veterinarnim-treninkem-mlade-johanky\/","og_locale":"cs_CZ","og_type":"article","og_title":"Historick\u00fd zlom v chovu \u017eiraf: Pra\u017esk\u00e1 Zoo za\u010dala s pravideln\u00fdm veterin\u00e1rn\u00edm tr\u00e9ninkem mlad\u00e9 Johanky - KIDSHOUSE.cz","og_description":"\u017dirafa severn\u00ed n\u00fabijsk\u00e1 zvan\u00e1 Johanka nov\u011b tr\u00e9nuje veterin\u00e1rn\u00ed prohl\u00eddku. Jde o prvn\u00ed \u017eirafu v\u00a0Zoo Praha, se kterou chovatel\u00e9 denn\u011b cvi\u010d\u00ed.","og_url":"https:\/\/kidshouse.cz\/index.php\/2026\/03\/12\/historicky-zlom-v-chovu-ziraf-prazska-zoo-zacala-s-pravidelnym-veterinarnim-treninkem-mlade-johanky\/","og_site_name":"KIDSHOUSE.cz","article_published_time":"2026-03-11T23:01:00+00:00","article_modified_time":"2026-03-05T23:25:31+00:00","og_image":[{"width":1450,"height":967,"url":"https:\/\/kidshouse.cz\/wp-content\/uploads\/2026\/03\/Foto-3_Z09_5332_export.jpg","type":"image\/jpeg"}],"author":"Helen Guardian","twitter_card":"summary_large_image","twitter_misc":{"Napsal(a)":"Helen Guardian","Odhadovan\u00e1 doba \u010dten\u00ed":"4 minuty"},"schema":{"@context":"https:\/\/schema.org","@graph":[{"@type":"Article","@id":"https:\/\/kidshouse.cz\/index.php\/2026\/03\/12\/historicky-zlom-v-chovu-ziraf-prazska-zoo-zacala-s-pravidelnym-veterinarnim-treninkem-mlade-johanky\/#article","isPartOf":{"@id":"https:\/\/kidshouse.cz\/index.php\/2026\/03\/12\/historicky-zlom-v-chovu-ziraf-prazska-zoo-zacala-s-pravidelnym-veterinarnim-treninkem-mlade-johanky\/"},"author":{"name":"Helen Guardian","@id":"https:\/\/kidshouse.cz\/#\/schema\/person\/6376d4ec155fd95c4a3550e437d022f7"},"headline":"Historick\u00fd zlom v chovu \u017eiraf: Pra\u017esk\u00e1 Zoo za\u010dala s pravideln\u00fdm veterin\u00e1rn\u00edm tr\u00e9ninkem mlad\u00e9 Johanky","datePublished":"2026-03-11T23:01:00+00:00","dateModified":"2026-03-05T23:25:31+00:00","mainEntityOfPage":{"@id":"https:\/\/kidshouse.cz\/index.php\/2026\/03\/12\/historicky-zlom-v-chovu-ziraf-prazska-zoo-zacala-s-pravidelnym-veterinarnim-treninkem-mlade-johanky\/"},"wordCount":566,"publisher":{"@id":"https:\/\/kidshouse.cz\/#organization"},"articleSection":["NEWS","PRA\u017dSK\u00c1 ZOO"],"inLanguage":"cs"},{"@type":"WebPage","@id":"https:\/\/kidshouse.cz\/index.php\/2026\/03\/12\/historicky-zlom-v-chovu-ziraf-prazska-zoo-zacala-s-pravidelnym-veterinarnim-treninkem-mlade-johanky\/","url":"https:\/\/kidshouse.cz\/index.php\/2026\/03\/12\/historicky-zlom-v-chovu-ziraf-prazska-zoo-zacala-s-pravidelnym-veterinarnim-treninkem-mlade-johanky\/","name":"Historick\u00fd zlom v chovu \u017eiraf: Pra\u017esk\u00e1 Zoo za\u010dala s pravideln\u00fdm veterin\u00e1rn\u00edm tr\u00e9ninkem mlad\u00e9 Johanky - KIDSHOUSE.cz","isPartOf":{"@id":"https:\/\/kidshouse.cz\/#website"},"datePublished":"2026-03-11T23:01:00+00:00","dateModified":"2026-03-05T23:25:31+00:00","description":"\u017dirafa severn\u00ed n\u00fabijsk\u00e1 zvan\u00e1 Johanka nov\u011b tr\u00e9nuje veterin\u00e1rn\u00ed prohl\u00eddku. Jde o prvn\u00ed \u017eirafu v\u00a0Zoo Praha, se kterou chovatel\u00e9 denn\u011b cvi\u010d\u00ed.","breadcrumb":{"@id":"https:\/\/kidshouse.cz\/index.php\/2026\/03\/12\/historicky-zlom-v-chovu-ziraf-prazska-zoo-zacala-s-pravidelnym-veterinarnim-treninkem-mlade-johanky\/#breadcrumb"},"inLanguage":"cs","potentialAction":[{"@type":"ReadAction","target":["https:\/\/kidshouse.cz\/index.php\/2026\/03\/12\/historicky-zlom-v-chovu-ziraf-prazska-zoo-zacala-s-pravidelnym-veterinarnim-treninkem-mlade-johanky\/"]}]},{"@type":"BreadcrumbList","@id":"https:\/\/kidshouse.cz\/index.php\/2026\/03\/12\/historicky-zlom-v-chovu-ziraf-prazska-zoo-zacala-s-pravidelnym-veterinarnim-treninkem-mlade-johanky\/#breadcrumb","itemListElement":[{"@type":"ListItem","position":1,"name":"Dom\u016f","item":"https:\/\/kidshouse.cz\/"},{"@type":"ListItem","position":2,"name":"Historick\u00fd zlom v chovu \u017eiraf: Pra\u017esk\u00e1 Zoo za\u010dala s pravideln\u00fdm veterin\u00e1rn\u00edm tr\u00e9ninkem mlad\u00e9 Johanky"}]},{"@type":"WebSite","@id":"https:\/\/kidshouse.cz\/#website","url":"https:\/\/kidshouse.cz\/","name":"KIDSHOUSE.cz","description":"Port\u00e1l pro d\u011bti a jejich rodi\u010de...","publisher":{"@id":"https:\/\/kidshouse.cz\/#organization"},"potentialAction":[{"@type":"SearchAction","target":{"@type":"EntryPoint","urlTemplate":"https:\/\/kidshouse.cz\/?s={search_term_string}"},"query-input":"required name=search_term_string"}],"inLanguage":"cs"},{"@type":"Organization","@id":"https:\/\/kidshouse.cz\/#organization","name":"KIDSHOUSE.cz","url":"https:\/\/kidshouse.cz\/","logo":{"@type":"ImageObject","inLanguage":"cs","@id":"https:\/\/kidshouse.cz\/#\/schema\/logo\/image\/","url":"https:\/\/kidshouse.cz\/wp-content\/uploads\/2020\/06\/Logo_KIDSHOUSE_2.jpg","contentUrl":"https:\/\/kidshouse.cz\/wp-content\/uploads\/2020\/06\/Logo_KIDSHOUSE_2.jpg","width":996,"height":357,"caption":"KIDSHOUSE.cz"},"image":{"@id":"https:\/\/kidshouse.cz\/#\/schema\/logo\/image\/"}},{"@type":"Person","@id":"https:\/\/kidshouse.cz\/#\/schema\/person\/6376d4ec155fd95c4a3550e437d022f7","name":"Helen Guardian","image":{"@type":"ImageObject","inLanguage":"cs","@id":"https:\/\/kidshouse.cz\/#\/schema\/person\/image\/","url":"https:\/\/secure.gravatar.com\/avatar\/f62c76287ccbbd3f899549a169c0e6aa?s=96&d=mm&r=g","contentUrl":"https:\/\/secure.gravatar.com\/avatar\/f62c76287ccbbd3f899549a169c0e6aa?s=96&d=mm&r=g","caption":"Helen Guardian"},"sameAs":["http:\/\/KIDSHOUSE.cz"],"url":"https:\/\/kidshouse.cz\/index.php\/author\/helgu\/"}]}},"_links":{"self":[{"href":"https:\/\/kidshouse.cz\/index.php\/wp-json\/wp\/v2\/posts\/8342"}],"collection":[{"href":"https:\/\/kidshouse.cz\/index.php\/wp-json\/wp\/v2\/posts"}],"about":[{"href":"https:\/\/kidshouse.cz\/index.php\/wp-json\/wp\/v2\/types\/post"}],"author":[{"embeddable":true,"href":"https:\/\/kidshouse.cz\/index.php\/wp-json\/wp\/v2\/users\/11"}],"replies":[{"embeddable":true,"href":"https:\/\/kidshouse.cz\/index.php\/wp-json\/wp\/v2\/comments?post=8342"}],"version-history":[{"count":1,"href":"https:\/\/kidshouse.cz\/index.php\/wp-json\/wp\/v2\/posts\/8342\/revisions"}],"predecessor-version":[{"id":8344,"href":"https:\/\/kidshouse.cz\/index.php\/wp-json\/wp\/v2\/posts\/8342\/revisions\/8344"}],"wp:featuredmedia":[{"embeddable":true,"href":"https:\/\/kidshouse.cz\/index.php\/wp-json\/wp\/v2\/media\/8343"}],"wp:attachment":[{"href":"https:\/\/kidshouse.cz\/index.php\/wp-json\/wp\/v2\/media?parent=8342"}],"wp:term":[{"taxonomy":"category","embeddable":true,"href":"https:\/\/kidshouse.cz\/index.php\/wp-json\/wp\/v2\/categories?post=8342"},{"taxonomy":"post_tag","embeddable":true,"href":"https:\/\/kidshouse.cz\/index.php\/wp-json\/wp\/v2\/tags?post=8342"}],"curies":[{"name":"wp","href":"https:\/\/api.w.org\/{rel}","templated":true}]}}